{"id":598,"date":"2026-01-20T11:50:54","date_gmt":"2026-01-20T11:50:54","guid":{"rendered":"https:\/\/lifevery.biz.ua\/?p=598"},"modified":"2026-01-20T11:50:54","modified_gmt":"2026-01-20T11:50:54","slug":"wladze-polski-2050-zdecydowaly-w-sprawie-wyborow","status":"publish","type":"post","link":"https:\/\/lifevery.biz.ua\/?p=598","title":{"rendered":"W\u0142adze Polski 2050 zdecydowa\u0142y w sprawie wybor\u00f3w"},"content":{"rendered":"\n<p><strong>Rada Krajowa Polski 2050 zdecydowa\u0142a, \u017ce druga tura wewn\u0119trznych wybor\u00f3w na przewodnicz\u0105c\u0105 partii zostanie powt\u00f3rzona. Odb\u0119dzie si\u0119 do 31 stycznia.<\/strong><\/p>\n\n\n\n<p>Rada Krajowa Polski 2050 wznowi\u0142a posiedzenie w poniedzia\u0142ek po po\u0142udniu. Obradowa\u0142a w sprawie przysz\u0142o\u015bci procesu wyborczego na przewodnicz\u0105cego partii.<\/p>\n\n\n\n<p>Po kilku godzinach og\u0142oszono decyzj\u0119. Jak poinformowa\u0142 pose\u0142 tej partii Marcin Skonieczka w serwisie X, &#8220;Rada Krajowa Polski 2050 Szymona Ho\u0142owni podj\u0119\u0142a decyzj\u0119 o powt\u00f3rzeniu II tury g\u0142osowania na Przewodnicz\u0105c\u0105 Partii&#8221;. &#8220;G\u0142osowanie zostanie przeprowadzone do dnia 31 stycznia 2026 roku&#8221; &#8211; przekaza\u0142.<\/p>\n\n\n\n<p><\/p>\n\n\n\n<p>We wpisie na profilu partii dodano, \u017ce &#8220;do 7 lutego zbierze si\u0119 Rada Krajowa, podczas kt\u00f3rej wybrany zostanie Zarz\u0105d Krajowy&#8221;.<\/p>\n\n\n\n<p><\/p>\n\n\n\n<p><\/p>\n\n\n\n<h2 class=\"wp-block-heading\">Uniewa\u017cniona druga tura wybor\u00f3w na szefa partii<\/h2>\n\n\n\n<p>Polska 2050 tydzie\u0144 temu wybiera\u0142a swoj\u0105 przewodnicz\u0105c\u0105 w drugiej turze wybor\u00f3w. Wyniki &#8211; wbrew zapowiedzi &#8211; nie zosta\u0142y og\u0142oszone wieczorem, nied\u0142ugo po zako\u0144czeniu g\u0142osowania.<\/p>\n\n\n\n<p> ze wzgl\u0119du na problemy techniczne. W zwi\u0105zku z odwo\u0142aniem drugiej tury wybor\u00f3w, w pi\u0105tek p\u00f3\u017anym popo\u0142udniem zebra\u0142a si\u0119 Rada Krajowa Polski 2050, kt\u00f3ra mia\u0142a podj\u0105\u0107 decyzj\u0119 co do przysz\u0142o\u015bci procesu wyborczego.<\/p>\n\n\n\n<figure class=\"wp-block-image\"><img decoding=\"async\" src=\"https:\/\/tvn24.pl\/_e\/i\/najnowsze\/cdn-zdjecie-4215648-szymon-holownia-ph8712199\/alternates\/WEBP_LANDSCAPE_320\" alt=\"&quot;Brak ch\u0119ci&quot; u\u00a0Ho\u0142owni. Petru o\u00a0kulisach obrad w\u00a0Polsce 2050\"\/><\/figure>\n\n\n\n<p>DOWIEDZ SI\u0118 WI\u0118CEJ:<\/p>\n\n\n\n<p><a href=\"https:\/\/tvn24.pl\/polska\/brak-checi-na-start-szymona-holowni-ryszard-petru-o-obradach-wladz-polski-2050-st8854302\"><\/a><\/p>\n\n\n\n<h3 class=\"wp-block-heading\"><\/h3>\n\n\n\n<p>Wed\u0142ug ustale\u0144 Patryka Michalskiego z TVN24+ za\u0142o\u017cyciel partii i dotychczasowy jej lider <a href=\"https:\/\/tvn24.pl\/tagi\/Szymon_Ho%C5%82ownia\">Szymon Ho\u0142ownia<\/a> po kilku godzinach obrad mia\u0142 wylogowa\u0107 si\u0119 ze spotkania prowadzonego w formule online, argumentuj\u0105c, \u017ce jest zm\u0119czony. Ostatecznie zarz\u0105dzona zosta\u0142a przerwa w obradach do poniedzia\u0142ku.<\/p>\n\n\n\n<p>Jak dowiedzia\u0142 si\u0119&nbsp;Patryk Michalski, w trakcie obrad Ho\u0142ownia mia\u0142 opowiedzie\u0107 si\u0119 za powt\u00f3rzeniem ca\u0142o\u015bci wybor\u00f3w i wyrazi\u0107 gotowo\u015b\u0107 do startu w nich.<\/p>\n\n\n\n<p>OGL\u0104DAJ: TVN24 HD<\/p>\n\n\n\n<figure class=\"wp-block-image\"><img decoding=\"async\" src=\"https:\/\/tvn24.pl\/_e\/i\/plus\/na-zywo\/cdn-zdjecie-3281881-pc-ph8642582\/alternates\/WEBP_LANDSCAPE_1024\" alt=\"pc\"\/><\/figure>\n\n\n\n<p><a href=\"https:\/\/kup.tvn24.pl\/oferta\/rekomendowane?ab_nuvi_zoltan=ga&amp;redirect_uri=https%3A%2F%2Ftvn24.pl%2Fpolska%2Fwladze-polski-2050-zdecydowaly-w-sprawie-wyborow-st8857274&amp;source_tests=0&amp;source_type=other&amp;source=PrzyciskEmbedWideo\">Ten i inne materia\u0142y obejrzysz w subskrypcji<\/a><\/p>\n\n\n\n<p>Autorka\/Autor:&nbsp;sz\/ads<\/p>\n","protected":false},"excerpt":{"rendered":"Rada Krajowa Polski 2050 zdecydowa\u0142a, \u017ce druga tura wewn\u0119trznych wybor\u00f3w na przewodnicz\u0105c\u0105 partii zostanie powt\u00f3rzona. Odb\u0119dzie si\u0119 do 31 stycznia. Rada Krajowa Polski \n<a class=\"moretag\" href=\"https:\/\/lifevery.biz.ua\/?p=598\"> [...]<\/a>","protected":false},"author":1,"featured_media":599,"comment_status":"open","ping_status":"open","sticky":false,"template":"","format":"standard","meta":{"footnotes":""},"categories":[1],"tags":[],"class_list":["post-598","post","type-post","status-publish","format-standard","has-post-thumbnail","hentry","category-blog"],"_links":{"self":[{"href":"https:\/\/lifevery.biz.ua\/index.php?rest_route=\/wp\/v2\/posts\/598","targetHints":{"allow":["GET"]}}],"collection":[{"href":"https:\/\/lifevery.biz.ua\/index.php?rest_route=\/wp\/v2\/posts"}],"about":[{"href":"https:\/\/lifevery.biz.ua\/index.php?rest_route=\/wp\/v2\/types\/post"}],"author":[{"embeddable":true,"href":"https:\/\/lifevery.biz.ua\/index.php?rest_route=\/wp\/v2\/users\/1"}],"replies":[{"embeddable":true,"href":"https:\/\/lifevery.biz.ua\/index.php?rest_route=%2Fwp%2Fv2%2Fcomments&post=598"}],"version-history":[{"count":1,"href":"https:\/\/lifevery.biz.ua\/index.php?rest_route=\/wp\/v2\/posts\/598\/revisions"}],"predecessor-version":[{"id":600,"href":"https:\/\/lifevery.biz.ua\/index.php?rest_route=\/wp\/v2\/posts\/598\/revisions\/600"}],"wp:featuredmedia":[{"embeddable":true,"href":"https:\/\/lifevery.biz.ua\/index.php?rest_route=\/wp\/v2\/media\/599"}],"wp:attachment":[{"href":"https:\/\/lifevery.biz.ua\/index.php?rest_route=%2Fwp%2Fv2%2Fmedia&parent=598"}],"wp:term":[{"taxonomy":"category","embeddable":true,"href":"https:\/\/lifevery.biz.ua\/index.php?rest_route=%2Fwp%2Fv2%2Fcategories&post=598"},{"taxonomy":"post_tag","embeddable":true,"href":"https:\/\/lifevery.biz.ua\/index.php?rest_route=%2Fwp%2Fv2%2Ftags&post=598"}],"curies":[{"name":"wp","href":"https:\/\/api.w.org\/{rel}","templated":true}]}}