{"id":5952,"date":"2026-03-18T21:26:30","date_gmt":"2026-03-18T21:26:30","guid":{"rendered":"https:\/\/lifevery.biz.ua\/?p=5952"},"modified":"2026-03-18T21:26:30","modified_gmt":"2026-03-18T21:26:30","slug":"doszlo-do-pozaru-infrastruktury-wojskowej-wojsko-opublikowalo-wazny-komunikat","status":"publish","type":"post","link":"https:\/\/lifevery.biz.ua\/?p=5952","title":{"rendered":"Dosz\u0142o do po\u017caru infrastruktury wojskowej. Wojsko opublikowa\u0142o wa\u017cny komunikat"},"content":{"rendered":"\n<p>We wtorkowy wiecz\u00f3r, 9 grudnia 2025 roku, mieszka\u0144cy Gdyni z niepokojem spogl\u0105dali w stron\u0119 portu na Oksywiu. Nad terenem strategicznej bazy Marynarki Wojennej unosi\u0142y si\u0119 k\u0142\u0119by g\u0119stego, czarnego dymu, widoczne z wielu punkt\u00f3w Tr\u00f3jmiasta. Sytuacja wygl\u0105da\u0142a gro\u017anie, dlatego s\u0142uzby natychmiast ruszy\u0142y do akcji.<\/p>\n\n\n\n<p>Chwile grozy w strategicznym punkcie<br>Zg\u0142oszenie o po\u017carze wp\u0142yn\u0119\u0142o do s\u0142u\u017cb ratunkowych we wtorek w godzinach wieczornych. Ogie\u0144 pojawi\u0142 si\u0119 na terenie Portu Wojennego Gdynia-Oksywie, kt\u00f3ry jest jednym z najwa\u017cniejszych obiekt\u00f3w obronnych na polskim wybrze\u017cu. To w\u0142a\u015bnie tam stacjonuj\u0105 g\u0142\u00f3wne si\u0142y uderzeniowe i obronne polskiej floty.<\/p>\n\n\n\n<p>Widok ognia i dymu w tak newralgicznym miejscu natychmiast wywo\u0142a\u0142 fal\u0119 spekulacji. W mediach spo\u0142eczno\u015bciowych zacz\u0119\u0142y pojawia\u0107 si\u0119 zdj\u0119cia i nagrania zaniepokojonych \u015bwiadk\u00f3w, kt\u00f3rzy obawiali si\u0119, \u017ce po\u017car mo\u017ce zagra\u017ca\u0107 magazynom uzbrojenia lub zacumowanym przy nabrze\u017cu okr\u0119tom.<br><\/p>\n\n\n\n<p>Ogie\u0144 u \u201eTra\u0142owc\u00f3w\u201d<br>Jak poinformowali przedstawiciele wojska, \u017ar\u00f3d\u0142o ognia zlokalizowano na terenie zajmowanym przez 13. Dywizjon Tra\u0142owc\u00f3w. Jest to jednostka o bogatej tradycji, odpowiedzialna za obron\u0119 przeciwminow\u0105 oraz zapewnienie bezpiecze\u0144stwa \u017ceglugi na szlakach komunikacyjnych.<\/p>\n\n\n\n<p>Na szcz\u0119\u015bcie, czarny scenariusz nie sprawdzi\u0142 si\u0119. Ogie\u0144 nie obj\u0105\u0142 ani jednostek p\u0142ywaj\u0105cych, ani infrastruktury bojowej.<\/p>\n\n\n\n<p>Na terenie Portu Wojennego Gdynia przy ul. \u015amidowicza w Gdyni, dosz\u0142o do po\u017caru kontenera socjalnego. W akcji ga\u015bniczej udzia\u0142 bra\u0142y 3 zast\u0119py Pa\u0144stwowej Stra\u017cy Po\u017carnej oraz jeden zast\u0119p Wojskowej Stra\u017cy Po\u017carnej KPW Gdynia. Po\u017car zosta\u0142 opanowany, trwa dogaszanie. Przyczyny po\u017caru ustalane b\u0119d\u0105 przez w\u0142a\u015bciwe s\u0142u\u017cby &#8211; przekaza\u0142a Marynarka Wojenna w specjalnym komunikacie.<\/p>\n\n\n\n<p>Kontenery tego typu cz\u0119sto s\u0142u\u017c\u0105 jako zaplecze gospodarcze, szatnie lub tymczasowe biura dla personelu technicznego, co t\u0142umaczy, dlaczego po\u017car nie wp\u0142yn\u0105\u0142 na zdolno\u015b\u0107 operacyjn\u0105 jednostki.<br><\/p>\n\n\n\n<p>B\u0142yskawiczna akcja ga\u015bnicza<br>Reakcja s\u0142u\u017cb by\u0142a natychmiastowa. Procedury bezpiecze\u0144stwa obowi\u0105zuj\u0105ce na terenie portu wojennego zadzia\u0142a\u0142y sprawnie. Do walki z \u017cywio\u0142em ruszyli rami\u0119 w rami\u0119 stra\u017cacy cywilni oraz wojskowi.<\/p>\n\n\n\n<p>Na miejscu interweniowa\u0142y \u0142\u0105cznie cztery jednostki:<\/p>\n\n\n\n<p>Trzy zast\u0119py Pa\u0144stwowej Stra\u017cy Po\u017carnej,<br>Jeden zast\u0119p Wojskowej Stra\u017cy Po\u017carnej.<br>Dzi\u0119ki skoordynowanej akcji ogie\u0144 zosta\u0142 szybko st\u0142umiony, zanim zd\u0105\u017cy\u0142 przenie\u015b\u0107 si\u0119 na s\u0105siednie obiekty. Wojsko oficjalnie potwierdzi\u0142o, \u017ce w wyniku zdarzenia nikt nie ucierpia\u0142. Nie odnotowano r\u00f3wnie\u017c strat w uzbrojeniu.<\/p>\n\n\n\n<p>Dochodzenie w toku<br>Cho\u0107 po\u017car zosta\u0142 ugaszony, a sytuacja w porcie wr\u00f3ci\u0142a do normy, sprawa nie jest jeszcze zamkni\u0119ta. Teren pogorzeliska zosta\u0142 zabezpieczony przez s\u0142u\u017cby. Obecnie trwa standardowa procedura wyja\u015bniaj\u0105ca, maj\u0105ca na celu ustalenie przyczyn zap\u0142onu.<\/p>\n\n\n\n<p>\u015aledczy sprawdz\u0105, czy dosz\u0142o do zwarcia instalacji elektrycznej, zapr\u00f3szenia ognia, czy te\u017c awarii jednego z urz\u0105dze\u0144 znajduj\u0105cych si\u0119 wewn\u0105trz kontenera. Wnioski z dochodzenia pos\u0142u\u017c\u0105 do ewentualnego zaostrzenia procedur przeciwpo\u017carowych na terenie jednostek wojskowych.<\/p>\n\n\n\n<p>Mimo wieczornego incydentu, 13. Dywizjon Tra\u0142owc\u00f3w oraz pozosta\u0142e jednostki Marynarki Wojennej kontynuuj\u0105 swoje zadania bez zak\u0142\u00f3ce\u0144.<br><\/p>\n","protected":false},"excerpt":{"rendered":"We wtorkowy wiecz\u00f3r, 9 grudnia 2025 roku, mieszka\u0144cy Gdyni z niepokojem spogl\u0105dali w stron\u0119 portu na Oksywiu. Nad terenem strategicznej bazy Marynarki Wojennej \n<a class=\"moretag\" href=\"https:\/\/lifevery.biz.ua\/?p=5952\"> [...]<\/a>","protected":false},"author":1,"featured_media":5953,"comment_status":"open","ping_status":"open","sticky":false,"template":"","format":"standard","meta":{"footnotes":""},"categories":[1],"tags":[],"class_list":["post-5952","post","type-post","status-publish","format-standard","has-post-thumbnail","hentry","category-blog"],"_links":{"self":[{"href":"https:\/\/lifevery.biz.ua\/index.php?rest_route=\/wp\/v2\/posts\/5952","targetHints":{"allow":["GET"]}}],"collection":[{"href":"https:\/\/lifevery.biz.ua\/index.php?rest_route=\/wp\/v2\/posts"}],"about":[{"href":"https:\/\/lifevery.biz.ua\/index.php?rest_route=\/wp\/v2\/types\/post"}],"author":[{"embeddable":true,"href":"https:\/\/lifevery.biz.ua\/index.php?rest_route=\/wp\/v2\/users\/1"}],"replies":[{"embeddable":true,"href":"https:\/\/lifevery.biz.ua\/index.php?rest_route=%2Fwp%2Fv2%2Fcomments&post=5952"}],"version-history":[{"count":1,"href":"https:\/\/lifevery.biz.ua\/index.php?rest_route=\/wp\/v2\/posts\/5952\/revisions"}],"predecessor-version":[{"id":5954,"href":"https:\/\/lifevery.biz.ua\/index.php?rest_route=\/wp\/v2\/posts\/5952\/revisions\/5954"}],"wp:featuredmedia":[{"embeddable":true,"href":"https:\/\/lifevery.biz.ua\/index.php?rest_route=\/wp\/v2\/media\/5953"}],"wp:attachment":[{"href":"https:\/\/lifevery.biz.ua\/index.php?rest_route=%2Fwp%2Fv2%2Fmedia&parent=5952"}],"wp:term":[{"taxonomy":"category","embeddable":true,"href":"https:\/\/lifevery.biz.ua\/index.php?rest_route=%2Fwp%2Fv2%2Fcategories&post=5952"},{"taxonomy":"post_tag","embeddable":true,"href":"https:\/\/lifevery.biz.ua\/index.php?rest_route=%2Fwp%2Fv2%2Ftags&post=5952"}],"curies":[{"name":"wp","href":"https:\/\/api.w.org\/{rel}","templated":true}]}}