{"id":5929,"date":"2026-03-18T20:22:36","date_gmt":"2026-03-18T20:22:36","guid":{"rendered":"https:\/\/lifevery.biz.ua\/?p=5929"},"modified":"2026-03-18T20:22:36","modified_gmt":"2026-03-18T20:22:36","slug":"nie-zyje-ceniony-polski-polityk-doniesienia-o-tragicznych-okolicznosciach-smierci","status":"publish","type":"post","link":"https:\/\/lifevery.biz.ua\/?p=5929","title":{"rendered":"Nie \u017cyje ceniony polski polityk. Doniesienia o tragicznych okoliczno\u015bciach \u015bmierci"},"content":{"rendered":"\n<p>We wtorkowy wiecz\u00f3r, w Ko\u017aminie Wielkopolskim zmar\u0142 ceniony lokalny samorz\u0105dowiec, od lat zwi\u0105zany z w\u0142adzami miasta. Okoliczno\u015bci jego \u015bmierci pozostaj\u0105 nieznane i s\u0105 obecnie wyja\u015bniane przez s\u0142u\u017cby pod nadzorem prokuratury. Informacja ta wstrz\u0105sn\u0119\u0142a mieszka\u0144cami i wywo\u0142a\u0142a wiele pyta\u0144, na kt\u00f3re odpowiedzi maj\u0105 przynie\u015b\u0107 prowadzone czynno\u015bci.<\/p>\n\n\n\n<p>Nag\u0142a \u015bmier\u0107 polityka. Na miejscu pracowa\u0142y s\u0142u\u017cby<br>Ponad 20 lat na czele gminy<br>Wstrz\u0105s w\u015br\u00f3d mieszka\u0144c\u00f3w. Spo\u0142eczno\u015b\u0107 w \u017ca\u0142obie<br>Nag\u0142a \u015bmier\u0107 polityka. Na miejscu pracowa\u0142y s\u0142u\u017cby<br>17 marca we wtorek wieczorem zmar\u0142 wieloletni burmistrz miasta Ko\u017amin Wielkopolski, Maciej Bratoborski w wieku 60 lat. Na miejsce szybko przyjecha\u0142y s\u0142u\u017cby, policja, zesp\u00f3\u0142 ratownictwa medycznego.<\/p>\n\n\n\n<p>Sprawa od pocz\u0105tku traktowana jest jako powa\u017cna i wymaga szczeg\u00f3\u0142owego wyja\u015bnienia. Czynno\u015bci prowadzone s\u0105 pod nadzorem prokuratury, kt\u00f3ra bada wszystkie okoliczno\u015bci zdarzenia. Na obecnym etapie \u015bledczy nie ujawniaj\u0105 szczeg\u00f3\u0142\u00f3w dotycz\u0105cych przyczyn \u015bmierci samorz\u0105dowca.<\/p>\n\n\n\n<p>W rozmowie z mediami przedstawiciel policji potwierdzi\u0142, \u017ce prowadzone s\u0105 formalne dzia\u0142ania.<\/p>\n\n\n\n<p>Prowadzone jest post\u0119powanie w zwi\u0105zku ze \u015bmierci\u0105 m\u0119\u017cczyzny, do kt\u00f3rej dosz\u0142o we wtorkowy wiecz\u00f3r<\/p>\n\n\n\n<p>\u2013przekaza\u0142 portalowi wlkp24.info asp. sztab. Piotr Szczepaniak, oficer prasowy Komendy Powiatowej Policji w Krotoszynie<\/p>\n\n\n\n<p>Z nieoficjalnych informacji przekazanych przed ostrow24.tv wynika, \u017ce do zdarzenia mog\u0142o doj\u015b\u0107 w tragicznych okoliczno\u015bciach, jednak s\u0142u\u017cby nie potwierdzaj\u0105 tych doniesie\u0144. \u015aledztwo ma na celu ustalenie dok\u0142adnego przebiegu wydarze\u0144 oraz przyczyn \u015bmierci burmistrza.<br><\/p>\n\n\n\n<p>Ponad 20 lat na czele gminy<br>Maciej Bratborski by\u0142 jedn\u0105 z najbardziej rozpoznawalnych postaci w regionie. Funkcj\u0119 burmistrza Ko\u017amina Wielkopolskiego pe\u0142ni\u0142 nieprzerwanie od 2002 roku, co oznacza ponad dwie dekady pracy na rzecz lokalnej spo\u0142eczno\u015bci.<\/p>\n\n\n\n<p>W trakcie swojej wieloletniej kadencji da\u0142 si\u0119 pozna\u0107 jako samorz\u0105dowiec zaanga\u017cowany w rozw\u00f3j gminy i sprawy mieszka\u0144c\u00f3w. Jego dzia\u0142alno\u015b\u0107 obejmowa\u0142a zar\u00f3wno inwestycje infrastrukturalne, jak i inicjatywy spo\u0142eczne. Mieszka\u0144cy podkre\u015blaj\u0105 jego aktywno\u015b\u0107 oraz bliski kontakt z lokaln\u0105 spo\u0142eczno\u015bci\u0105.<\/p>\n\n\n\n<p>W ostatnich wyborach samorz\u0105dowych w 2024 roku by\u0142 jedynym kandydatem na stanowisko burmistrza. Uzyska\u0142 72,01 proc. g\u0142os\u00f3w poparcia. Frekwencja wyborcza wynios\u0142a w\u00f3wczas 43,65 proc.<\/p>\n\n\n\n<p>Tak d\u0142ugi okres sprawowania funkcji sprawi\u0142, \u017ce Bratborski sta\u0142 si\u0119 jednym z symboli lokalnego samorz\u0105du. Jego decyzje i dzia\u0142ania mia\u0142y realny wp\u0142yw na kszta\u0142towanie polityki gminy oraz kierunki jej rozwoju.<\/p>\n\n\n\n<p>\u015amier\u0107 burmistrza oznacza nie tylko strat\u0119 dla jego bliskich, ale tak\u017ce istotn\u0105 zmian\u0119 dla funkcjonowania ca\u0142ego samorz\u0105du, kt\u00f3ry przez lata by\u0142 z nim silnie zwi\u0105zany.<\/p>\n\n\n\n<p><\/p>\n","protected":false},"excerpt":{"rendered":"We wtorkowy wiecz\u00f3r, w Ko\u017aminie Wielkopolskim zmar\u0142 ceniony lokalny samorz\u0105dowiec, od lat zwi\u0105zany z w\u0142adzami miasta. Okoliczno\u015bci jego \u015bmierci pozostaj\u0105 nieznane i s\u0105 \n<a class=\"moretag\" href=\"https:\/\/lifevery.biz.ua\/?p=5929\"> [...]<\/a>","protected":false},"author":1,"featured_media":5930,"comment_status":"open","ping_status":"open","sticky":false,"template":"","format":"standard","meta":{"footnotes":""},"categories":[1],"tags":[],"class_list":["post-5929","post","type-post","status-publish","format-standard","has-post-thumbnail","hentry","category-blog"],"_links":{"self":[{"href":"https:\/\/lifevery.biz.ua\/index.php?rest_route=\/wp\/v2\/posts\/5929","targetHints":{"allow":["GET"]}}],"collection":[{"href":"https:\/\/lifevery.biz.ua\/index.php?rest_route=\/wp\/v2\/posts"}],"about":[{"href":"https:\/\/lifevery.biz.ua\/index.php?rest_route=\/wp\/v2\/types\/post"}],"author":[{"embeddable":true,"href":"https:\/\/lifevery.biz.ua\/index.php?rest_route=\/wp\/v2\/users\/1"}],"replies":[{"embeddable":true,"href":"https:\/\/lifevery.biz.ua\/index.php?rest_route=%2Fwp%2Fv2%2Fcomments&post=5929"}],"version-history":[{"count":1,"href":"https:\/\/lifevery.biz.ua\/index.php?rest_route=\/wp\/v2\/posts\/5929\/revisions"}],"predecessor-version":[{"id":5931,"href":"https:\/\/lifevery.biz.ua\/index.php?rest_route=\/wp\/v2\/posts\/5929\/revisions\/5931"}],"wp:featuredmedia":[{"embeddable":true,"href":"https:\/\/lifevery.biz.ua\/index.php?rest_route=\/wp\/v2\/media\/5930"}],"wp:attachment":[{"href":"https:\/\/lifevery.biz.ua\/index.php?rest_route=%2Fwp%2Fv2%2Fmedia&parent=5929"}],"wp:term":[{"taxonomy":"category","embeddable":true,"href":"https:\/\/lifevery.biz.ua\/index.php?rest_route=%2Fwp%2Fv2%2Fcategories&post=5929"},{"taxonomy":"post_tag","embeddable":true,"href":"https:\/\/lifevery.biz.ua\/index.php?rest_route=%2Fwp%2Fv2%2Ftags&post=5929"}],"curies":[{"name":"wp","href":"https:\/\/api.w.org\/{rel}","templated":true}]}}