{"id":5925,"date":"2026-03-18T20:19:32","date_gmt":"2026-03-18T20:19:32","guid":{"rendered":"https:\/\/lifevery.biz.ua\/?p=5925"},"modified":"2026-03-18T20:19:58","modified_gmt":"2026-03-18T20:19:58","slug":"tragedia-w-srodowe-popoludnie-nie-zyje-22-latek-w-akcji-wszystkie-sluzby","status":"publish","type":"post","link":"https:\/\/lifevery.biz.ua\/?p=5925","title":{"rendered":"Tragedia w \u015brodowe popo\u0142udnie. Nie \u017cyje 22-latek, w akcji wszystkie s\u0142u\u017cby"},"content":{"rendered":"\n<p>W \u015brod\u0119, 18 marca, oko\u0142o godziny 15:20 w miejscowo\u015bci S\u0142up\u00f3w (powiat miechowski) samoch\u00f3d osobowy wypad\u0142 z drogi powiatowej nr 1225 i dachowa\u0142. Spo\u015br\u00f3d trzech podr\u00f3\u017cuj\u0105cych m\u0119\u017cczyzn jeden &#8211; 22-latek &#8211; nie prze\u017cy\u0142 wypadku. Pozosta\u0142e dwie osoby zosta\u0142y przewiezione do szpitala. Okoliczno\u015bci zdarzenia bada policja pod nadzorem prokuratora.<\/p>\n\n\n\n<p>Przebieg wypadku<br>\u015amier\u0107 22-latka mimo reanimacji<br>Dochodzenie pod nadzorem prokuratora<br>Przebieg wypadku<br>Kierowca z nieustalonych dot\u0105d przyczyn straci\u0142 panowanie nad pojazdem. Si\u0142a uderzenia by\u0142a na tyle du\u017ca, \u017ce na miejscu konieczna okaza\u0142a si\u0119 interwencja kilkudziesi\u0119ciu ratownik\u00f3w.&nbsp;<\/p>\n\n\n\n<p>\u201eNa miejsce zadysponowali\u015bmy oko\u0142o 20 stra\u017cak\u00f3w, zespo\u0142y ratownictwa medycznego oraz \u015bmig\u0142owiec Lotniczego Pogotowia Ratunkowego&#8221; \u2013 poinformowa\u0142 kapitan Hubert Ciep\u0142y, rzecznik prasowy Ma\u0142opolskiego Komendanta Wojew\u00f3dzkiego Pa\u0144stwowej Stra\u017cy Po\u017carnej.&nbsp;<\/p>\n\n\n\n<p>Na czas akcji ratowniczej i zabezpieczania \u015blad\u00f3w trasa zosta\u0142a ca\u0142kowicie zablokowana na kilka godzin, co wymusi\u0142o wprowadzenie lokalnych objazd\u00f3w.<br><\/p>\n\n\n\n<p>\u015amier\u0107 22-latka mimo reanimacji<br>Najpowa\u017cniej poszkodowany by\u0142 najm\u0142odszy z pasa\u017cer\u00f3w \u2014 22-letni m\u0119\u017cczyzna, kt\u00f3ry w chwili wypadku znajdowa\u0142 si\u0119 w stanie bezpo\u015bredniego zagro\u017cenia \u017cycia.&nbsp;<\/p>\n\n\n\n<p>Ratownicy medyczni oraz stra\u017cacy natychmiast podj\u0119li intensywn\u0105 pr\u00f3b\u0119 przywr\u00f3cenia jego funkcji \u017cyciowych, jednak pomimo zaanga\u017cowania specjalistycznego sprz\u0119tu i \u015bmig\u0142owca LPR, wysi\u0142ki okaza\u0142y si\u0119 bezskuteczne.&nbsp;<\/p>\n\n\n\n<p>\u201ePomimo podj\u0119tej resuscytacji kr\u0105\u017ceniowo-oddechowej, lekarz stwierdzi\u0142 zgon jednego z poszkodowanych&#8221; \u2013 przekaza\u0142 kapitan Hubert Ciep\u0142y.&nbsp;<\/p>\n\n\n\n<p>Dwie pozosta\u0142e osoby podr\u00f3\u017cuj\u0105ce samochodem prze\u017cy\u0142y zdarzenie \u2014 po udzieleniu niezb\u0119dnej pomocy na miejscu zosta\u0142y przetransportowane do szpitala w celu dalszej diagnostyki i hospitalizacji.<br><\/p>\n\n\n\n<p>Dochodzenie pod nadzorem prokuratora<br>Po zako\u0144czeniu akcji ratowniczej na miejscu zdarzenia niezw\u0142ocznie rozpocz\u0119\u0142y si\u0119 czynno\u015bci \u015bledcze z udzia\u0142em technika kryminalistyki. \u015aledczy analizuj\u0105     zebrane dowody i badaj\u0105 m.in. hipotezy nadmiernej pr\u0119dko\u015bci oraz z\u0142ego stanu technicznego pojazdu.\u00a0<\/p>\n\n\n\n<p>\u201ePrzyczyny wypadku b\u0119d\u0105 ustalane przez policj\u0119&#8221; \u2013 zaznaczy\u0142 rzecznik ma\u0142opolskiej stra\u017cy po\u017carnej.&nbsp;<\/p>\n\n\n\n<p>\u015alady hamowania, uszkodzenia wraku oraz zeznania \u015bwiadk\u00f3w maj\u0105 pom\u00f3c w precyzyjnym ustaleniu, dlaczego kierowca utraci\u0142 kontrol\u0119 nad autem.&nbsp;<\/p>\n\n\n\n<p>Mundurowi przy okazji apeluj\u0105 do wszystkich kierowc\u00f3w o szczeg\u00f3ln\u0105 ostro\u017cno\u015b\u0107 i dostosowanie pr\u0119dko\u015bci do warunk\u00f3w panuj\u0105cych na drogach powiatowych, kt\u00f3re bywaj\u0105 wyj\u0105tkowo zdradliwe.<br><\/p>\n","protected":false},"excerpt":{"rendered":"W \u015brod\u0119, 18 marca, oko\u0142o godziny 15:20 w miejscowo\u015bci S\u0142up\u00f3w (powiat miechowski) samoch\u00f3d osobowy wypad\u0142 z drogi powiatowej nr 1225 i dachowa\u0142. Spo\u015br\u00f3d \n<a class=\"moretag\" href=\"https:\/\/lifevery.biz.ua\/?p=5925\"> [...]<\/a>","protected":false},"author":1,"featured_media":5927,"comment_status":"open","ping_status":"open","sticky":false,"template":"","format":"standard","meta":{"footnotes":""},"categories":[1],"tags":[],"class_list":["post-5925","post","type-post","status-publish","format-standard","has-post-thumbnail","hentry","category-blog"],"_links":{"self":[{"href":"https:\/\/lifevery.biz.ua\/index.php?rest_route=\/wp\/v2\/posts\/5925","targetHints":{"allow":["GET"]}}],"collection":[{"href":"https:\/\/lifevery.biz.ua\/index.php?rest_route=\/wp\/v2\/posts"}],"about":[{"href":"https:\/\/lifevery.biz.ua\/index.php?rest_route=\/wp\/v2\/types\/post"}],"author":[{"embeddable":true,"href":"https:\/\/lifevery.biz.ua\/index.php?rest_route=\/wp\/v2\/users\/1"}],"replies":[{"embeddable":true,"href":"https:\/\/lifevery.biz.ua\/index.php?rest_route=%2Fwp%2Fv2%2Fcomments&post=5925"}],"version-history":[{"count":2,"href":"https:\/\/lifevery.biz.ua\/index.php?rest_route=\/wp\/v2\/posts\/5925\/revisions"}],"predecessor-version":[{"id":5928,"href":"https:\/\/lifevery.biz.ua\/index.php?rest_route=\/wp\/v2\/posts\/5925\/revisions\/5928"}],"wp:featuredmedia":[{"embeddable":true,"href":"https:\/\/lifevery.biz.ua\/index.php?rest_route=\/wp\/v2\/media\/5927"}],"wp:attachment":[{"href":"https:\/\/lifevery.biz.ua\/index.php?rest_route=%2Fwp%2Fv2%2Fmedia&parent=5925"}],"wp:term":[{"taxonomy":"category","embeddable":true,"href":"https:\/\/lifevery.biz.ua\/index.php?rest_route=%2Fwp%2Fv2%2Fcategories&post=5925"},{"taxonomy":"post_tag","embeddable":true,"href":"https:\/\/lifevery.biz.ua\/index.php?rest_route=%2Fwp%2Fv2%2Ftags&post=5925"}],"curies":[{"name":"wp","href":"https:\/\/api.w.org\/{rel}","templated":true}]}}