{"id":589,"date":"2026-01-20T11:42:10","date_gmt":"2026-01-20T11:42:10","guid":{"rendered":"https:\/\/lifevery.biz.ua\/?p=589"},"modified":"2026-01-20T11:42:10","modified_gmt":"2026-01-20T11:42:10","slug":"trump-potwierdza-putin-otrzymal-zaproszenie","status":"publish","type":"post","link":"https:\/\/lifevery.biz.ua\/?p=589","title":{"rendered":"Trump potwierdza. Putin otrzyma\u0142 zaproszenie"},"content":{"rendered":"\n<p>W\u0142adimir Putin otrzyma\u0142 zaproszenie do\u0142\u0105czenia do Rady Pokoju, kt\u00f3ra b\u0119dzie zarz\u0105dza\u0107 Stref\u0105 Gazy &#8211; potwierdzi\u0142 prezydent USA Donald Trump. Prezydent USA by\u0142 pytany tak\u017ce o doniesienia, \u017ce do Rady Pokoju nie do\u0142\u0105czy prezydent Francji Emmanuel Macron. Bloomberg powiadomi\u0142, \u017ce Trump chce podpisania wszelkich dokument\u00f3w ustanawiaj\u0105cych jego Rad\u0119 Pokoju ju\u017c w czwartek.<\/p>\n\n\n\n<p>W poniedzia\u0142ek rzecznik Kremla Dmitrij Pieskow przekaza\u0142, \u017ce  i spodziewaj\u0105 si\u0119 &#8220;w najbli\u017cszym czasie kontaktu ze strony ameryka\u0144skiej w celu wyja\u015bnienia wszystkich niuans\u00f3w&#8221;.<\/p>\n\n\n\n<p>Na czele Rady Pokoju stoi prezydent <a href=\"https:\/\/tvn24.pl\/tagi\/usa\">USA<\/a> Donald Trump. We wtorek w rozmowie z dziennikarzami potwierdzi\u0142 informacje przekazane wcze\u015bniej przez Kreml. &#8211; Tak, zosta\u0142 zaproszony. Jest jedn\u0105 z tych os\u00f3b, kt\u00f3re s\u0105 \u015bwiatowymi przyw\u00f3dcami &#8211; powiedzia\u0142 Trump dziennikarzom.<\/p>\n\n\n\n<figure class=\"wp-block-image\"><img decoding=\"async\" src=\"https:\/\/tvn24.pl\/_e\/i\/biznes\/najnowsze\/cdn-zdjecie-7412938-wladimir-putin-ph8776966\/alternates\/WEBP_LANDSCAPE_320\" alt=\"W\u0142adimir Putin\"\/><figcaption class=\"wp-element-caption\">W\u0142adimir Putin\u0179r\u00f3d\u0142o: PAP\/EPA\/ALEXANDER NEMENOV \/ POOL<\/figcaption><\/figure>\n\n\n\n<p>Informacja o zaproszeniu dla Putina pojawi\u0142a si\u0119 kr\u00f3tko po tym, jak prezydent USA zach\u0119ci\u0142 polityk\u00f3w do do\u0142\u0105czenia do Rady Pokoju oraz jej organ\u00f3w, kt\u00f3re maj\u0105 zarz\u0105dza\u0107 Stref\u0105 Gazy, w ogromnej mierze obr\u00f3conej w gruzy w wyniku wojny z <a href=\"https:\/\/tvn24.pl\/tagi\/izrael\">Izraelem<\/a> po pa\u017adzierniku 2023 roku.<\/p>\n\n\n\n<figure class=\"wp-block-image\"><img decoding=\"async\" src=\"https:\/\/tvn24.pl\/_e\/i\/najnowsze\/cdn-zdjecie-4208219-donald-trump-ph8846383\/alternates\/WEBP_LANDSCAPE_320\" alt=\"P\u0142atne cz\u0142onkostwo i\u00a0Trump na\u00a0czele. Co wiadomo o\u00a0Radzie Pokoju\"\/><\/figure>\n\n\n\n<p>DOWIEDZ SI\u0118 WI\u0118CEJ:<\/p>\n\n\n\n<p><a href=\"https:\/\/tvn24.pl\/swiat\/rada-pokoju-czym-jest-czym-bedzie-sie-zajmowac-st8856898\"><\/a><\/p>\n\n\n\n<h3 class=\"wp-block-heading\"><\/h3>\n\n\n\n<p><a href=\"https:\/\/tvn24.pl\/swiat\">\u015awiat<\/a><\/p>\n\n\n\n<h2 class=\"wp-block-heading\">Macron nie przyjmie zaproszenia Trumpa? &#8220;Na\u0142o\u017c\u0119 200-procentowe c\u0142a na jego szampany i wina&#8221;<\/h2>\n\n\n\n<p>Powo\u0142anie Rady Pokoju zosta\u0142o zapisane w planie pokojowym, na kt\u00f3ry zgodzi\u0142 si\u0119 zar\u00f3wno Izrael, jak i palesty\u0144ski Hamas. Rada ma nadzorowa\u0107 proces pokojowy w <a href=\"https:\/\/tvn24.pl\/tagi\/Strefa_Gazy\" target=\"_blank\" rel=\"noreferrer noopener\">Strefie Gazy<\/a> i zarz\u0105dzanie tym terytorium. Jej dzia\u0142ania mog\u0105 jednak wykracza\u0107 poza ten obszar, a struktura, sk\u0142ad i jej mandat rodz\u0105 wiele pyta\u0144.<\/p>\n\n\n\n<p>W poniedzia\u0142ek Bloomberg poda\u0142, \u017ce prezydent Francji <a href=\"https:\/\/tvn24.pl\/tagi\/emmanuel-macron\">Emmanuel Macron<\/a> nie planuje przyj\u0105\u0107 zaproszenia ameryka\u0144skiego prezydenta i nie do\u0142\u0105czy do Rady Pokoju. Trump pytany o to we wtorek, odpowiedzia\u0142: &#8211; A on tak powiedzia\u0142? C\u00f3\u017c nikt go tam nie chce, bo i tak nied\u0142ugo przestanie by\u0107 u w\u0142adzy, wi\u0119c w porz\u0105dku. Zrobi\u0119 tak: je\u015bli b\u0119d\u0105 wrogo nastawieni, na\u0142o\u017c\u0119 200-procentowe c\u0142a na jego wina i szampany, i wtedy do\u0142\u0105czy.<\/p>\n\n\n\n<p>Trump doda\u0142, \u017ce Macron &#8220;nie musi&#8221; do\u0142\u0105cza\u0107 do Rady Pokoju i przypomnia\u0142 o ko\u0144cz\u0105cej si\u0119 w 2027 roku kadencji prezydenta Francji. Nied\u0142ugo p\u00f3\u017aniej prezydent USA opublikowa\u0142 sms-a od Macrona.<\/p>\n\n\n\n<p><strong>CZYTAJ WI\u0118CEJ: <a href=\"https:\/\/tvn24.pl\/swiat\/donald-trump-opublikowal-prywatna-wiadomosc-od-emmanuela-macrona-st8857731\" target=\"_blank\" rel=\"noreferrer noopener\">Trump opublikowa\u0142 prywatn\u0105 wiadomo\u015b\u0107 od Macrona<\/a><\/strong><\/p>\n\n\n\n<p>Zdaniem agencji AFP Pa\u0142ac Elizejski analizuje dokument, kt\u00f3ry mia\u0142by stanowi\u0107 &#8220;konstytucj\u0119&#8221; Rady Pokoju. Podobn\u0105 strategi\u0119 mieli wybra\u0107 inni przyw\u00f3dcy, kt\u00f3rzy widz\u0105 w Radzie pr\u00f3b\u0119 zast\u0105pienia <a href=\"https:\/\/tvn24.pl\/tagi\/organizacja-narodow-zjednoczonych\" target=\"_blank\" rel=\"noreferrer noopener\">ONZ<\/a> przez Trumpa.<\/p>\n\n\n\n<p>&#8220;Europejscy sojusznicy pracuj\u0105 nad zmian\u0105 warunk\u00f3w i skoordynowaniem reakcji (\u2026) i staraj\u0105 si\u0119 przekona\u0107 pa\u0144stwa arabskie, aby r\u00f3wnie\u017c lobbowa\u0142y u Trumpa za zmianami&#8221; &#8211; przekaza\u0142 Bloomberg.<\/p>\n\n\n\n<p>&#8220;Ta reakcja w du\u017cej mierze odzwierciedla podej\u015bcie Europy do drugiej kadencji Trumpa: granie na zw\u0142ok\u0119, okazywanie zaanga\u017cowania, pr\u00f3ba odwiedzenia go od pomys\u0142u&#8221; &#8211; skomentowa\u0142a agencja.<\/p>\n\n\n\n<p>Bloomberg: Trump chce podpisania konstytucji Rady Pokoju w czwartek<br>Jak poda\u0142a agencja Bloomberga, powo\u0142uj\u0105c si\u0119 na osoby wtajemniczone w spraw\u0119, Trump chce, by do formalnego ustanowienia &#8220;pe\u0142nej konstytucji&#8221; Rady Pokoju dosz\u0142o ju\u017c w czwartek podczas jego wizyty na \u015awiatowym Forum Ekonomicznym w Davos.<\/p>\n\n\n\n<p>Bloomberg skomentowa\u0142 jednak, \u017ce wiele zapis\u00f3w karty proponowanej instytucji budzi powa\u017cne w\u0105tpliwo\u015bci w\u015br\u00f3d sojusznik\u00f3w Ameryki. Jednym z najbardziej komentowanych ma by\u0107 wym\u00f3g wp\u0142acenia 1 miliarda dolar\u00f3w dla pa\u0144stw, kt\u00f3re chc\u0105 by\u0107 &#8220;sta\u0142ymi cz\u0142onkami&#8221; organu.<\/p>\n\n\n\n<p>W\u0105tpliwo\u015bci budzi te\u017c zakres dzia\u0142a\u0144 proponowanej instytucji, kt\u00f3ra &#8211; wed\u0142ug pierwotnych wypowiedzi Trumpa i jego otoczenia &#8211; mia\u0142a s\u0142u\u017cy\u0107 nadzorowi nad odbudow\u0105 Strefy Gazy. Projekt proponowany przez USA m\u00f3wi jednak o tym, \u017ce Rada mia\u0142aby zajmowa\u0107 si\u0119 rozwi\u0105zywaniem konflikt\u00f3w w og\u00f3le. Jej do\u017cywotnim prezesem mia\u0142by pozosta\u0107 Trump, a wszelkie decyzje Rady &#8220;podlega\u0142yby decyzji prezesa&#8221; i to on decydowa\u0142by o jego nast\u0119pcy.<\/p>\n\n\n\n<figure class=\"wp-block-image\"><img decoding=\"async\" src=\"https:\/\/tvn24.pl\/_e\/i\/najnowsze\/cdn-zdjecie-4088325-donald-trump-ph8855511\/alternates\/WEBP_LANDSCAPE_320\" alt=\"Donald Trump \"\/><figcaption class=\"wp-element-caption\">Donald Trump\u0179r\u00f3d\u0142o: PAP\/EPA\/SHAWN THEW<\/figcaption><\/figure>\n\n\n\n<h2 class=\"wp-block-heading\">Kto otrzyma\u0142 zaproszenie Trumpa?<\/h2>\n\n\n\n<p>Wed\u0142ug agencji AFP i Reuters zaproszenia do do\u0142\u0105czenia do Rady Pokoju wys\u0142ano do oko\u0142o 60 kraj\u00f3w. Otrzymanie zaproszenia potwierdzi\u0142y mi\u0119dzy innymi w\u0142adze Niemiec, Kazachstanu, Indii, Pakistanu, Jordanii i Turcji.<\/p>\n","protected":false},"excerpt":{"rendered":"W\u0142adimir Putin otrzyma\u0142 zaproszenie do\u0142\u0105czenia do Rady Pokoju, kt\u00f3ra b\u0119dzie zarz\u0105dza\u0107 Stref\u0105 Gazy &#8211; potwierdzi\u0142 prezydent USA Donald Trump. Prezydent USA by\u0142 pytany \n<a class=\"moretag\" href=\"https:\/\/lifevery.biz.ua\/?p=589\"> [...]<\/a>","protected":false},"author":1,"featured_media":590,"comment_status":"open","ping_status":"open","sticky":false,"template":"","format":"standard","meta":{"footnotes":""},"categories":[1],"tags":[],"class_list":["post-589","post","type-post","status-publish","format-standard","has-post-thumbnail","hentry","category-blog"],"_links":{"self":[{"href":"https:\/\/lifevery.biz.ua\/index.php?rest_route=\/wp\/v2\/posts\/589","targetHints":{"allow":["GET"]}}],"collection":[{"href":"https:\/\/lifevery.biz.ua\/index.php?rest_route=\/wp\/v2\/posts"}],"about":[{"href":"https:\/\/lifevery.biz.ua\/index.php?rest_route=\/wp\/v2\/types\/post"}],"author":[{"embeddable":true,"href":"https:\/\/lifevery.biz.ua\/index.php?rest_route=\/wp\/v2\/users\/1"}],"replies":[{"embeddable":true,"href":"https:\/\/lifevery.biz.ua\/index.php?rest_route=%2Fwp%2Fv2%2Fcomments&post=589"}],"version-history":[{"count":1,"href":"https:\/\/lifevery.biz.ua\/index.php?rest_route=\/wp\/v2\/posts\/589\/revisions"}],"predecessor-version":[{"id":591,"href":"https:\/\/lifevery.biz.ua\/index.php?rest_route=\/wp\/v2\/posts\/589\/revisions\/591"}],"wp:featuredmedia":[{"embeddable":true,"href":"https:\/\/lifevery.biz.ua\/index.php?rest_route=\/wp\/v2\/media\/590"}],"wp:attachment":[{"href":"https:\/\/lifevery.biz.ua\/index.php?rest_route=%2Fwp%2Fv2%2Fmedia&parent=589"}],"wp:term":[{"taxonomy":"category","embeddable":true,"href":"https:\/\/lifevery.biz.ua\/index.php?rest_route=%2Fwp%2Fv2%2Fcategories&post=589"},{"taxonomy":"post_tag","embeddable":true,"href":"https:\/\/lifevery.biz.ua\/index.php?rest_route=%2Fwp%2Fv2%2Ftags&post=589"}],"curies":[{"name":"wp","href":"https:\/\/api.w.org\/{rel}","templated":true}]}}