{"id":5868,"date":"2026-03-18T06:49:35","date_gmt":"2026-03-18T06:49:35","guid":{"rendered":"https:\/\/lifevery.biz.ua\/?p=5868"},"modified":"2026-03-18T06:49:35","modified_gmt":"2026-03-18T06:49:35","slug":"atak-23-latka-na-policjantow-rodzina-ujawnila-jak-brzmialy-jego-ostatnie-slowa","status":"publish","type":"post","link":"https:\/\/lifevery.biz.ua\/?p=5868","title":{"rendered":"Atak 23-latka na policjant\u00f3w. Rodzina ujawni\u0142a, jak brzmia\u0142y jego ostatnie s\u0142owa"},"content":{"rendered":"\n<p>Tragiczne wydarzenia w My\u015blenicach wstrz\u0105sn\u0119\u0142y lokaln\u0105 spo\u0142eczno\u015bci\u0105. 23-letni m\u0119\u017cczyzna, kt\u00f3ry kilka dni temu zaatakowa\u0142 osoby na terenie swojego dawnego zak\u0142adu pracy, zosta\u0142 postrzelony przez policj\u0119 i zgin\u0105\u0142. Rodzina zmar\u0142ego w rozmowie z mediami ujawni\u0142a, \u017ce by\u0142 spokojnym i opanowanym cz\u0142owiekiem na co dzie\u0144 oraz ujawni\u0142a, jak brzmia\u0142y jego ostatnie s\u0142owa.<\/p>\n\n\n\n<p>Atak 23-latka na policjant\u00f3w. M\u0119\u017cczyzna zosta\u0142 postrzelony i zgin\u0105\u0142<br>Do dramatycznych wydarze\u0144 dosz\u0142o 10 grudnia na terenie strefy przemys\u0142owej w My\u015blenicach. 23-letni m\u0119\u017cczyzna, uzbrojony w n\u00f3\u017c i kij baseballowy, wtargn\u0105\u0142 na teren swojego by\u0142ego miejsca pracy, gdzie zaatakowa\u0142 przypadkowe osoby. Nast\u0119pnie uciek\u0142, a chwil\u0119 p\u00f3\u017aniej natkn\u0105\u0142 si\u0119 na patrol policji. Gdy funkcjonariusze wysiedli z radiowozu, agresywny m\u0119\u017cczyzna ruszy\u0142 w ich stron\u0119. Policjanci, obawiaj\u0105c si\u0119 o w\u0142asne \u017cycie, u\u017cyli broni palnej. Pad\u0142o kilka strza\u0142\u00f3w \u2014 jeden z nich okaza\u0142 si\u0119 \u015bmiertelny.<\/p>\n\n\n\n<p>W sumie policjant odda\u0142 trzy lub cztery strza\u0142y. Jeden z nich, w klatk\u0119 piersiow\u0105 okaza\u0142 si\u0119 \u015bmiertelny. Prokuratura dysponuje te\u017c nagraniem, kt\u00f3re wykona\u0142a osoba postronna. Wynika z niego, \u017ce gdyby policjant nie odda\u0142 strza\u0142\u00f3w, sam zosta\u0142by zaatakowany \u2014 powiedzia\u0142a w rozmowie z &#8220;Super Expressem&#8221; prokurator Oliwia Bro\u017cek Michalec, rzecznik prasowa Prokuratury Okr\u0119gowej w Krakowie.<br><\/p>\n\n\n\n<p>\u201eTo by\u0142 spokojny ch\u0142opak\u201d<br>\u015amier\u0107 23-latka wstrz\u0105sn\u0119\u0142a jego bliskimi. Rodzina m\u0119\u017cczyzny nie potrafi pogodzi\u0107 si\u0119 z tym, co si\u0119 wydarzy\u0142o, i podkre\u015bla, \u017ce nic nie zapowiada\u0142o tak dramatycznego fina\u0142u. W rozmowie z dziennikarzami krewni wspominaj\u0105 go jako osob\u0119 spokojn\u0105 i pracowit\u0105.<\/p>\n\n\n\n<p>To by\u0142 spokojny ch\u0142opak. Wcze\u015bniej pracowa\u0142 w cukierni, szef bardzo go chwali\u0142. Nie rozumiemy, co si\u0119 sta\u0142o, nie rozumiemy, dlaczego zosta\u0142 zastrzelony \u2014 powiedzia\u0142 w rozmowie z \u201eSuper Expressem\u201d wujek \u0141ukasza W.<br><\/p>\n\n\n\n<p>Odszed\u0142 z pracy po konflikcie. To by\u0142y jego ostatnie s\u0142owa<br>Jak ustalili dziennikarze, 23-latek kilka tygodni wcze\u015bniej rozsta\u0142 si\u0119 z firm\u0105 po konflikcie z prze\u0142o\u017conym. Chodzi\u0142o o awari\u0119 maszyny, za kt\u00f3r\u0105 pocz\u0105tkowo obwiniono m\u0142odego pracownika. Cho\u0107 sprawa zosta\u0142a p\u00f3\u017aniej wyja\u015bniona, a by\u0142y pracodawca zaproponowa\u0142 mu powr\u00f3t do pracy, m\u0119\u017cczyzna nie zd\u0105\u017cy\u0142 ju\u017c z tej oferty skorzysta\u0107.<\/p>\n\n\n\n<p>Rodzina ujawni\u0142a r\u00f3wnie\u017c, co powiedzia\u0142 tu\u017c przed wyj\u015bciem z domu \u2014 s\u0142owa, kt\u00f3re dzi\u015b brzmi\u0105 wyj\u0105tkowo przejmuj\u0105co.<\/p>\n\n\n\n<p>Lubi\u0142 gotowa\u0107. Kupi\u0142 mi\u0119so, mia\u0142 gotowa\u0107 obiad. Nagle powiedzia\u0142, \u017ce idzie na spacer \u2014 ujawni\u0142 wujek zmar\u0142ego.<br><\/p>\n","protected":false},"excerpt":{"rendered":"Tragiczne wydarzenia w My\u015blenicach wstrz\u0105sn\u0119\u0142y lokaln\u0105 spo\u0142eczno\u015bci\u0105. 23-letni m\u0119\u017cczyzna, kt\u00f3ry kilka dni temu zaatakowa\u0142 osoby na terenie swojego dawnego zak\u0142adu pracy, zosta\u0142 postrzelony \n<a class=\"moretag\" href=\"https:\/\/lifevery.biz.ua\/?p=5868\"> [...]<\/a>","protected":false},"author":1,"featured_media":5869,"comment_status":"open","ping_status":"open","sticky":false,"template":"","format":"standard","meta":{"footnotes":""},"categories":[1],"tags":[],"class_list":["post-5868","post","type-post","status-publish","format-standard","has-post-thumbnail","hentry","category-blog"],"_links":{"self":[{"href":"https:\/\/lifevery.biz.ua\/index.php?rest_route=\/wp\/v2\/posts\/5868","targetHints":{"allow":["GET"]}}],"collection":[{"href":"https:\/\/lifevery.biz.ua\/index.php?rest_route=\/wp\/v2\/posts"}],"about":[{"href":"https:\/\/lifevery.biz.ua\/index.php?rest_route=\/wp\/v2\/types\/post"}],"author":[{"embeddable":true,"href":"https:\/\/lifevery.biz.ua\/index.php?rest_route=\/wp\/v2\/users\/1"}],"replies":[{"embeddable":true,"href":"https:\/\/lifevery.biz.ua\/index.php?rest_route=%2Fwp%2Fv2%2Fcomments&post=5868"}],"version-history":[{"count":1,"href":"https:\/\/lifevery.biz.ua\/index.php?rest_route=\/wp\/v2\/posts\/5868\/revisions"}],"predecessor-version":[{"id":5870,"href":"https:\/\/lifevery.biz.ua\/index.php?rest_route=\/wp\/v2\/posts\/5868\/revisions\/5870"}],"wp:featuredmedia":[{"embeddable":true,"href":"https:\/\/lifevery.biz.ua\/index.php?rest_route=\/wp\/v2\/media\/5869"}],"wp:attachment":[{"href":"https:\/\/lifevery.biz.ua\/index.php?rest_route=%2Fwp%2Fv2%2Fmedia&parent=5868"}],"wp:term":[{"taxonomy":"category","embeddable":true,"href":"https:\/\/lifevery.biz.ua\/index.php?rest_route=%2Fwp%2Fv2%2Fcategories&post=5868"},{"taxonomy":"post_tag","embeddable":true,"href":"https:\/\/lifevery.biz.ua\/index.php?rest_route=%2Fwp%2Fv2%2Ftags&post=5868"}],"curies":[{"name":"wp","href":"https:\/\/api.w.org\/{rel}","templated":true}]}}