{"id":5831,"date":"2026-03-18T05:31:17","date_gmt":"2026-03-18T05:31:17","guid":{"rendered":"https:\/\/lifevery.biz.ua\/?p=5831"},"modified":"2026-03-18T05:31:17","modified_gmt":"2026-03-18T05:31:17","slug":"nowe-doniesienia-ws-zabjstwa-11-latki-policja-ujawnila-tresc-zgloszenia","status":"publish","type":"post","link":"https:\/\/lifevery.biz.ua\/?p=5831","title":{"rendered":"Nowe doniesienia ws. zab*jstwa 11-latki. Policja ujawni\u0142a tre\u015b\u0107 zg\u0142oszenia"},"content":{"rendered":"\n<p>Tragedia w Jeleniej G\u00f3rze wstrz\u0105sn\u0119\u0142a mieszka\u0144cami regionu. W poniedzia\u0142kowe popo\u0142udnie zgin\u0119\u0142a 11-letnia dziewczynka, a \u015bledczy ujawniaj\u0105 kolejne okoliczno\u015bci zdarzenia. Policja potwierdza, \u017ce tu\u017c przed tragedi\u0105 otrzyma\u0142a zg\u0142oszenie o b\u00f3jce dw\u00f3ch nieletnich.<\/p>\n\n\n\n<p>Tragedia w Jeleniej G\u00f3rze. Nie \u017cyje 11-letnia dziewczynka<br>Reanimacja na miejscu i dzia\u0142ania s\u0142u\u017cb ratunkowych<br>Zg\u0142oszenie o b\u00f3jce i decyzje wobec 12-letniej uczennicy<br>Tragedia w Jeleniej G\u00f3rze. Nie \u017cyje 11-letnia dziewczynka<br>Do dramatycznych wydarze\u0144 dosz\u0142o w poniedzia\u0142ek 15 grudnia oko\u0142o godziny 15 przy ul. Wyspia\u0144skiego w Jeleniej G\u00f3rze, w pobli\u017cu szko\u0142y podstawowej, do kt\u00f3rej ucz\u0119szcza\u0142a ofiara. W zaro\u015blach odnaleziono ci\u0119\u017cko rann\u0105 11-letni\u0105 dziewczynk\u0119.<\/p>\n\n\n\n<p>Jak ustalili \u015bledczy, dziecko by\u0142o uczennic\u0105 pobliskiej plac\u00f3wki. Na jej ciele znajdowa\u0142y si\u0119 obra\u017cenia wskazuj\u0105ce na u\u017cycie ostrego narz\u0119dzia. Policja zabezpieczy\u0142a n\u00f3\u017c, kt\u00f3ry jest uznawany za prawdopodobne narz\u0119dzie zbrodni. Sprawa od pocz\u0105tku prowadzona jest z zachowaniem szczeg\u00f3lnych procedur, ze wzgl\u0119du na wiek os\u00f3b mog\u0105cych mie\u0107 zwi\u0105zek z tragedi\u0105.<br>Czytaj wi\u0119cej: https:\/\/goniec.pl\/zabjstwo-11-latki-w-jeleniej-gorze-jest-komunikat-ministerstwa-edukacji-sd-wksw-161225<\/p>\n","protected":false},"excerpt":{"rendered":"Tragedia w Jeleniej G\u00f3rze wstrz\u0105sn\u0119\u0142a mieszka\u0144cami regionu. W poniedzia\u0142kowe popo\u0142udnie zgin\u0119\u0142a 11-letnia dziewczynka, a \u015bledczy ujawniaj\u0105 kolejne okoliczno\u015bci zdarzenia. Policja potwierdza, \u017ce tu\u017c \n<a class=\"moretag\" href=\"https:\/\/lifevery.biz.ua\/?p=5831\"> [...]<\/a>","protected":false},"author":1,"featured_media":5832,"comment_status":"open","ping_status":"open","sticky":false,"template":"","format":"standard","meta":{"footnotes":""},"categories":[1],"tags":[],"class_list":["post-5831","post","type-post","status-publish","format-standard","has-post-thumbnail","hentry","category-blog"],"_links":{"self":[{"href":"https:\/\/lifevery.biz.ua\/index.php?rest_route=\/wp\/v2\/posts\/5831","targetHints":{"allow":["GET"]}}],"collection":[{"href":"https:\/\/lifevery.biz.ua\/index.php?rest_route=\/wp\/v2\/posts"}],"about":[{"href":"https:\/\/lifevery.biz.ua\/index.php?rest_route=\/wp\/v2\/types\/post"}],"author":[{"embeddable":true,"href":"https:\/\/lifevery.biz.ua\/index.php?rest_route=\/wp\/v2\/users\/1"}],"replies":[{"embeddable":true,"href":"https:\/\/lifevery.biz.ua\/index.php?rest_route=%2Fwp%2Fv2%2Fcomments&post=5831"}],"version-history":[{"count":1,"href":"https:\/\/lifevery.biz.ua\/index.php?rest_route=\/wp\/v2\/posts\/5831\/revisions"}],"predecessor-version":[{"id":5833,"href":"https:\/\/lifevery.biz.ua\/index.php?rest_route=\/wp\/v2\/posts\/5831\/revisions\/5833"}],"wp:featuredmedia":[{"embeddable":true,"href":"https:\/\/lifevery.biz.ua\/index.php?rest_route=\/wp\/v2\/media\/5832"}],"wp:attachment":[{"href":"https:\/\/lifevery.biz.ua\/index.php?rest_route=%2Fwp%2Fv2%2Fmedia&parent=5831"}],"wp:term":[{"taxonomy":"category","embeddable":true,"href":"https:\/\/lifevery.biz.ua\/index.php?rest_route=%2Fwp%2Fv2%2Fcategories&post=5831"},{"taxonomy":"post_tag","embeddable":true,"href":"https:\/\/lifevery.biz.ua\/index.php?rest_route=%2Fwp%2Fv2%2Ftags&post=5831"}],"curies":[{"name":"wp","href":"https:\/\/api.w.org\/{rel}","templated":true}]}}