{"id":5824,"date":"2026-03-18T05:27:27","date_gmt":"2026-03-18T05:27:27","guid":{"rendered":"https:\/\/lifevery.biz.ua\/?p=5824"},"modified":"2026-03-18T05:27:27","modified_gmt":"2026-03-18T05:27:27","slug":"nie-zyje-11-latka-z-jeleniej-gory-pojawilo-sie-nagranie-z-miejsca-zbrodni","status":"publish","type":"post","link":"https:\/\/lifevery.biz.ua\/?p=5824","title":{"rendered":"Nie \u017cyje 11-latka z Jeleniej G\u00f3ry. Pojawi\u0142o si\u0119 nagranie z miejsca zbrodni"},"content":{"rendered":"\n<p>Tragedia, kt\u00f3ra wydarzy\u0142a si\u0119 w Jeleniej G\u00f3rze, poruszy\u0142a ca\u0142\u0105 Polsk\u0119. Nie \u017cyje 11-letnia dziewczynka, a \u015bledczy badaj\u0105 okoliczno\u015bci brutalnej zbrodni, do kt\u00f3rej dosz\u0142o w pobli\u017cu szko\u0142y podstawowej. W sprawie przes\u0142uchano 12-latk\u0119, a w sieci pojawi\u0142o si\u0119 nagranie z miejsca tragedii.<\/p>\n\n\n\n<p>Tragiczne okoliczno\u015bci \u015bmierci 11-latki w Jeleniej G\u00f3rze<br>Zab\u00f3jstwo 11-latki. Pierwsze ustalenia \u015bledczych<br>Jelenia G\u00f3ra: nagranie z miejsca zbrodni trafi\u0142o w sieci<br>Tragiczne okoliczno\u015bci \u015bmierci 11-latki w Jeleniej G\u00f3rze<br>W poniedzia\u0142ek, 15 grudnia 2025 r., tu\u017c przed godzin\u0105 15:00 w Jeleniej G\u00f3rze dosz\u0142o do tragedii, kt\u00f3ra wstrz\u0105sn\u0119\u0142a lokaln\u0105 spo\u0142eczno\u015bci\u0105. W zaro\u015blach przy ulicy Wyspia\u0144skiego, w odleg\u0142o\u015bci kilkuset metr\u00f3w od budynku Szko\u0142y Podstawowej nr 10, znaleziono cia\u0142o 11-letniej dziewczynki, uczennicy tej plac\u00f3wki. Wed\u0142ug wst\u0119pnych ustale\u0144 s\u0142u\u017cb, zw\u0142oki ofiary odkry\u0142 przypadkowy przechodzie\u0144 i natychmiast powiadomi\u0142 policj\u0119 oraz prokuratur\u0119.&nbsp;<\/p>\n\n\n\n<p>Ratownicy wezwani na miejsce podj\u0119li reanimacj\u0119, jednak \u017cycia dziewczynki nie uda\u0142o si\u0119 uratowa\u0107. Na ciele ofiary widoczne by\u0142y obra\u017cenia zadane ostrym narz\u0119dziem, co od pocz\u0105tku sk\u0142ania\u0142o \u015bledczych do uznania zdarzenia za brutalne przest\u0119pstwo. Prokuratura Rejonowa w Jeleniej G\u00f3rze pod nadzorem policji przyst\u0105pi\u0142a do szczeg\u00f3\u0142owych ogl\u0119dzin terenu, zabezpieczania dowod\u00f3w i badania miejsca tragedii.<br><\/p>\n\n\n\n<p>Zab\u00f3jstwo 11-latki. Pierwsze ustalenia \u015bledczych<br>W toku prowadzonego \u015bledztwa \u015bledczy ustalili kluczowe fakty dotycz\u0105ce brutalnej \u015bmierci 11-letniej uczennicy z Jeleniej G\u00f3ry. Po zabezpieczeniu miejsca tragedii oraz dowod\u00f3w prokuratura i policja wytypowa\u0142y osob\u0119 nieletni\u0105, kt\u00f3ra prawdopodobnie ma zwi\u0105zek ze zdarzeniem. To 12-latka, uczennica tej samej szko\u0142y, do kt\u00f3rej ucz\u0119szcza\u0142a ofiara. Dziewczynki zna\u0142y si\u0119 jedynie z widzenia, nie by\u0142y bliskimi kole\u017cankami.&nbsp;<\/p>\n\n\n\n<p>Na miejscu zbrodni zabezpieczono narz\u0119dzie, kt\u00f3re najprawdopodobniej zosta\u0142o u\u017cyte do zadania obra\u017ce\u0144 \u2013 n\u00f3\u017c typu \u201efinka\u201d. Prokuratura prowadzi post\u0119powanie pod k\u0105tem zab\u00f3jstwa, a zw\u0142oki ofiary zosta\u0142y ju\u017c przekazane do zak\u0142adu medycznego we Wroc\u0142awiu, gdzie przeprowadzana jest szczeg\u00f3\u0142owa sekcja zw\u0142ok.&nbsp;<\/p>\n\n\n\n<p>12-latka zosta\u0142a zatrzymana i przes\u0142uchana przez policj\u0119; materia\u0142y dowodowe w sprawie skierowano do s\u0105du rodzinnego, kt\u00f3ry zajmie si\u0119 dalszym post\u0119powaniem wobec nieletniej. Ze wzgl\u0119du na wiek sprawczyni sprawa toczy si\u0119 w oddzielnym trybie \u2013 nie jest mo\u017cliwe tradycyjne post\u0119powanie karne, a decyzje b\u0119d\u0105 podejmowane przez s\u0105d rodzinny.&nbsp;<\/p>\n\n\n\n<p>Prokuratura nie ujawnia na tym etapie motyw\u00f3w dzia\u0142ania zatrzymanej dziewczynki, t\u0142umacz\u0105c to ochron\u0105 dobra post\u0119powania oraz ochron\u0105 danych os\u00f3b nieletnich. Rzecznicy \u015bledczy podkre\u015blaj\u0105, \u017ce ca\u0142y materia\u0142 dowodowy zostanie przeanalizowany, a szczeg\u00f3\u0142y zbrodni zostan\u0105 doprecyzowane po wykonaniu sekcji zw\u0142ok i dalszych czynno\u015bciach procesowych.\u00a0<br><\/p>\n","protected":false},"excerpt":{"rendered":"Tragedia, kt\u00f3ra wydarzy\u0142a si\u0119 w Jeleniej G\u00f3rze, poruszy\u0142a ca\u0142\u0105 Polsk\u0119. Nie \u017cyje 11-letnia dziewczynka, a \u015bledczy badaj\u0105 okoliczno\u015bci brutalnej zbrodni, do kt\u00f3rej dosz\u0142o \n<a class=\"moretag\" href=\"https:\/\/lifevery.biz.ua\/?p=5824\"> [...]<\/a>","protected":false},"author":1,"featured_media":5826,"comment_status":"open","ping_status":"open","sticky":false,"template":"","format":"standard","meta":{"footnotes":""},"categories":[1],"tags":[],"class_list":["post-5824","post","type-post","status-publish","format-standard","has-post-thumbnail","hentry","category-blog"],"_links":{"self":[{"href":"https:\/\/lifevery.biz.ua\/index.php?rest_route=\/wp\/v2\/posts\/5824","targetHints":{"allow":["GET"]}}],"collection":[{"href":"https:\/\/lifevery.biz.ua\/index.php?rest_route=\/wp\/v2\/posts"}],"about":[{"href":"https:\/\/lifevery.biz.ua\/index.php?rest_route=\/wp\/v2\/types\/post"}],"author":[{"embeddable":true,"href":"https:\/\/lifevery.biz.ua\/index.php?rest_route=\/wp\/v2\/users\/1"}],"replies":[{"embeddable":true,"href":"https:\/\/lifevery.biz.ua\/index.php?rest_route=%2Fwp%2Fv2%2Fcomments&post=5824"}],"version-history":[{"count":1,"href":"https:\/\/lifevery.biz.ua\/index.php?rest_route=\/wp\/v2\/posts\/5824\/revisions"}],"predecessor-version":[{"id":5827,"href":"https:\/\/lifevery.biz.ua\/index.php?rest_route=\/wp\/v2\/posts\/5824\/revisions\/5827"}],"wp:featuredmedia":[{"embeddable":true,"href":"https:\/\/lifevery.biz.ua\/index.php?rest_route=\/wp\/v2\/media\/5826"}],"wp:attachment":[{"href":"https:\/\/lifevery.biz.ua\/index.php?rest_route=%2Fwp%2Fv2%2Fmedia&parent=5824"}],"wp:term":[{"taxonomy":"category","embeddable":true,"href":"https:\/\/lifevery.biz.ua\/index.php?rest_route=%2Fwp%2Fv2%2Fcategories&post=5824"},{"taxonomy":"post_tag","embeddable":true,"href":"https:\/\/lifevery.biz.ua\/index.php?rest_route=%2Fwp%2Fv2%2Ftags&post=5824"}],"curies":[{"name":"wp","href":"https:\/\/api.w.org\/{rel}","templated":true}]}}