{"id":5821,"date":"2026-03-18T05:25:23","date_gmt":"2026-03-18T05:25:23","guid":{"rendered":"https:\/\/lifevery.biz.ua\/?p=5821"},"modified":"2026-03-18T05:25:23","modified_gmt":"2026-03-18T05:25:23","slug":"kolega-11-latki-przerwal-milczenie-ws-tragedii-w-jeleniej-gorze-tak-zachowywala-sie-przed-zabjstwem","status":"publish","type":"post","link":"https:\/\/lifevery.biz.ua\/?p=5821","title":{"rendered":"Kolega 11-latki przerwa\u0142 milczenie ws. tragedii w Jeleniej G\u00f3rze. Tak zachowywa\u0142a si\u0119 przed zab*jstwem"},"content":{"rendered":"\n<p>Tragedia w Jeleniej G\u00f3rze wstrz\u0105sn\u0119\u0142a uczniami, nauczycielami i mieszka\u0144cami miasta. Nowe szczeg\u00f3\u0142y dotycz\u0105ce ostatnich chwil 11-letniej Danusi ujawniaj\u0105 relacje szkolnych koleg\u00f3w, kt\u00f3rzy widzieli dziewczynki tu\u017c przed dramatycznymi wydarzeniami.<\/p>\n\n\n\n<p>Kolega 11-latki przerwa\u0142 milczenie ws. tragedii w Jeleniej G\u00f3rze<br>\u201eRozmawia\u0142y, a potem posz\u0142y w stron\u0119 lasku\u201d. Relacja kolegi<br>\u201eNikt nie bra\u0142 tego powa\u017cnie\u201d. Co m\u00f3wi\u0105 uczniowie po tragedii<br>Kolega 11-latki przerwa\u0142 milczenie ws. tragedii w Jeleniej G\u00f3rze<br>Do tragedii dosz\u0142o w poniedzia\u0142ek w bia\u0142y dzie\u0144, na skwerze w pobli\u017cu Szko\u0142y Podstawowej nr 10 w Jeleniej G\u00f3rze. To tam odnaleziono cia\u0142o 11-letniej Danusi, kt\u00f3ra zmar\u0142a w wyniku obra\u017ce\u0144 zadanych ostrym narz\u0119dziem. O zwi\u0105zek ze spraw\u0105 podejrzewana jest 12-letnia uczennica tej samej szko\u0142y.<\/p>\n\n\n\n<p>\u015aledczy podkre\u015blaj\u0105, \u017ce dziewczynki nie by\u0142y kole\u017cankami i zna\u0142y si\u0119 jedynie z widzenia. Kluczowe dla ustalenia przebiegu zdarze\u0144 s\u0105 relacje \u015bwiadk\u00f3w, w tym uczni\u00f3w, kt\u00f3rzy widzieli je kr\u00f3tko przed tragedi\u0105.<\/p>\n\n\n\n<p>\u201eRozmawia\u0142y, a potem posz\u0142y w stron\u0119 lasku\u201d. Relacja kolegi<br>Jeden z uczni\u00f3w Szko\u0142y Podstawowej nr 10 opisa\u0142 moment, w kt\u00f3rym widzia\u0142 obie dziewczynki tu\u017c przed dramatem. Jak relacjonowa\u0142, ich zachowanie nie wzbudza\u0142o pocz\u0105tkowo niepokoju.<\/p>\n\n\n\n<p>Widzia\u0142em, jak ze sob\u0105 rozmawia\u0142y, a potem posz\u0142y do lasku przy szkole. Dopiero tam zacz\u0119\u0142y si\u0119 k\u0142\u00f3ci\u0107 \u2013 powiedzia\u0142 w rozmowie z mediami jeden z koleg\u00f3w ofiary.<\/p>\n\n\n\n<p>Wed\u0142ug \u015bwiadk\u00f3w sytuacja bardzo szybko eskalowa\u0142a. Na miejsce wezwano s\u0142u\u017cby, jednak mimo podj\u0119tej pr\u00f3by ratunku \u017cycia 11-latki nie uda\u0142o si\u0119 uratowa\u0107.<br><\/p>\n\n\n\n<p>\u201eNikt nie bra\u0142 tego powa\u017cnie\u201d. Co m\u00f3wi\u0105 uczniowie po tragedii?<br>Po zdarzeniu w\u015br\u00f3d uczni\u00f3w pojawi\u0142y si\u0119 rozmowy dotycz\u0105ce zachowania 12-latki w dniach poprzedzaj\u0105cych tragedi\u0119. Jej r\u00f3wie\u015bnicy wspominali, \u017ce interesowa\u0142a si\u0119 militariami i m\u00f3wi\u0142a o planach zwi\u0105zanych z nauk\u0105 w szkole wojskowej. Mia\u0142a tak\u017ce nosi\u0107 przy sobie n\u00f3\u017c typu finka.<\/p>\n\n\n\n<p>\u2013 S\u0142ysza\u0142em, jak m\u00f3wi\u0142a, \u017ce cz\u0119sto go ostrzy, ale nikt nie bra\u0142 tego powa\u017cnie \u2013 przyzna\u0142 jeden z uczni\u00f3w szko\u0142y.<\/p>\n\n\n\n<p>\u015aledczy zaznaczaj\u0105 jednak, \u017ce motywy dzia\u0142ania nieletniej nie s\u0105 na razie znane, a ocena jej zachowania b\u0119dzie mo\u017cliwa dopiero po analizie materia\u0142u dowodowego i opinii bieg\u0142ych. Spraw\u0105 zajmuje si\u0119 s\u0105d rodzinny.<\/p>\n\n\n\n<p>Miasto pozostaje w \u017ca\u0142obie, a uczniowie i nauczyciele obj\u0119ci s\u0105 wsparciem psychologicznym. Policja kontynuuje czynno\u015bci wyja\u015bniaj\u0105ce.<br><\/p>\n","protected":false},"excerpt":{"rendered":"Tragedia w Jeleniej G\u00f3rze wstrz\u0105sn\u0119\u0142a uczniami, nauczycielami i mieszka\u0144cami miasta. Nowe szczeg\u00f3\u0142y dotycz\u0105ce ostatnich chwil 11-letniej Danusi ujawniaj\u0105 relacje szkolnych koleg\u00f3w, kt\u00f3rzy widzieli \n<a class=\"moretag\" href=\"https:\/\/lifevery.biz.ua\/?p=5821\"> [...]<\/a>","protected":false},"author":1,"featured_media":5822,"comment_status":"open","ping_status":"open","sticky":false,"template":"","format":"standard","meta":{"footnotes":""},"categories":[1],"tags":[],"class_list":["post-5821","post","type-post","status-publish","format-standard","has-post-thumbnail","hentry","category-blog"],"_links":{"self":[{"href":"https:\/\/lifevery.biz.ua\/index.php?rest_route=\/wp\/v2\/posts\/5821","targetHints":{"allow":["GET"]}}],"collection":[{"href":"https:\/\/lifevery.biz.ua\/index.php?rest_route=\/wp\/v2\/posts"}],"about":[{"href":"https:\/\/lifevery.biz.ua\/index.php?rest_route=\/wp\/v2\/types\/post"}],"author":[{"embeddable":true,"href":"https:\/\/lifevery.biz.ua\/index.php?rest_route=\/wp\/v2\/users\/1"}],"replies":[{"embeddable":true,"href":"https:\/\/lifevery.biz.ua\/index.php?rest_route=%2Fwp%2Fv2%2Fcomments&post=5821"}],"version-history":[{"count":1,"href":"https:\/\/lifevery.biz.ua\/index.php?rest_route=\/wp\/v2\/posts\/5821\/revisions"}],"predecessor-version":[{"id":5823,"href":"https:\/\/lifevery.biz.ua\/index.php?rest_route=\/wp\/v2\/posts\/5821\/revisions\/5823"}],"wp:featuredmedia":[{"embeddable":true,"href":"https:\/\/lifevery.biz.ua\/index.php?rest_route=\/wp\/v2\/media\/5822"}],"wp:attachment":[{"href":"https:\/\/lifevery.biz.ua\/index.php?rest_route=%2Fwp%2Fv2%2Fmedia&parent=5821"}],"wp:term":[{"taxonomy":"category","embeddable":true,"href":"https:\/\/lifevery.biz.ua\/index.php?rest_route=%2Fwp%2Fv2%2Fcategories&post=5821"},{"taxonomy":"post_tag","embeddable":true,"href":"https:\/\/lifevery.biz.ua\/index.php?rest_route=%2Fwp%2Fv2%2Ftags&post=5821"}],"curies":[{"name":"wp","href":"https:\/\/api.w.org\/{rel}","templated":true}]}}