{"id":5809,"date":"2026-03-18T05:18:57","date_gmt":"2026-03-18T05:18:57","guid":{"rendered":"https:\/\/lifevery.biz.ua\/?p=5809"},"modified":"2026-03-18T05:18:57","modified_gmt":"2026-03-18T05:18:57","slug":"tata-kolegi-11-latki-z-jeleniej-gory-zabral-glos-ujawnil-nieznane-fakty","status":"publish","type":"post","link":"https:\/\/lifevery.biz.ua\/?p=5809","title":{"rendered":"Tata kolegi 11-latki z Jeleniej G\u00f3ry zabra\u0142 g\u0142os. Ujawni\u0142 nieznane fakty"},"content":{"rendered":"\n<p>Ulica Wyspia\u0144skiego w Jeleniej G\u00f3rze sta\u0142a si\u0119 miejscem niewyobra\u017calnego smutku. W cieniu Szko\u0142y Podstawowej nr 10, gdzie jeszcze niedawno t\u0119tni\u0142o \u017cycie, mieszka\u0144cy tworz\u0105 spontaniczny pomnik pami\u0119ci dla \u201ez\u0142otego dziecka\u201d. Setki zniczy, maskotki i bia\u0142e kwiaty to niemi \u015bwiadkowie ho\u0142du oddawanego wzorowej uczennicy i harcerce, kt\u00f3rej brutalna \u015bmier\u0107 wstrz\u0105sn\u0119\u0142a ca\u0142ym miastem i pozostawi\u0142a po sobie pytania bez odpowiedzi. W\u015br\u00f3d \u017ca\u0142obnik\u00f3w znalaz\u0142 si\u0119 tata kolegi 11-latki, kt\u00f3ra straci\u0142a \u017cycie na skutek ataku.<\/p>\n\n\n\n<p>\u017ba\u0142oba po \u015bmierci 11-latki w Jeleniej G\u00f3rze<br>Koledzy i kole\u017canki ofiary gromadz\u0105 si\u0119 w miejscu tragedii<br>Tata kolegi 11-latki zabra\u0142 g\u0142os<br>Uczczenie pami\u0119ci o \u201ez\u0142otym dziecku\u201d<br>\u017ba\u0142oba po \u015bmierci 11-latki w Jeleniej G\u00f3rze<br>Przy ulicy Wyspia\u0144skiego w Jeleniej G\u00f3rze, w pobli\u017cu Szko\u0142y Podstawowej nr 10, rozegra\u0142y si\u0119 niezwykle wzruszaj\u0105ce sceny. Mieszka\u0144cy miasta, wstrz\u0105\u015bni\u0119ci tragiczn\u0105 \u015bmierci\u0105 11-latki, t\u0142umnie przybyli na miejsce zdarzenia, aby w symboliczny spos\u00f3b po\u017cegna\u0107 dziewczynk\u0119. Chodnik w miejscu tragedii zamieni\u0142 si\u0119 w pomnik pami\u0119ci \u2013 ludzie ustawiaj\u0105 tam setki zniczy, przynosz\u0105 kwiaty oraz maskotki, tworz\u0105c atmosfer\u0119 wsp\u00f3lnoty w obliczu tego niezrozumia\u0142ego dramatu.<\/p>\n\n\n\n<p>\u0141zy i niedowierzanie r\u00f3wie\u015bnik\u00f3w<br>Emocje towarzysz\u0105ce zgromadzeniu s\u0105 tak silne, \u017ce wielu obecnych nie potrafi ukry\u0107 \u0142ez. Szczeg\u00f3lnie bolesny jest widok r\u00f3wie\u015bnik\u00f3w ofiary \u2013 koleg\u00f3w i kole\u017canek ze szko\u0142y oraz harcerzy z jej dru\u017cyny, kt\u00f3rzy w milczeniu i szoku pr\u00f3buj\u0105 poj\u0105\u0107 strat\u0119 przyjaci\u00f3\u0142ki. B\u00f3l miesza si\u0119 tu z niedowierzaniem, a lokalna spo\u0142eczno\u015b\u0107 jednoczy si\u0119 w g\u0142\u0119bokim wsp\u00f3\u0142czuciu dla rodziny zmar\u0142ej, okazuj\u0105c solidarno\u015b\u0107 w tych najtrudniejszych chwilach.<\/p>\n\n\n\n<p>Rozpocz\u0105\u0142 si\u0119 pogrzeb Magdaleny Majtyki. \u017ba\u0142obnicy wnie\u015bli to do ko\u015bcio\u0142a. \u0141zy staj\u0105 w oczach<br>Czytaj dalej<br>Wygra\u0142a milion w &#8220;Milionerach&#8221;, wci\u0105\u017c czeka na pieni\u0105dze. Wyjawi\u0142a, jaki jest pow\u00f3d<br>Czytaj dalej<br>Szczery wywiad z mieszka\u0144cami<br>Niekt\u00f3rzy mieszka\u0144cy podzielili si\u0119 swoimi odczuciami z reporterem \u201cFaktu\u201d.<\/p>\n\n\n\n<p>Przyszli\u015bmy tutaj, bo nasz syn chodzi\u0142 razem z&nbsp;zamordowan\u0105 Danusi\u0105 do grupy harcerskiej. Bardzo nas ta tragedia dotkn\u0119\u0142a, niewyobra\u017calna strata dla rodziny przed samymi \u015bwi\u0119tami, taka m\u0142oda dziewczyna. Od wczoraj to prze\u017cywamy, bo nasze dzieci te\u017c s\u0105 w&nbsp;podobnym wieku \u2014&nbsp;12, 6&nbsp;i&nbsp;17 lat. Wcze\u015bniej si\u0119 o&nbsp;takich tragediach nie s\u0142ysza\u0142o. Nie znamy tej dziewczynki podejrzanej o&nbsp;zab\u00f3jstwo, ale nie dochodzimy, kim jest, bo to r\u00f3wnie\u017c tragedia tej drugiej rodziny. Nie wiadomo, co tam si\u0119 sta\u0142o &#8211;&nbsp;powiedzia\u0142 jeden z mieszka\u0144c\u00f3w<\/p>\n\n\n\n<p>Pami\u0119\u0107 o \u201ez\u0142otym dziecku\u201d<br>Ofiara tej tragedii wspominana jest przez otoczenie jako \u201ez\u0142ote dziecko\u201d \u2013 by\u0142a wzorow\u0105 uczennic\u0105, pogodn\u0105 i pe\u0142n\u0105 \u017cycia dziewczynk\u0105, kt\u00f3ra aktywnie anga\u017cowa\u0142a si\u0119 w wolontariat i harcerstwo. Fakt, \u017ce jej \u017cycie zosta\u0142o przerwane w tak brutalny spos\u00f3b, a o czyn podejrzewana jest zaledwie 12-letnia znajoma ze szko\u0142y, pot\u0119guje poczucie niesprawiedliwo\u015bci i bezradno\u015bci. Pami\u0119\u0107 o jej dobroci i zaanga\u017cowaniu pozostaje \u017cywa w\u015br\u00f3d wszystkich, kt\u00f3rzy przyszli odda\u0107 jej ostatni ho\u0142d.<\/p>\n\n\n\n<p>B\u0105d\u017a na bie\u017c\u0105co &#8211; najwa\u017cniejsze wiadomo\u015bci z kraju i zagranicy<\/p>\n\n\n\n<p><\/p>\n\n\n\n<p>PiS postawi\u0142 na &#8220;z\u0142ego konia&#8221;? Na szczycie nag\u0142e przetasowania. Nowy sonda\u017c nie pozostawia z\u0142udze\u0144<\/p>\n\n\n\n<p>Nie \u017cyje utalentowany pi\u0142karz. Polski klub przekaza\u0142 tragiczne informacje<\/p>\n\n\n\n<p>Gro\u017any wypadek w polski mie\u015bcie. Jedna osoba zosta\u0142a ranna<\/p>\n\n\n\n<p>Pad\u0142y strza\u0142y w kierunki szko\u0142y w samym centrum Warszawy. Jest komunikat policji<\/p>\n\n\n\n<p>Poszed\u0142 do pracy, nie \u017cyje. Tragedia w polskim mie\u015bcie, w akcji prokuratura<\/p>\n\n\n\n<p>[QUIZ] Ile naprawd\u0119 wiesz o swoich rachunkach za pr\u0105d? Mo\u017cesz si\u0119 zdziwi\u0107<\/p>\n\n\n\n<p><\/p>\n","protected":false},"excerpt":{"rendered":"Ulica Wyspia\u0144skiego w Jeleniej G\u00f3rze sta\u0142a si\u0119 miejscem niewyobra\u017calnego smutku. W cieniu Szko\u0142y Podstawowej nr 10, gdzie jeszcze niedawno t\u0119tni\u0142o \u017cycie, mieszka\u0144cy tworz\u0105 \n<a class=\"moretag\" href=\"https:\/\/lifevery.biz.ua\/?p=5809\"> [...]<\/a>","protected":false},"author":1,"featured_media":5810,"comment_status":"open","ping_status":"open","sticky":false,"template":"","format":"standard","meta":{"footnotes":""},"categories":[1],"tags":[],"class_list":["post-5809","post","type-post","status-publish","format-standard","has-post-thumbnail","hentry","category-blog"],"_links":{"self":[{"href":"https:\/\/lifevery.biz.ua\/index.php?rest_route=\/wp\/v2\/posts\/5809","targetHints":{"allow":["GET"]}}],"collection":[{"href":"https:\/\/lifevery.biz.ua\/index.php?rest_route=\/wp\/v2\/posts"}],"about":[{"href":"https:\/\/lifevery.biz.ua\/index.php?rest_route=\/wp\/v2\/types\/post"}],"author":[{"embeddable":true,"href":"https:\/\/lifevery.biz.ua\/index.php?rest_route=\/wp\/v2\/users\/1"}],"replies":[{"embeddable":true,"href":"https:\/\/lifevery.biz.ua\/index.php?rest_route=%2Fwp%2Fv2%2Fcomments&post=5809"}],"version-history":[{"count":1,"href":"https:\/\/lifevery.biz.ua\/index.php?rest_route=\/wp\/v2\/posts\/5809\/revisions"}],"predecessor-version":[{"id":5811,"href":"https:\/\/lifevery.biz.ua\/index.php?rest_route=\/wp\/v2\/posts\/5809\/revisions\/5811"}],"wp:featuredmedia":[{"embeddable":true,"href":"https:\/\/lifevery.biz.ua\/index.php?rest_route=\/wp\/v2\/media\/5810"}],"wp:attachment":[{"href":"https:\/\/lifevery.biz.ua\/index.php?rest_route=%2Fwp%2Fv2%2Fmedia&parent=5809"}],"wp:term":[{"taxonomy":"category","embeddable":true,"href":"https:\/\/lifevery.biz.ua\/index.php?rest_route=%2Fwp%2Fv2%2Fcategories&post=5809"},{"taxonomy":"post_tag","embeddable":true,"href":"https:\/\/lifevery.biz.ua\/index.php?rest_route=%2Fwp%2Fv2%2Ftags&post=5809"}],"curies":[{"name":"wp","href":"https:\/\/api.w.org\/{rel}","templated":true}]}}