{"id":5803,"date":"2026-03-18T05:14:29","date_gmt":"2026-03-18T05:14:29","guid":{"rendered":"https:\/\/lifevery.biz.ua\/?p=5803"},"modified":"2026-03-18T05:14:29","modified_gmt":"2026-03-18T05:14:29","slug":"specjalne-oswiadczenie-sadu-nowe-fakty-ws-zabojstwa-11-latki","status":"publish","type":"post","link":"https:\/\/lifevery.biz.ua\/?p=5803","title":{"rendered":"Specjalne o\u015bwiadczenie s\u0105du. Nowe fakty ws. zab\u00f3jstwa 11-latki"},"content":{"rendered":"\n<p>Nap\u0142ywaj\u0105 kolejne informacje ws. tragicznej \u015bmierci 11-latki w Jeleniej G\u00f3rze. Dzisiaj rano prokuratura wyda\u0142a specjalne o\u015bwiadczenie w sprawie, kt\u00f3re dotyczy 12-latki podejrzanej o zab\u00f3jstwo.<\/p>\n\n\n\n<p>O\u015bwiadczenie ws. zab\u00f3jstwa 11-latki<br>Szczeg\u00f3\u0142y wys\u0142uchania 12-latki<br>Wyniki sekcji zw\u0142ok<br>O\u015bwiadczenie ws. zab\u00f3jstwa 11-latki<br>Dzisiaj rano prokuratura o\u015bwiadczy\u0142a, \u017ce od tego momentu wszelkie kolejne informacje dotycz\u0105ce sprawy b\u0119dzie komunikowa\u0142 wy\u0142\u0105cznie s\u0105d. Jak dowiedzieli si\u0119 dziennikarze Onetu, dzisiaj na godzin\u0119 15:00 zaplanowano o\u015bwiadczenie medialne s\u0119dziny Agnieszki Manowskiej, wiceprezeski S\u0105du Rejonowego w Jeleniej G\u00f3rze.&nbsp;<\/p>\n\n\n\n<p>Od dzisiaj informacji na temat zdarzenia udziela wy\u0142\u0105cznie s\u0105d, kt\u00f3ry dosta\u0142 ju\u017c wi\u0119kszo\u015b\u0107 materia\u0142\u00f3w \u2013 poinformowa\u0142a dziennikarzy Onetu Ewa W\u0119glarowicz-Makowska, rzeczniczka Prokuratury Okr\u0119gowej w Jeleniej G\u00f3rze.<br><\/p>\n\n\n\n<p>Szczeg\u00f3\u0142y wys\u0142uchania 12-latki<br>Do opinii publicznej trafiaj\u0105 r\u00f3wnie\u017c kolejne detale dotycz\u0105ce wys\u0142uchania przeprowadzonego z 12-latk\u0105 podejrzan\u0105 o zab\u00f3jstwo kole\u017canki. W\u015br\u00f3d nowych informacji pojawia si\u0119 ta \u015bwiadcz\u0105ca o bezpo\u015brednim przeprowadzeniu wys\u0142uchania przez funkcjonariuszy policji, a nie \u015bledczych z prokuratury.&nbsp;<\/p>\n\n\n\n<p>Nie podano jednak do wiadomo\u015bci szczeg\u00f3\u0142\u00f3w wys\u0142uchania w tym informacji o mo\u017cliwym motywie dokonania zbrodni.<\/p>\n\n\n\n<p>Jak s\u0142yszymy, wys\u0142uchanie dziewczynki mia\u0142o na celu ustalenie og\u00f3lnych okoliczno\u015bci tej sprawy i poznanie jej sytuacji \u2013 informuje Onet.<\/p>\n\n\n\n<p>Rozpocz\u0105\u0142 si\u0119 pogrzeb Magdaleny Majtyki. \u017ba\u0142obnicy wnie\u015bli to do ko\u015bcio\u0142a. \u0141zy staj\u0105 w oczach<br>Czytaj dalej<br>Wygra\u0142a milion w &#8220;Milionerach&#8221;, wci\u0105\u017c czeka na pieni\u0105dze. Wyjawi\u0142a, jaki jest pow\u00f3d<br>Czytaj dalej<br>Wyniki sekcji zw\u0142ok<br>Prawdopodobnie dzisiaj po godzinie 15:00 w o\u015bwiadczeniu s\u0105du pojawi si\u0119 wi\u0119cej szczeg\u00f3\u0142\u00f3w dotycz\u0105cych sekcji zw\u0142ok 11-letniej dziewczynki ugodzonej no\u017cem. O wszystkich aktualizacjach w sprawie b\u0119dziemy na bie\u017c\u0105co informowa\u0107.<br><\/p>\n","protected":false},"excerpt":{"rendered":"Nap\u0142ywaj\u0105 kolejne informacje ws. tragicznej \u015bmierci 11-latki w Jeleniej G\u00f3rze. Dzisiaj rano prokuratura wyda\u0142a specjalne o\u015bwiadczenie w sprawie, kt\u00f3re dotyczy 12-latki podejrzanej o \n<a class=\"moretag\" href=\"https:\/\/lifevery.biz.ua\/?p=5803\"> [...]<\/a>","protected":false},"author":1,"featured_media":5804,"comment_status":"open","ping_status":"open","sticky":false,"template":"","format":"standard","meta":{"footnotes":""},"categories":[1],"tags":[],"class_list":["post-5803","post","type-post","status-publish","format-standard","has-post-thumbnail","hentry","category-blog"],"_links":{"self":[{"href":"https:\/\/lifevery.biz.ua\/index.php?rest_route=\/wp\/v2\/posts\/5803","targetHints":{"allow":["GET"]}}],"collection":[{"href":"https:\/\/lifevery.biz.ua\/index.php?rest_route=\/wp\/v2\/posts"}],"about":[{"href":"https:\/\/lifevery.biz.ua\/index.php?rest_route=\/wp\/v2\/types\/post"}],"author":[{"embeddable":true,"href":"https:\/\/lifevery.biz.ua\/index.php?rest_route=\/wp\/v2\/users\/1"}],"replies":[{"embeddable":true,"href":"https:\/\/lifevery.biz.ua\/index.php?rest_route=%2Fwp%2Fv2%2Fcomments&post=5803"}],"version-history":[{"count":1,"href":"https:\/\/lifevery.biz.ua\/index.php?rest_route=\/wp\/v2\/posts\/5803\/revisions"}],"predecessor-version":[{"id":5805,"href":"https:\/\/lifevery.biz.ua\/index.php?rest_route=\/wp\/v2\/posts\/5803\/revisions\/5805"}],"wp:featuredmedia":[{"embeddable":true,"href":"https:\/\/lifevery.biz.ua\/index.php?rest_route=\/wp\/v2\/media\/5804"}],"wp:attachment":[{"href":"https:\/\/lifevery.biz.ua\/index.php?rest_route=%2Fwp%2Fv2%2Fmedia&parent=5803"}],"wp:term":[{"taxonomy":"category","embeddable":true,"href":"https:\/\/lifevery.biz.ua\/index.php?rest_route=%2Fwp%2Fv2%2Fcategories&post=5803"},{"taxonomy":"post_tag","embeddable":true,"href":"https:\/\/lifevery.biz.ua\/index.php?rest_route=%2Fwp%2Fv2%2Ftags&post=5803"}],"curies":[{"name":"wp","href":"https:\/\/api.w.org\/{rel}","templated":true}]}}