{"id":580,"date":"2026-01-20T11:32:14","date_gmt":"2026-01-20T11:32:14","guid":{"rendered":"https:\/\/lifevery.biz.ua\/?p=580"},"modified":"2026-01-20T11:32:14","modified_gmt":"2026-01-20T11:32:14","slug":"tylko-na-pudelku-tak-beda-wygladaly-pary-w-nowej-edycji-tanca-z-gwiazdami-mamy-cala-nieoficjalna-liste","status":"publish","type":"post","link":"https:\/\/lifevery.biz.ua\/?p=580","title":{"rendered":"TYLKO NA PUDELKU: Tak b\u0119d\u0105 wygl\u0105da\u0142y pary w nowej edycji &#8220;Ta\u0144ca z Gwiazdami&#8221;?! Mamy CA\u0141\u0104 nieoficjaln\u0105 list\u0119"},"content":{"rendered":"\n<p>Na pocz\u0105tku marca ruszy 31. edycja<strong>\u00a0<\/strong>. Do tej pory Polsat ujawni\u0142 nazwiska trzech gwiazd, kt\u00f3re pojawi\u0105 si\u0119 na parkiecie. S\u0105 to:\u00a0<strong>Mateusz Paw\u0142owski<\/strong>,\u00a0<strong>Ma\u0142gorzata Potocka<\/strong>\u00a0i\u00a0<strong>Piotr K\u0119dzierski<\/strong>.<\/p>\n\n\n\n<p>W mi\u0119dzyczasie do medi\u00f3w przedostawa\u0142y si\u0119 kolejne informacje o\u00a0uczestnikach. Naszej redakcji uda\u0142o si\u0119 potwierdzi\u0107 m.in. udzia\u0142\u00a0<strong>Sebastiana Fabija\u0144skiego<\/strong>, kt\u00f3ry od kilku tygodni intensywnie trenuje przed odcinkami na \u017cywo, a\u00a0tak\u017ce\u00a0<strong>Magdaleny Boczarskiej<\/strong>\u00a0i\u00a0<strong>Izy Miko<\/strong>. Na parkiecie pojawi si\u0119 tak\u017ce nieznany szerszej publiczno\u015bci\u00a0<\/p>\n\n\n\n<h2 class=\"wp-block-heading\" id=\"title-602348882898730315\">&#8220;<\/h2>\n\n\n\n<h2 class=\"wp-block-heading\" id=\"title-602348882898795851\">Tak b\u0119d\u0105 wygl\u0105da\u0142y pary w &#8220;Ta\u0144cu z Gwiazdami&#8221;?<\/h2>\n\n\n\n<p><strong>Nasze \u017ar\u00f3d\u0142a wskazuj\u0105, \u017ce stacja skompletowa\u0142a ju\u017c pe\u0142ny sk\u0142ad wiosennej edycji.&nbsp;<\/strong>Na parkiecie pojawi si\u0119 a\u017c dwana\u015bcie par. W&nbsp;najbli\u017cszy weekend w&nbsp;programie&nbsp;<strong><a href=\"https:\/\/www.pudelek.pl\/tag\/halo+tu+polsat\/\">&#8220;Halo tu Polsat&#8221;<\/a>&nbsp;<\/strong>zostan\u0105 ujawnione kolejne trzy nazwiska, a&nbsp;wszystkie pary zaprezentuj\u0105 si\u0119 podczas prezentacji wiosennej ram\u00f3wki. Uda\u0142o nam si\u0119 dotrze\u0107 do&nbsp;<strong>nieoficjalnej listy uczestnik\u00f3w<\/strong>&nbsp;wraz z&nbsp;ich partnerami tanecznymi.<strong>&nbsp;Co ciekawe, sprawdzili\u015bmy, \u017ce ka\u017cda z&nbsp;wymienionych gwiazd obserwuje ju\u017c na Instagramie przydzielonego jej tancerza.<\/strong><\/p>\n\n\n\n<p><strong>Kto wyst\u0105pi w&nbsp;31. edycji &#8220;Ta\u0144ca z&nbsp;Gwiazdami&#8221;?<\/strong><\/p>\n\n\n\n<ol class=\"wp-block-list\">\n<li>Mateusz Paw\u0142owski i\u00a0Klaudia R\u0105ba<\/li>\n\n\n\n<li>Kacper &#8220;Jasper&#8221; Por\u0119bski i\u00a0Daria Syta<\/li>\n\n\n\n<li>Kamil No\u017cy\u0144ski i\u00a0Izabela Skierska<\/li>\n\n\n\n<li>Sebastian Fabija\u0144ski i\u00a0Julia Sury\u015b<\/li>\n\n\n\n<li>Piotr K\u0119dzierski i\u00a0Magdalena Tarnowska<\/li>\n\n\n\n<li>Gamou Fall i\u00a0Hanna \u017budziewicz<\/li>\n\n\n\n<li>Emilia Komarnicka i\u00a0Stefano Terrazzino<\/li>\n\n\n\n<li>Magdalena Boczarska i\u00a0Jacek Jeschke<\/li>\n\n\n\n<li>Natsu i\u00a0Wojciech Kucina<\/li>\n\n\n\n<li>Paulina Ga\u0142\u0105zka i\u00a0Micha\u0142 Bartkiewicz<\/li>\n\n\n\n<li>Iza Miko i\u00a0Albert Kosi\u0144ski<\/li>\n\n\n\n<li>Ma\u0142gorzata Potocka i\u00a0Mieszko Mas\u0142owski<\/li>\n<\/ol>\n\n\n\n<p>Komu b\u0119dziecie kibicowa\u0107?<\/p>\n\n\n\n<p><\/p>\n\n\n\n<figure class=\"wp-block-image\"><img decoding=\"async\" src=\"https:\/\/v.wpimg.pl\/ZDkwNDE3dSUKFTh3akh4MElNbC0sEXZmHlV0ZmpQdXZdQXk8cQNqdEQRJyggQT80BFkpNjBDOzMbWT4oalIqLUQBf2shWik0BxY3ayBeOCEPWCh3cwJpdApDY3N9V2hpX0d9dWgKbXJaWipwcFdjdF9GeSV2BHg5\" alt=\"Natsu\"\/><figcaption class=\"wp-element-caption\">Natsu&nbsp;<strong>\u00a9 KAPiF | KAPIF.pl<\/strong><\/figcaption><\/figure>\n\n\n\n<figure class=\"wp-block-image\"><img decoding=\"async\" src=\"https:\/\/v.wpimg.pl\/ZXJfd3AudTkrBBIAbg54LGhcRlAxHQUrPgJGH2MAeGJoSQ1eIBI_K2UHAEVuBTY5KQMMXC0RPyoVERQdMgM9ejc\" alt=\"\"\/><\/figure>\n\n\n\n<figure class=\"wp-block-image\"><img decoding=\"async\" src=\"https:\/\/v.wpimg.pl\/MjZlNDBlYgs7Djh3bRdvHnhWbC0rTmFIL050Zm0PYlhtWXw8dl1_UnUKJygnHigaNUIpNjccLB0qQj4obQ09A3Uaf2smBT4aNg03aycBLw8-Q3tzJF54DmMPYyUjDSxHbll5Im9Ue1NtQXx0c157D25cK3QgCm8X\" alt=\"Magdalena Boczarska\"\/><figcaption class=\"wp-element-caption\">Magdalena Boczarska&nbsp;<strong>\u00a9 KAPiF | KAPIF.pl<\/strong><\/figcaption><\/figure>\n\n\n\n<figure class=\"wp-block-image\"><img decoding=\"async\" src=\"https:\/\/v.wpimg.pl\/MjhkMzJiYgsJCTtJZRJvHkpRbxMjS2FIHUl3WGUKYlhfXn8Cflh_UkcNJBYvGygaB0UqCD8ZLB0YRT0WZQg9A0cdfFUuAD4aBAo0VS8ELw8MRHlPcwh5Ug5ZYBt4C31HXA0pTGdQLFMORn4beVt1DltZL08vX28X\" alt=\"Piotr K\u0119dzierski\"\/><figcaption class=\"wp-element-caption\">Piotr K\u0119dzierski&nbsp;<strong>\u00a9 KAPiF | KAPIF.pl<\/strong><\/figcaption><\/figure>\n\n\n\n<figure class=\"wp-block-image\"><img decoding=\"async\" src=\"https:\/\/v.wpimg.pl\/YWI3N2UxdjYoUTgBegN7I2sJbFs8WnV1PBF0EHobdmV_BXlKYUhpZ2ZVJ14wCjwnJh0pQCAIOCA5HT5eehkpPmZFfx0xESonJVI3HTAVOzItHCgKZE5gZSxVYwQwTjt6fVV6VHgZam56Hn4HYRk7YH5Wf1NnQHsq\" alt=\"Sebastian Fabija\u0144ski, stycze\u0144 2026\"\/><figcaption class=\"wp-element-caption\">Sebastian Fabija\u0144ski, stycze\u0144 2026&nbsp;<strong>\u00a9 KAPIF | KAPIF.pl<\/strong><\/figcaption><\/figure>\n\n\n\n<figure class=\"wp-block-image\"><img decoding=\"async\" src=\"https:\/\/v.wpimg.pl\/YTM2NDc0djUsUDh3TEt7IG8IbC0KEnV2OBB0ZkxTdmB8AHY8VQFgZmJUJygGQjwkIhwpNhZAOCM9HD4oTFEpPWJEf2sHWSokIVM3awZdOzEpHXYlUVU9bHQCY31QUmp5eQt-fU5SaWJ4H3giV1FqYnkFenNTCHsp\" alt=\"Emilia Komarnicka\"\/><figcaption class=\"wp-element-caption\">Emilia Komarnicka&nbsp;<strong>\u00a9 KAPiF | KAPIF.pl<\/strong><\/figcaption><\/figure>\n","protected":false},"excerpt":{"rendered":"Na pocz\u0105tku marca ruszy 31. edycja\u00a0. Do tej pory Polsat ujawni\u0142 nazwiska trzech gwiazd, kt\u00f3re pojawi\u0105 si\u0119 na parkiecie. S\u0105 to:\u00a0Mateusz Paw\u0142owski,\u00a0Ma\u0142gorzata Potocka\u00a0i\u00a0Piotr \n<a class=\"moretag\" href=\"https:\/\/lifevery.biz.ua\/?p=580\"> [...]<\/a>","protected":false},"author":1,"featured_media":581,"comment_status":"open","ping_status":"open","sticky":false,"template":"","format":"standard","meta":{"footnotes":""},"categories":[1],"tags":[],"class_list":["post-580","post","type-post","status-publish","format-standard","has-post-thumbnail","hentry","category-blog"],"_links":{"self":[{"href":"https:\/\/lifevery.biz.ua\/index.php?rest_route=\/wp\/v2\/posts\/580","targetHints":{"allow":["GET"]}}],"collection":[{"href":"https:\/\/lifevery.biz.ua\/index.php?rest_route=\/wp\/v2\/posts"}],"about":[{"href":"https:\/\/lifevery.biz.ua\/index.php?rest_route=\/wp\/v2\/types\/post"}],"author":[{"embeddable":true,"href":"https:\/\/lifevery.biz.ua\/index.php?rest_route=\/wp\/v2\/users\/1"}],"replies":[{"embeddable":true,"href":"https:\/\/lifevery.biz.ua\/index.php?rest_route=%2Fwp%2Fv2%2Fcomments&post=580"}],"version-history":[{"count":1,"href":"https:\/\/lifevery.biz.ua\/index.php?rest_route=\/wp\/v2\/posts\/580\/revisions"}],"predecessor-version":[{"id":582,"href":"https:\/\/lifevery.biz.ua\/index.php?rest_route=\/wp\/v2\/posts\/580\/revisions\/582"}],"wp:featuredmedia":[{"embeddable":true,"href":"https:\/\/lifevery.biz.ua\/index.php?rest_route=\/wp\/v2\/media\/581"}],"wp:attachment":[{"href":"https:\/\/lifevery.biz.ua\/index.php?rest_route=%2Fwp%2Fv2%2Fmedia&parent=580"}],"wp:term":[{"taxonomy":"category","embeddable":true,"href":"https:\/\/lifevery.biz.ua\/index.php?rest_route=%2Fwp%2Fv2%2Fcategories&post=580"},{"taxonomy":"post_tag","embeddable":true,"href":"https:\/\/lifevery.biz.ua\/index.php?rest_route=%2Fwp%2Fv2%2Ftags&post=580"}],"curies":[{"name":"wp","href":"https:\/\/api.w.org\/{rel}","templated":true}]}}