{"id":5795,"date":"2026-03-17T06:26:58","date_gmt":"2026-03-17T06:26:58","guid":{"rendered":"https:\/\/lifevery.biz.ua\/?p=5795"},"modified":"2026-03-17T06:26:58","modified_gmt":"2026-03-17T06:26:58","slug":"zabjstwo-11-latki-z-jeleniej-gory-nieoficjalnie-12-latka-trafi-do-zakladu-poprawczego","status":"publish","type":"post","link":"https:\/\/lifevery.biz.ua\/?p=5795","title":{"rendered":"Zab*jstwo 11-latki z Jeleniej G\u00f3ry. Nieoficjalnie: 12-latka trafi do zak\u0142adu poprawczego"},"content":{"rendered":"\n<p>S\u0105d rodzinny zastosowa\u0142 wobec 12-letniej dziewczynki \u015brodek tymczasowy po \u015bmierci 11-letniej Danusi w Jeleniej G\u00f3rze. Cho\u0107 szczeg\u00f3\u0142y decyzji nie zosta\u0142y ujawnione, nieoficjalnie m\u00f3wi si\u0119 o mo\u017cliwym umieszczeniu nieletniej w zak\u0142adzie poprawczym.<\/p>\n\n\n\n<p>Zab\u00f3jstwo 11-latki w Jeleniej G\u00f3rze. S\u0105d zastosowa\u0142 \u015brodek tymczasowy<br>W poniedzia\u0142ek, 15 grudnia, w rejonie ulic Wyspia\u0144skiego i S\u0142owackiego w Jeleniej G\u00f3rze znaleziono cia\u0142o 11-letniej dziewczynki. Jak potwierdzi\u0142y s\u0142u\u017cby, dziecko mia\u0142o rany zadane ostrym narz\u0119dziem. Na miejscu zabezpieczono n\u00f3\u017c typu \u201efinka\u201d, kt\u00f3ry najprawdopodobniej by\u0142 narz\u0119dziem zbrodni.<\/p>\n\n\n\n<p>W zwi\u0105zku ze spraw\u0105 policja ustali\u0142a 12-letni\u0105 uczennic\u0119 tej samej szko\u0142y jako osob\u0119 mog\u0105c\u0105 mie\u0107 zwi\u0105zek ze zdarzeniem. Ze wzgl\u0119du na jej wiek nie prowadzi si\u0119 wobec niej post\u0119powania karnego. Sprawa od pocz\u0105tku toczy si\u0119 w trybie przewidzianym dla nieletnich.<\/p>\n\n\n\n<p>Fot: Pomorska Policja<\/p>\n\n\n\n<p>S\u0119dzia potwierdza decyzj\u0119. Posiedzenie odby\u0142o si\u0119 za zamkni\u0119tymi drzwiami<br>W \u015brod\u0119 do S\u0105du Rejonowego w Jeleniej G\u00f3rze wp\u0142yn\u0119\u0142y akta policyjne dotycz\u0105ce nieletniej. Jak poinformowa\u0142a s\u0119dzia Agnieszka Makowska, wiceprezes s\u0105du, odby\u0142o si\u0119 posiedzenie z udzia\u0142em dziewczynki.<\/p>\n\n\n\n<p>S\u0105d zastosowa\u0142 wobec nieletniej \u015brodek tymczasowy \u2013 przekaza\u0142a s\u0119dzia, nie ujawniaj\u0105c jego charakteru.&nbsp;<\/p>\n\n\n\n<p>Podkre\u015bli\u0142a r\u00f3wnie\u017c, \u017ce ca\u0142e post\u0119powanie prowadzone jest z wy\u0142\u0105czeniem jawno\u015bci, zgodnie z przepisami chroni\u0105cymi dobro dziecka. 12-latka zosta\u0142a wcze\u015bniej wys\u0142uchana przez policj\u0119. Materia\u0142y zgromadzone w sprawie trafi\u0142y do s\u0105du rodzinnego, kt\u00f3ry b\u0119dzie decydowa\u0142 o dalszych krokach.<br>Czytaj wi\u0119cej: https:\/\/goniec.pl\/zabjstwo-11-latki-z-jeleniej-gory-nieoficjalnie-12-latka-trafi-do-zakladu-poprawczego-sd-wksw-171225<\/p>\n","protected":false},"excerpt":{"rendered":"S\u0105d rodzinny zastosowa\u0142 wobec 12-letniej dziewczynki \u015brodek tymczasowy po \u015bmierci 11-letniej Danusi w Jeleniej G\u00f3rze. Cho\u0107 szczeg\u00f3\u0142y decyzji nie zosta\u0142y ujawnione, nieoficjalnie m\u00f3wi \n<a class=\"moretag\" href=\"https:\/\/lifevery.biz.ua\/?p=5795\"> [...]<\/a>","protected":false},"author":1,"featured_media":5796,"comment_status":"open","ping_status":"open","sticky":false,"template":"","format":"standard","meta":{"footnotes":""},"categories":[1],"tags":[],"class_list":["post-5795","post","type-post","status-publish","format-standard","has-post-thumbnail","hentry","category-blog"],"_links":{"self":[{"href":"https:\/\/lifevery.biz.ua\/index.php?rest_route=\/wp\/v2\/posts\/5795","targetHints":{"allow":["GET"]}}],"collection":[{"href":"https:\/\/lifevery.biz.ua\/index.php?rest_route=\/wp\/v2\/posts"}],"about":[{"href":"https:\/\/lifevery.biz.ua\/index.php?rest_route=\/wp\/v2\/types\/post"}],"author":[{"embeddable":true,"href":"https:\/\/lifevery.biz.ua\/index.php?rest_route=\/wp\/v2\/users\/1"}],"replies":[{"embeddable":true,"href":"https:\/\/lifevery.biz.ua\/index.php?rest_route=%2Fwp%2Fv2%2Fcomments&post=5795"}],"version-history":[{"count":1,"href":"https:\/\/lifevery.biz.ua\/index.php?rest_route=\/wp\/v2\/posts\/5795\/revisions"}],"predecessor-version":[{"id":5797,"href":"https:\/\/lifevery.biz.ua\/index.php?rest_route=\/wp\/v2\/posts\/5795\/revisions\/5797"}],"wp:featuredmedia":[{"embeddable":true,"href":"https:\/\/lifevery.biz.ua\/index.php?rest_route=\/wp\/v2\/media\/5796"}],"wp:attachment":[{"href":"https:\/\/lifevery.biz.ua\/index.php?rest_route=%2Fwp%2Fv2%2Fmedia&parent=5795"}],"wp:term":[{"taxonomy":"category","embeddable":true,"href":"https:\/\/lifevery.biz.ua\/index.php?rest_route=%2Fwp%2Fv2%2Fcategories&post=5795"},{"taxonomy":"post_tag","embeddable":true,"href":"https:\/\/lifevery.biz.ua\/index.php?rest_route=%2Fwp%2Fv2%2Ftags&post=5795"}],"curies":[{"name":"wp","href":"https:\/\/api.w.org\/{rel}","templated":true}]}}