{"id":5780,"date":"2026-03-17T06:14:49","date_gmt":"2026-03-17T06:14:49","guid":{"rendered":"https:\/\/lifevery.biz.ua\/?p=5780"},"modified":"2026-03-17T06:14:49","modified_gmt":"2026-03-17T06:14:49","slug":"dezinformujace-wpisy-i-nagrania-kraza-po-internecie-po-tragedii-w-jeleniej-gorze-apel-o-rozwage","status":"publish","type":"post","link":"https:\/\/lifevery.biz.ua\/?p=5780","title":{"rendered":"Dezinformuj\u0105ce wpisy i nagrania kr\u0105\u017c\u0105 po internecie po tragedii w Jeleniej G\u00f3rze. Apel o rozwag\u0119"},"content":{"rendered":"\n<p>Po tragicznych doniesieniach z Jeleniej G\u00f3ry w Internecie zacz\u0119\u0142y pojawia\u0107 si\u0119 serie dezinformuj\u0105cych wpis\u00f3w dotycz\u0105cych zaj\u015bcia. Jednym z nich jest fa\u0142szywa informacja o pochodzeniu 12-latki, kt\u00f3ra mia\u0142a zaatakowa\u0107 Danusi\u0119. W takich sytuacjach wa\u017cna jest rozwaga i umiej\u0119tne sprawdzanie \u017ar\u00f3de\u0142.<\/p>\n\n\n\n<p>Tragiczne doniesienia z Jeleniej G\u00f3ry wstrz\u0105sn\u0119\u0142y Polsk\u0105<br>Nieprawdziwe informacji w sprawie kr\u0105\u017c\u0105 po internecie<br>Apel o sprawdzanie \u017ar\u00f3de\u0142 i zg\u0142aszanie&nbsp;<br>Tragedia w Jeleniej G\u00f3rze: \u015amier\u0107 11-letniej Danusi wstrz\u0105sn\u0119\u0142a miastem<br>Jelenia G\u00f3ra pogr\u0105\u017cy\u0142a si\u0119 w g\u0142\u0119bokim smutku po tragicznych wydarzeniach, do kt\u00f3rych dosz\u0142o w poniedzia\u0142ek, 15 grudnia. W bia\u0142y dzie\u0144, nieopodal Szko\u0142y Podstawowej nr 10 przy ulicy Wyspia\u0144skiego, odnaleziono cia\u0142o 11-letniej Danusi. Dziewczynka zgin\u0119\u0142a w wyniku brutalnego ataku &#8211; na jej ciele ujawniono liczne rany zadane ostrym narz\u0119dziem.<\/p>\n\n\n\n<p>Informacja o \u015bmierci dziecka postawi\u0142a na nogi wszystkie s\u0142u\u017cby. Jeszcze tego samego dnia prokuratura oraz policja poinformowa\u0142y o zatrzymaniu osoby mog\u0105cej mie\u0107 zwi\u0105zek z t\u0105 zbrodni\u0105. Ku ogromnemu zaskoczeniu opinii publicznej, zatrzyman\u0105 okaza\u0142a si\u0119 12-letnia dziewczynka, uczennica tej samej plac\u00f3wki, do kt\u00f3rej ucz\u0119szcza\u0142a ofiara. Wed\u0142ug wst\u0119pnych ustale\u0144 prokuratury, dziewczynki zna\u0142y si\u0119 z widzenia, jednak motywy tego drastycznego czynu pozostaj\u0105 na razie niejasne.<\/p>\n\n\n\n<p>Rzeczniczka Prokuratury Okr\u0119gowej w Jeleniej G\u00f3rze, Ewa W\u0119glarowicz-Makowska, potwierdzi\u0142a, \u017ce na miejscu zdarzenia zabezpieczono liczne \u015blady oraz narz\u0119dzie zbrodni. Ze wzgl\u0119du na wiek osoby zatrzymanej, spraw\u0105 zajmuje si\u0119 r\u00f3wnie\u017c s\u0105d rodzinny, a \u015bledczy pracuj\u0105 pod ogromn\u0105 presj\u0105 czasu, by precyzyjnie odtworzy\u0107 przebieg ostatnich chwil \u017cycia Danusi.<\/p>\n\n\n\n<p>W mie\u015bcie powo\u0142ano sztab kryzysowy. Prezydent Jeleniej G\u00f3ry og\u0142osi\u0142 sobot\u0119, 20 grudnia, dniem \u017ca\u0142oby. Szko\u0142a, do kt\u00f3rej chodzi\u0142a 11-latka, zosta\u0142a obj\u0119ta opiek\u0105 psychologiczn\u0105, a dla uczni\u00f3w, rodzic\u00f3w i nauczycieli przygotowano specjalne dy\u017cury terapeutyczne.<\/p>\n\n\n\n<p>Pogrzeb Danusi odb\u0119dzie si\u0119 w sobot\u0119 o godzinie 12:00 w kaplicy na Starym Cmentarzu Komunalnym. W\u0142adze miasta oraz bliscy zmar\u0142ej apeluj\u0105 o uszanowanie prywatno\u015bci rodziny w tych niewyobra\u017calnie trudnych chwilach. Jelenia G\u00f3ra jednoczy si\u0119 w b\u00f3lu, pr\u00f3buj\u0105c zrozumie\u0107 tragedi\u0119, kt\u00f3ra nigdy nie powinna mie\u0107 miejsca.<\/p>\n\n\n\n<p>Tragedia wstrz\u0105sn\u0119\u0142a ca\u0142\u0105 Polsk\u0105, a w mediach regularnie pojawiaj\u0105 si\u0119 informacje na temat zaj\u015bcia. W sieci pojawiaj\u0105 si\u0119 te\u017c nieprawdziwe informacje, na kt\u00f3re trzeba zwraca\u0107 uwag\u0119.&nbsp;<\/p>\n\n\n\n<p><\/p>\n","protected":false},"excerpt":{"rendered":"Po tragicznych doniesieniach z Jeleniej G\u00f3ry w Internecie zacz\u0119\u0142y pojawia\u0107 si\u0119 serie dezinformuj\u0105cych wpis\u00f3w dotycz\u0105cych zaj\u015bcia. Jednym z nich jest fa\u0142szywa informacja o \n<a class=\"moretag\" href=\"https:\/\/lifevery.biz.ua\/?p=5780\"> [...]<\/a>","protected":false},"author":1,"featured_media":5781,"comment_status":"open","ping_status":"open","sticky":false,"template":"","format":"standard","meta":{"footnotes":""},"categories":[1],"tags":[],"class_list":["post-5780","post","type-post","status-publish","format-standard","has-post-thumbnail","hentry","category-blog"],"_links":{"self":[{"href":"https:\/\/lifevery.biz.ua\/index.php?rest_route=\/wp\/v2\/posts\/5780","targetHints":{"allow":["GET"]}}],"collection":[{"href":"https:\/\/lifevery.biz.ua\/index.php?rest_route=\/wp\/v2\/posts"}],"about":[{"href":"https:\/\/lifevery.biz.ua\/index.php?rest_route=\/wp\/v2\/types\/post"}],"author":[{"embeddable":true,"href":"https:\/\/lifevery.biz.ua\/index.php?rest_route=\/wp\/v2\/users\/1"}],"replies":[{"embeddable":true,"href":"https:\/\/lifevery.biz.ua\/index.php?rest_route=%2Fwp%2Fv2%2Fcomments&post=5780"}],"version-history":[{"count":1,"href":"https:\/\/lifevery.biz.ua\/index.php?rest_route=\/wp\/v2\/posts\/5780\/revisions"}],"predecessor-version":[{"id":5782,"href":"https:\/\/lifevery.biz.ua\/index.php?rest_route=\/wp\/v2\/posts\/5780\/revisions\/5782"}],"wp:featuredmedia":[{"embeddable":true,"href":"https:\/\/lifevery.biz.ua\/index.php?rest_route=\/wp\/v2\/media\/5781"}],"wp:attachment":[{"href":"https:\/\/lifevery.biz.ua\/index.php?rest_route=%2Fwp%2Fv2%2Fmedia&parent=5780"}],"wp:term":[{"taxonomy":"category","embeddable":true,"href":"https:\/\/lifevery.biz.ua\/index.php?rest_route=%2Fwp%2Fv2%2Fcategories&post=5780"},{"taxonomy":"post_tag","embeddable":true,"href":"https:\/\/lifevery.biz.ua\/index.php?rest_route=%2Fwp%2Fv2%2Ftags&post=5780"}],"curies":[{"name":"wp","href":"https:\/\/api.w.org\/{rel}","templated":true}]}}