{"id":5777,"date":"2026-03-17T06:13:08","date_gmt":"2026-03-17T06:13:08","guid":{"rendered":"https:\/\/lifevery.biz.ua\/?p=5777"},"modified":"2026-03-17T06:13:08","modified_gmt":"2026-03-17T06:13:08","slug":"smierc-11-latki-w-jeleniej-gorze-psychiatra-o-przyczynach-zabojstw-wsrod-dzieci","status":"publish","type":"post","link":"https:\/\/lifevery.biz.ua\/?p=5777","title":{"rendered":"\u015amier\u0107 11-latki w Jeleniej G\u00f3rze. Psychiatra o przyczynach zab\u00f3jstw w\u015br\u00f3d dzieci"},"content":{"rendered":"\n<p>Lokaln\u0105 spo\u0142eczno\u015bci\u0105 w Jeleniej G\u00f3rze wstrz\u0105sn\u0119\u0142a wiadomo\u015b\u0107 o \u015bmierci 11-letniej <\/p>\n\n\n\n<p><\/p>\n\n\n\n<p>Danusi. Jeszcze wi\u0119kszy szok opinii publicznej wywo\u0142a\u0142y doniesienia o zatrzymaniu w tej sprawie zaledwie 12-letniej dziewczynki. Wci\u0105\u017c bez odpowiedzi pozostaje pytanie o to, jakie by\u0142y przyczyny agresywnego aktu.<\/p>\n\n\n\n<p>Tragiczna zbrodnia w Jeleniej G\u00f3rze<\/p>\n\n\n\n<p><br>Tragedia, do kt\u00f3rej dosz\u0142o w Jeleniej G\u00f3rze, wymyka si\u0119 standardowym ramom pojmowania przest\u0119pczo\u015bci, przede wszystkim ze wzgl\u0119du na wiek osoby podejrzewanej. Odnalezienie cia\u0142a 11-letniej dziewczynki doprowadzi\u0142o \u015bledczych do zatrzymania jej o rok starszej znajomej ze szko\u0142y. W \u015bwietle polskiego prawa karnego wiek ten stanowi fundamentaln\u0105 barier\u0119 zmieniaj\u0105c\u0105 \u015bcie\u017ck\u0119 post\u0119powania wymiaru sprawiedliwo\u015bci. Zgodnie z obowi\u0105zuj\u0105cymi przepisami, granica odpowiedzialno\u015bci karnej w Polsce rozpoczyna si\u0119 co do zasady od uko\u0144czenia 17. roku \u017cycia, a w wyj\u0105tkowych przypadkach, przy najci\u0119\u017cszych zbrodniach takich jak zab\u00f3jstwo, mo\u017ce zosta\u0107 obni\u017cona do lat 14. Jednak 12-latka, nawet w obliczu tak powa\u017cnych zarzut\u00f3w, nie jest w \u015bwietle kodeksu karnego przest\u0119pc\u0105, lecz osob\u0105 nieletni\u0105 wykazuj\u0105c\u0105 przejawy demoralizacji lub dopuszczaj\u0105c\u0105 si\u0119 czynu karalnego.<\/p>\n\n\n\n<p>Fot. tomeqs\/Getty Images\/CanvaPro<br>Oznacza to, \u017ce w tej sprawie nie b\u0119dzie toczy\u0142 si\u0119 standardowy proces karny zako\u0144czony wyrokiem wi\u0119zienia, a spraw\u0105 zajmie si\u0119 s\u0105d rodzinny i nieletnich. To w\u0142a\u015bnie ta instytucja zdecyduje o dalszym losie dziewczynki, maj\u0105c do dyspozycji wachlarz \u015brodk\u00f3w wychowawczych i leczniczych, od nadzoru kuratora, przez umieszczenie w m\u0142odzie\u017cowym o\u015brodku wychowawczym, a\u017c po skierowanie do zak\u0142adu poprawczego. Sytuacja ta rodzi spo\u0142eczne niezrozumienie, jednak prawo chroni dzieci przed rygorem wi\u0119ziennictwa przeznaczonego dla doros\u0142ych. Eksperci prawa karnego podkre\u015blaj\u0105, \u017ce w przypadku tak m\u0142odych sprawc\u00f3w priorytetem systemu nie jest odp\u0142ata za czyn, lecz resocjalizacja i terapia. Post\u0119powanie w sprawach nieletnich koncentruje si\u0119 na ustaleniu, czy dosz\u0142o do czynu karalnego, ale przede wszystkim na zdiagnozowaniu przyczyn tak drastycznego zachowania.<br><\/p>\n","protected":false},"excerpt":{"rendered":"Lokaln\u0105 spo\u0142eczno\u015bci\u0105 w Jeleniej G\u00f3rze wstrz\u0105sn\u0119\u0142a wiadomo\u015b\u0107 o \u015bmierci 11-letniej Danusi. Jeszcze wi\u0119kszy szok opinii publicznej wywo\u0142a\u0142y doniesienia o zatrzymaniu w tej sprawie \n<a class=\"moretag\" href=\"https:\/\/lifevery.biz.ua\/?p=5777\"> [...]<\/a>","protected":false},"author":1,"featured_media":5778,"comment_status":"open","ping_status":"open","sticky":false,"template":"","format":"standard","meta":{"footnotes":""},"categories":[1],"tags":[],"class_list":["post-5777","post","type-post","status-publish","format-standard","has-post-thumbnail","hentry","category-blog"],"_links":{"self":[{"href":"https:\/\/lifevery.biz.ua\/index.php?rest_route=\/wp\/v2\/posts\/5777","targetHints":{"allow":["GET"]}}],"collection":[{"href":"https:\/\/lifevery.biz.ua\/index.php?rest_route=\/wp\/v2\/posts"}],"about":[{"href":"https:\/\/lifevery.biz.ua\/index.php?rest_route=\/wp\/v2\/types\/post"}],"author":[{"embeddable":true,"href":"https:\/\/lifevery.biz.ua\/index.php?rest_route=\/wp\/v2\/users\/1"}],"replies":[{"embeddable":true,"href":"https:\/\/lifevery.biz.ua\/index.php?rest_route=%2Fwp%2Fv2%2Fcomments&post=5777"}],"version-history":[{"count":1,"href":"https:\/\/lifevery.biz.ua\/index.php?rest_route=\/wp\/v2\/posts\/5777\/revisions"}],"predecessor-version":[{"id":5779,"href":"https:\/\/lifevery.biz.ua\/index.php?rest_route=\/wp\/v2\/posts\/5777\/revisions\/5779"}],"wp:featuredmedia":[{"embeddable":true,"href":"https:\/\/lifevery.biz.ua\/index.php?rest_route=\/wp\/v2\/media\/5778"}],"wp:attachment":[{"href":"https:\/\/lifevery.biz.ua\/index.php?rest_route=%2Fwp%2Fv2%2Fmedia&parent=5777"}],"wp:term":[{"taxonomy":"category","embeddable":true,"href":"https:\/\/lifevery.biz.ua\/index.php?rest_route=%2Fwp%2Fv2%2Fcategories&post=5777"},{"taxonomy":"post_tag","embeddable":true,"href":"https:\/\/lifevery.biz.ua\/index.php?rest_route=%2Fwp%2Fv2%2Ftags&post=5777"}],"curies":[{"name":"wp","href":"https:\/\/api.w.org\/{rel}","templated":true}]}}