{"id":5755,"date":"2026-03-17T05:41:41","date_gmt":"2026-03-17T05:41:41","guid":{"rendered":"https:\/\/lifevery.biz.ua\/?p=5755"},"modified":"2026-03-17T05:41:41","modified_gmt":"2026-03-17T05:41:41","slug":"tlumy-na-pogrzebie-danusi-jelenia-gora-zegna-11-latke-2","status":"publish","type":"post","link":"https:\/\/lifevery.biz.ua\/?p=5755","title":{"rendered":"T\u0142umy na pogrzebie Danusi. Jelenia G\u00f3ra \u017cegna 11-latk\u0119"},"content":{"rendered":"\n<p>Miasto pogr\u0105\u017cy\u0142o si\u0119 w \u017ca\u0142obie po tragicznej \u015bmierci dziecka. Pogrzeb zamordowanej 11 letniej Danusi zgromadzi\u0142 t\u0142umy mieszka\u0144c\u00f3w, kt\u00f3rzy przyszli odda\u0107 ho\u0142d i okaza\u0107 wsparcie rodzinie w jednym z najtrudniejszych moment\u00f3w.<\/p>\n\n\n\n<p>Pogrzeb 11-letniej Danusi. T\u0142umy mieszka\u0144c\u00f3w i atmosfera g\u0142\u0119bokiego poruszenia<br>Uroczysto\u015bci pogrzebowe 11 letniej Danusi sta\u0142y si\u0119 jednym z najbardziej poruszaj\u0105cych wydarze\u0144 ostatnich lat w Jeleniej G\u00f3rze. Od wczesnych godzin przed bram\u0105 cmentarza gromadzili si\u0119 mieszka\u0144cy miasta i okolic, nios\u0105c bia\u0142e kwiaty, znicze oraz symboliczne znaki pami\u0119ci. Wiele os\u00f3b nie zna\u0142o dziewczynki osobi\u015bcie, jednak poczucie wsp\u00f3lnej straty i potrzeba solidarno\u015bci sprawi\u0142y, \u017ce przyszli, by w ciszy towarzyszy\u0107 rodzinie w po\u017cegnaniu dziecka.<\/p>\n\n\n\n<p>Dziennikarze \u201cFaktu\u201d pokazali, jak licznie \u017ca\u0142obnicy stawili si\u0119 na ostatnie po\u017cegnanie dziewczynki:<\/p>\n\n\n\n<p>Cie\u0144 tragedii, kt\u00f3ry wci\u0105\u017c unosi si\u0119 nad miastem<br>W dniu pogrzebu Jelenia G\u00f3ra wyra\u017anie zwolni\u0142a. Mieszka\u0144cy m\u00f3wili o wszechobecnym smutku i poczuciu niesprawiedliwo\u015bci, kt\u00f3re trudno ubra\u0107 w s\u0142owa. Decyzj\u0105 w\u0142adz miasta 20 grudnia zosta\u0142 oficjalnie okryty \u017ca\u0142ob\u0105 miejsk\u0105.<\/p>\n\n\n\n<p>Dramatyczne wydarzenia sprzed kilku tygodni na zawsze odcisn\u0119\u0142y pi\u0119tno na Jeleniej G\u00f3rze. 11 letnia Danusia zgin\u0119\u0142a w okoliczno\u015bciach, kt\u00f3re do dzi\u015b budz\u0105 ogromne emocje i poczucie niedowierzania. Dziewczynka zosta\u0142a najpewniej zabita przez 12-letni\u0105 kole\u017cank\u0119, kt\u00f3ra ucz\u0119szcza\u0142a do tej samej szko\u0142y.<\/p>\n\n\n\n<p>Od dnia tragedii przed szko\u0142\u0105, do kt\u00f3rej ucz\u0119szcza\u0142a Danusia, nieustannie gromadz\u0105 si\u0119 mieszka\u0144cy. Powsta\u0142o tam poruszaj\u0105ce, spontaniczne miejsce pami\u0119ci. Ziemia pokryta jest kwiatami, pluszowymi maskotkami, zniczami i migocz\u0105cymi \u015bwiate\u0142kami. Ka\u017cdego dnia kto\u015b dok\u0142ada kolejny symbol pami\u0119ci i wsp\u00f3\u0142czucia.<br><\/p>\n","protected":false},"excerpt":{"rendered":"Miasto pogr\u0105\u017cy\u0142o si\u0119 w \u017ca\u0142obie po tragicznej \u015bmierci dziecka. Pogrzeb zamordowanej 11 letniej Danusi zgromadzi\u0142 t\u0142umy mieszka\u0144c\u00f3w, kt\u00f3rzy przyszli odda\u0107 ho\u0142d i okaza\u0107 \n<a class=\"moretag\" href=\"https:\/\/lifevery.biz.ua\/?p=5755\"> [...]<\/a>","protected":false},"author":1,"featured_media":5756,"comment_status":"open","ping_status":"open","sticky":false,"template":"","format":"standard","meta":{"footnotes":""},"categories":[1],"tags":[],"class_list":["post-5755","post","type-post","status-publish","format-standard","has-post-thumbnail","hentry","category-blog"],"_links":{"self":[{"href":"https:\/\/lifevery.biz.ua\/index.php?rest_route=\/wp\/v2\/posts\/5755","targetHints":{"allow":["GET"]}}],"collection":[{"href":"https:\/\/lifevery.biz.ua\/index.php?rest_route=\/wp\/v2\/posts"}],"about":[{"href":"https:\/\/lifevery.biz.ua\/index.php?rest_route=\/wp\/v2\/types\/post"}],"author":[{"embeddable":true,"href":"https:\/\/lifevery.biz.ua\/index.php?rest_route=\/wp\/v2\/users\/1"}],"replies":[{"embeddable":true,"href":"https:\/\/lifevery.biz.ua\/index.php?rest_route=%2Fwp%2Fv2%2Fcomments&post=5755"}],"version-history":[{"count":1,"href":"https:\/\/lifevery.biz.ua\/index.php?rest_route=\/wp\/v2\/posts\/5755\/revisions"}],"predecessor-version":[{"id":5757,"href":"https:\/\/lifevery.biz.ua\/index.php?rest_route=\/wp\/v2\/posts\/5755\/revisions\/5757"}],"wp:featuredmedia":[{"embeddable":true,"href":"https:\/\/lifevery.biz.ua\/index.php?rest_route=\/wp\/v2\/media\/5756"}],"wp:attachment":[{"href":"https:\/\/lifevery.biz.ua\/index.php?rest_route=%2Fwp%2Fv2%2Fmedia&parent=5755"}],"wp:term":[{"taxonomy":"category","embeddable":true,"href":"https:\/\/lifevery.biz.ua\/index.php?rest_route=%2Fwp%2Fv2%2Fcategories&post=5755"},{"taxonomy":"post_tag","embeddable":true,"href":"https:\/\/lifevery.biz.ua\/index.php?rest_route=%2Fwp%2Fv2%2Ftags&post=5755"}],"curies":[{"name":"wp","href":"https:\/\/api.w.org\/{rel}","templated":true}]}}