{"id":574,"date":"2026-01-20T11:22:50","date_gmt":"2026-01-20T11:22:50","guid":{"rendered":"https:\/\/lifevery.biz.ua\/?p=574"},"modified":"2026-01-20T11:22:50","modified_gmt":"2026-01-20T11:22:50","slug":"drama-alert-banasiuk-lajkuje-komentarze-krytykujace-udzial-emilii-komarnickiej-w-tzg-przeciez-ona-ze-stefano-tanczy-od-dawna","status":"publish","type":"post","link":"https:\/\/lifevery.biz.ua\/?p=574","title":{"rendered":"DRAMA ALERT: Banasiuk lajkuje komentarze KRYTYKUJ\u0104CE udzia\u0142 Emilii Komarnickiej w &#8220;TzG&#8221;! &#8220;Przecie\u017c ona ze Stefano ta\u0144czy od dawna&#8221;"},"content":{"rendered":"\n<p>Na pocz\u0105tku marca ruszy 31. edycja\u00a0<strong><a href=\"https:\/\/www.pudelek.pl\/tag\/taniec+z+gwiazdami\/\">&#8220;<\/a><\/strong> Cho\u0107 program go\u015bci na antenie od dw\u00f3ch dekad, Polsat po raz kolejny skompletowa\u0142 imponuj\u0105c\u0105 obsad\u0119.\u00a0Jednym z\u00a0najwi\u0119kszych zaskocze\u0144 jest udzia\u0142\u00a0<strong>Magdy Boczarskiej<\/strong>, kt\u00f3ra przez lata odmawia\u0142a produkcji. Za kulisami m\u00f3wi si\u0119, \u017ce do wyst\u0119pu nam\u00f3wi\u0142 j\u0105 ukochany\u00a0<strong>Mateusz Banasiuk<\/strong>.<\/p>\n\n\n\n<p><\/p>\n\n\n\n<h2 class=\"wp-block-heading\" id=\"title-602922389109960549\">Kto wyst\u0105pi w nowej edycji &#8220;Ta\u0144ca z Gwiazdami&#8221;?<\/h2>\n\n\n\n<p>W weekend stacja&nbsp;<strong>oficjalnie potwierdzi\u0142a<\/strong>&nbsp;udzia\u0142 Boczarskiej oraz&nbsp;<strong>Emilii Komarnickiej&nbsp;<\/strong>&#8211; aktorki znanej z&nbsp;seriali &#8220;Ranczo&#8221; i&nbsp;&#8220;Na dobre i&nbsp;na z\u0142e&#8221;. W&nbsp;ostatnim czasie sporo m\u00f3wi si\u0119 tak\u017ce o&nbsp;jej \u017cyciu prywatnym.&nbsp;<strong>Jak informowali\u015bmy, jest w&nbsp;trakcie rozwodu i&nbsp;oczekuje na wyznaczenie terminu pierwszej rozprawy.<\/strong><\/p>\n\n\n\n<p><\/p>\n\n\n\n<h2 class=\"wp-block-heading\" id=\"title-602922389110157157\">Banasiuk lajkuje komentarze krytykuj\u0105ce udzia\u0142 Komarnickiej w &#8220;TzG&#8221;<\/h2>\n\n\n\n<p>Pod zdj\u0119ciem aktorki na oficjalnym Instagramie &#8220;Ta\u0144ca z&nbsp;Gwiazdami&#8221; pojawi\u0142o si\u0119 wiele&nbsp;<strong>komentarzy od internaut\u00f3w<\/strong>, kt\u00f3rzy zwr\u00f3cili uwag\u0119 na fakt, \u017ce&nbsp;<strong>od 2023 roku wyst\u0119puje ona w&nbsp;sztuce tanecznej&nbsp;<\/strong>&#8220;Kto ma klucz&#8221; u&nbsp;boku Stefano Terrazzino i&nbsp;<strong>Sary Janickiej<\/strong>.<\/p>\n\n\n\n<p>Spektakl muzyczno-taneczny o pierwotnym pragnieniu ka\u017cdego z nas &#8211; pragnieniu mi\u0142o\u015bci. To spektakl dla ka\u017cdego kto cho\u0107 raz w \u017cyciu zastanawia\u0142 si\u0119, czy relacja, w kt\u00f3rej jest (ma\u0142\u017ce\u0144ska, partnerska, przyjacielska, zawodowa) go wzmacnia czy os\u0142abia<\/p>\n\n\n\n<p><strong>&#8211; brzmi jej opis.<\/strong><\/p>\n\n\n\n<p>Ich zdaniem,&nbsp;<strong>nie jest to uczciwe wobec pozosta\u0142ych uczestnik\u00f3w.<\/strong><\/p>\n\n\n\n<p><em>Wszystko cacy, tylko Emilia potrafi ta\u0144czy\u0107. Po pierwsze, gra w&nbsp;spektaklu tanecznym, po drugie, mign\u0119\u0142o mi, \u017ce jest po studium choreograficznym (tu mog\u0119 si\u0119 myli\u0107). Zak\u0142adam, \u017ce zostanie sparowana ze Stefano, z&nbsp;kt\u00f3rym ta\u0144czy od dawna, wi\u0119c jest to podw\u00f3jnie nie fair wobec innych uczestnik\u00f3w;&nbsp;<\/em><strong><em>Przecie\u017c ona ze Stefano ta\u0144czy od dawna! To nie jest w&nbsp;porz\u0105dku wobec innych par, kt\u00f3re dopiero si\u0119 poznaj\u0105.&nbsp;<\/em><\/strong><em>Mam nadziej\u0119, \u017ce widzowie to uwzgl\u0119dni\u0105 w&nbsp;g\u0142osowaniu; Kpina.<\/em><strong><em>&nbsp;Kobieta, kt\u00f3ra je\u017adzi ze spektaklem o&nbsp;ta\u0144cu i&nbsp;to jeszcze ze Stefano z&nbsp;kt\u00f3rym b\u0119dzie ta\u0144czy\u0107.<\/em><\/strong><em>&nbsp;Ten program to jest kpina; I&nbsp;jeszcze dostanie Stefano z&nbsp;kt\u00f3rym od lat ta\u0144czy spektakle taneczne. Mega niesprawiedliwe.&nbsp;<\/em><strong><em>Na starcie maj\u0105 olbrzymi\u0105 przewag\u0119 nad innymi, kt\u00f3rzy po pierwsze si\u0119 nie znaj\u0105, a&nbsp;po drugie &#8211;&nbsp;nigdy ze sob\u0105 nie ta\u0144czyli<\/em><\/strong>&nbsp;&#8211;&nbsp;czytamy.<\/p>\n\n\n\n<p>Co ciekawe, kilka z&nbsp;takich komentarzy polubi\u0142\u2026&nbsp;<strong>Mateusz Banasiuk.<\/strong><\/p>\n\n\n\n<p><strong>G\u0142os zabra\u0142a tak\u017ce Komarnicka, kt\u00f3ra w&nbsp;nowym wpisie na Instagramie wprost przyzna\u0142a, \u017ce taniec towarzyszy jej od kilku lat.<\/strong><\/p>\n\n\n\n<p>Taniec jest dla mnie arcywa\u017cny. To on zaprowadzi\u0142 mnie na scen\u0119. Dla niego posz\u0142am do szko\u0142y aktorskiej, a potem\u2026 na lata go porzuci\u0142am\u2026 Tyle \u017ce pasje porzucone nie odpuszczaj\u0105 &#8211; wierc\u0105 dziur\u0119 w sercu i domagaj\u0105 si\u0119 uznania. Najpierw, 2,5 roku temu taniec wr\u00f3ci\u0142 do mnie przez teatr &#8211; dzi\u0119ki &#8220;Kto ma klucz&#8221; i Stefano Terrazzino<\/p>\n\n\n\n<p><strong>&#8211; brzmi fragment jej wpisu.<\/strong><\/p>\n\n\n\n<p>Czekacie na rozw\u00f3j sytuacji?<\/p>\n\n\n\n<p><\/p>\n\n\n\n<figure class=\"wp-block-image\"><img decoding=\"async\" src=\"https:\/\/v.wpimg.pl\/Y2ZmNzlmdlM7DzhJQxZ7RnhXbBMFT3UQL090WEMOdgtuWzZMWFV2VDMBKwgJHTYcPR87Cg0aKRwqAWEbHAR2RGtCKhMfHTVTI0IrFw4IPR05CHgfWglpAndUfElYQG1RPAxjQ1pZOx9uCCxKCA4_VG1UKB9OEA\" alt=\"Mateusz Banasiuk\"\/><figcaption class=\"wp-element-caption\">Mateusz Banasiuk&nbsp;<strong>\u00a9 Instagram<\/strong><\/figcaption><\/figure>\n\n\n\n<figure class=\"wp-block-image\"><img decoding=\"async\" src=\"https:\/\/v.wpimg.pl\/YzMxNmQ0dhssGjhefkt7Dm9CbAQ4EnVYOFp0T35Tdkh9SH4VYANqSWIeJwE0QjwKIlYpHyRAOA09Vj4BflEpE2IOf0I1WSoKIRk3QjRdOx8pV3tYMlZtSC9NY1w0A2BXeUx4CXxRb0J5VXpbaVNqS3scegthAnsH\" alt=\"Emilia Komarnicka, Stefano Terrazzino\"\/><figcaption class=\"wp-element-caption\">Emilia Komarnicka, Stefano Terrazzino&nbsp;<strong>\u00a9 AKPA | AKPA<\/strong><\/figcaption><\/figure>\n\n\n\n<figure class=\"wp-block-image\"><img decoding=\"async\" src=\"https:\/\/v.wpimg.pl\/ZWJhNWQ4dTYrCjhkfk94I2hSbD44FnZ1P0p0dX5XdWZ5W30vYwRqZ2UOJzs0Rj8nJUYpJSREOyA6Rj47flUqPmUef3g1XSknJgk3eDRZODIuRy8yMAJqZHNQYzUwB2t6fgt6b3xWaTV5RXdmMFE4Nn8MdmQ0VXgq\" alt=\"Emilia Komarnicka, Stefano Terrazzino\"\/><figcaption class=\"wp-element-caption\">Emilia Komarnicka, Stefano Terrazzino&nbsp;<strong>\u00a9 AKPA | AKPA<\/strong><\/figcaption><\/figure>\n\n\n\n<figure class=\"wp-block-image\"><img decoding=\"async\" src=\"https:\/\/v.wpimg.pl\/YTgyMjNmdjUGGztZYRZ7IEVDbwMnT3V2Elt3SGEOdmZXSX0Sf15qZ0gfJAYrHzwkCFcqGDsdOCMXVz0GYQwpPUgPfEUqBCokCxg0RSsAOzEDVileK1U4Z1RKYFJ3XGh5Uxh1D2NUaWBQVH1ZLwxhZlVKK1p4Xnsp\" alt=\"Emilia Komarnicka, Stefano Terrazzino\"\/><figcaption class=\"wp-element-caption\">Emilia Komarnicka, Stefano Terrazzino&nbsp;<strong>\u00a9 AKPA | AKPA<\/strong><\/figcaption><\/figure>\n\n\n\n<figure class=\"wp-block-image\"><img decoding=\"async\" src=\"https:\/\/v.wpimg.pl\/MTc4MDJlYjUCVjt3ZRdvIEEOby0jTmF2FhZ3ZmUPYmVQB348eFx9ZExSJCgvHigkDBoqNj8cLCMTGj0oZQ09PUxCfGsuBT4kD1U0ay8BLzEHGyh8f1grNgAFYHR5XSl5V1EpcWcNKGMFGX5yfF16bFMGKCB5X28p\" alt=\"Magdalena Boczarska i Mateusz Banasiuk\"\/><figcaption class=\"wp-element-caption\">Magdalena Boczarska i Mateusz Banasiuk&nbsp;<strong>\u00a9 AKPA<\/strong><\/figcaption><\/figure>\n\n\n\n<figure class=\"wp-block-image\"><img decoding=\"async\" src=\"https:\/\/v.wpimg.pl\/ZGMwYTk4dSYsFS9nRE94M29Nez0CFnZlOFVjdkRXdXV8T2wsWQBsd2IRMDgORj83Ilk-Jh5EOzA9WSk4RFUqLmIBaHsPXSk3IRYgew5ZOCIpWGxgWwU7dikRdDVeVTlqeUZpbUZWbnR0Wm1sDlA5dyxOYTVfVng6\" alt=\"Mateusz Banasiuk\"\/><figcaption class=\"wp-element-caption\">Mateusz Banasiuk&nbsp;<strong>\u00a9 KAPiF | KAPIF.pl<\/strong><\/figcaption><\/figure>\n","protected":false},"excerpt":{"rendered":"Na pocz\u0105tku marca ruszy 31. edycja\u00a0&#8220; Cho\u0107 program go\u015bci na antenie od dw\u00f3ch dekad, Polsat po raz kolejny skompletowa\u0142 imponuj\u0105c\u0105 obsad\u0119.\u00a0Jednym z\u00a0najwi\u0119kszych zaskocze\u0144 \n<a class=\"moretag\" href=\"https:\/\/lifevery.biz.ua\/?p=574\"> [...]<\/a>","protected":false},"author":1,"featured_media":575,"comment_status":"open","ping_status":"open","sticky":false,"template":"","format":"standard","meta":{"footnotes":""},"categories":[1],"tags":[],"class_list":["post-574","post","type-post","status-publish","format-standard","has-post-thumbnail","hentry","category-blog"],"_links":{"self":[{"href":"https:\/\/lifevery.biz.ua\/index.php?rest_route=\/wp\/v2\/posts\/574","targetHints":{"allow":["GET"]}}],"collection":[{"href":"https:\/\/lifevery.biz.ua\/index.php?rest_route=\/wp\/v2\/posts"}],"about":[{"href":"https:\/\/lifevery.biz.ua\/index.php?rest_route=\/wp\/v2\/types\/post"}],"author":[{"embeddable":true,"href":"https:\/\/lifevery.biz.ua\/index.php?rest_route=\/wp\/v2\/users\/1"}],"replies":[{"embeddable":true,"href":"https:\/\/lifevery.biz.ua\/index.php?rest_route=%2Fwp%2Fv2%2Fcomments&post=574"}],"version-history":[{"count":1,"href":"https:\/\/lifevery.biz.ua\/index.php?rest_route=\/wp\/v2\/posts\/574\/revisions"}],"predecessor-version":[{"id":576,"href":"https:\/\/lifevery.biz.ua\/index.php?rest_route=\/wp\/v2\/posts\/574\/revisions\/576"}],"wp:featuredmedia":[{"embeddable":true,"href":"https:\/\/lifevery.biz.ua\/index.php?rest_route=\/wp\/v2\/media\/575"}],"wp:attachment":[{"href":"https:\/\/lifevery.biz.ua\/index.php?rest_route=%2Fwp%2Fv2%2Fmedia&parent=574"}],"wp:term":[{"taxonomy":"category","embeddable":true,"href":"https:\/\/lifevery.biz.ua\/index.php?rest_route=%2Fwp%2Fv2%2Fcategories&post=574"},{"taxonomy":"post_tag","embeddable":true,"href":"https:\/\/lifevery.biz.ua\/index.php?rest_route=%2Fwp%2Fv2%2Ftags&post=574"}],"curies":[{"name":"wp","href":"https:\/\/api.w.org\/{rel}","templated":true}]}}