{"id":5713,"date":"2026-03-16T09:53:55","date_gmt":"2026-03-16T09:53:55","guid":{"rendered":"https:\/\/lifevery.biz.ua\/?p=5713"},"modified":"2026-03-16T09:53:55","modified_gmt":"2026-03-16T09:53:55","slug":"warszawa-nowe-informacje-o-mezczyznie-ktory-uprowadzil-9-latka","status":"publish","type":"post","link":"https:\/\/lifevery.biz.ua\/?p=5713","title":{"rendered":"Warszawa: Nowe informacje o m\u0119\u017cczy\u017anie, kt\u00f3ry uprowadzi\u0142 9-latka"},"content":{"rendered":"\n<p>Dramatyczne wydarzenia na warszawskiej Bia\u0142o\u0142\u0119ce wesz\u0142y w decyduj\u0105c\u0105 faz\u0119. Po wielogodzinnych poszukiwaniach prowadzonych na terenie stolicy policji uda\u0142o si\u0119 zlokalizowa\u0107 m\u0119\u017cczyzn\u0119 podejrzewanego o uprowadzenie 9-letniego ch\u0142opca. Na miejscu trwaj\u0105 skoordynowane dzia\u0142ania s\u0142u\u017cb, a sytuacja oceniana jest jako wyj\u0105tkowo powa\u017cna.<\/p>\n\n\n\n<p>Mi\u0119dzy kobiet\u0105, a by\u0142ym partnerem mia\u0142o doj\u015b\u0107 do k\u0142\u00f3tni<br>M\u0119\u017cczyzna uprowadzi\u0142 9-letniego syna by\u0142ej partnerki<br>Razem z dzieckiem zabarykadowa\u0142 si\u0119 w budynku, s\u0142u\u017cby prowadz\u0105 negocjacje<br>9-letni ch\u0142opiec uprowadzony<br>Z ustale\u0144 funkcjonariuszy wynika, \u017ce poszukiwany to 36-letni obywatel Ukrainy. M\u0119\u017cczyzna zosta\u0142 namierzony na Bia\u0142o\u0142\u0119ce, gdzie akcja policyjna przybra\u0142a charakter kryzysowy. Jak informuj\u0105 s\u0142u\u017cby, priorytetem jest bezpiecze\u0144stwo dziecka, dlatego wszystkie dzia\u0142ania prowadzone s\u0105 z zachowaniem najwy\u017cszej ostro\u017cno\u015bci.<\/p>\n\n\n\n<p>Podejrzany zabarykadowa\u0142 si\u0119 razem z ch\u0142opcem na jednej z posesji w rejonie skrzy\u017cowania ulic Obrazkowej i Traktu Nadwi\u015bla\u0144skiego. Wed\u0142ug dost\u0119pnych informacji mo\u017ce chodzi\u0107 o teren podw\u00f3rka kamienicy lub prywatnej nieruchomo\u015bci. Okolica zosta\u0142a szczelnie odgrodzona, a dost\u0119p os\u00f3b postronnych ca\u0142kowicie zablokowany.<\/p>\n\n\n\n<p>Negocjacje z porywaczem<br>Na miejsce skierowano policyjnych negocjator\u00f3w, kt\u00f3rych zadaniem jest nawi\u0105zanie rozm\u00f3w z m\u0119\u017cczyzn\u0105 i doprowadzenie do bezpiecznego zako\u0144czenia sytuacji. Jak przekaza\u0142 Marek \u015aliwi\u0144ski z Warszawskiej Grupy Luka&amp;Maro, teren zabezpieczaj\u0105 liczne si\u0142y policji, w tym funkcjonariusze pododdzia\u0142\u00f3w kontrterrorystycznych, prewencji oraz pionu kryminalnego, wyposa\u017ceni w ci\u0119\u017cki sprz\u0119t ochronny.<\/p>\n\n\n\n<p>Jak ustali\u0142 \u201eFakt\u201d, m\u0119\u017cczyzna nie jest biologicznym ojcem uprowadzonego dziecka. W przesz\u0142o\u015bci by\u0142 zwi\u0105zany z matk\u0105 ch\u0142opca i maj\u0105 wsp\u00f3lne dziecko, jednak 9-latek pochodzi z innego zwi\u0105zku kobiety.\u00a0<br><\/p>\n\n\n\n<p>Niepokoj\u0105ca relacja<br>Wed\u0142ug ustale\u0144 \u201cFaktu\u201d, m\u0119\u017cczyzna wielokrotnie wszczyna\u0142 awantury i zn\u0119ca\u0142 si\u0119 nad kobiet\u0105, r\u00f3wnie\u017c podczas wizyt, kiedy przyje\u017cd\u017ca\u0142 zobaczy\u0107 swojego syna.&nbsp;<\/p>\n\n\n\n<p>Z matk\u0105 ch\u0142opca by\u0142 kiedy\u015b w zwi\u0105zku. Maj\u0105 nawet dziecko, ale uprowadzi\u0142 jej syna z jeszcze innego zwi\u0105zku. Oni si\u0119 rozstali, bo on bi\u0142 t\u0119 kobiet\u0119. Cz\u0119sto dochodzi\u0142o tam do awantur. Przyje\u017cd\u017ca\u0142 do jej mieszkania odwiedza\u0107 swojego syna, ale przy okazji zn\u0119ca\u0142 si\u0119 nad ni\u0105. Tym razem te\u017c tak by\u0142o \u2014 przekaza\u0142a \u201cFaktowi\u201d osoba z otoczenia, kt\u00f3ra poprosi\u0142a o anonimowo\u015b\u0107.<\/p>\n\n\n\n<p>Obecnie trwa nerwowe oczekiwanie na rozw\u00f3j wydarze\u0144, a s\u0142u\u017cby robi\u0105 wszystko, by dziecko bezpiecznie wr\u00f3ci\u0142o do matki.<br><\/p>\n","protected":false},"excerpt":{"rendered":"Dramatyczne wydarzenia na warszawskiej Bia\u0142o\u0142\u0119ce wesz\u0142y w decyduj\u0105c\u0105 faz\u0119. Po wielogodzinnych poszukiwaniach prowadzonych na terenie stolicy policji uda\u0142o si\u0119 zlokalizowa\u0107 m\u0119\u017cczyzn\u0119 podejrzewanego o \n<a class=\"moretag\" href=\"https:\/\/lifevery.biz.ua\/?p=5713\"> [...]<\/a>","protected":false},"author":1,"featured_media":5714,"comment_status":"open","ping_status":"open","sticky":false,"template":"","format":"standard","meta":{"footnotes":""},"categories":[1],"tags":[],"class_list":["post-5713","post","type-post","status-publish","format-standard","has-post-thumbnail","hentry","category-blog"],"_links":{"self":[{"href":"https:\/\/lifevery.biz.ua\/index.php?rest_route=\/wp\/v2\/posts\/5713","targetHints":{"allow":["GET"]}}],"collection":[{"href":"https:\/\/lifevery.biz.ua\/index.php?rest_route=\/wp\/v2\/posts"}],"about":[{"href":"https:\/\/lifevery.biz.ua\/index.php?rest_route=\/wp\/v2\/types\/post"}],"author":[{"embeddable":true,"href":"https:\/\/lifevery.biz.ua\/index.php?rest_route=\/wp\/v2\/users\/1"}],"replies":[{"embeddable":true,"href":"https:\/\/lifevery.biz.ua\/index.php?rest_route=%2Fwp%2Fv2%2Fcomments&post=5713"}],"version-history":[{"count":1,"href":"https:\/\/lifevery.biz.ua\/index.php?rest_route=\/wp\/v2\/posts\/5713\/revisions"}],"predecessor-version":[{"id":5715,"href":"https:\/\/lifevery.biz.ua\/index.php?rest_route=\/wp\/v2\/posts\/5713\/revisions\/5715"}],"wp:featuredmedia":[{"embeddable":true,"href":"https:\/\/lifevery.biz.ua\/index.php?rest_route=\/wp\/v2\/media\/5714"}],"wp:attachment":[{"href":"https:\/\/lifevery.biz.ua\/index.php?rest_route=%2Fwp%2Fv2%2Fmedia&parent=5713"}],"wp:term":[{"taxonomy":"category","embeddable":true,"href":"https:\/\/lifevery.biz.ua\/index.php?rest_route=%2Fwp%2Fv2%2Fcategories&post=5713"},{"taxonomy":"post_tag","embeddable":true,"href":"https:\/\/lifevery.biz.ua\/index.php?rest_route=%2Fwp%2Fv2%2Ftags&post=5713"}],"curies":[{"name":"wp","href":"https:\/\/api.w.org\/{rel}","templated":true}]}}