{"id":5710,"date":"2026-03-16T09:27:24","date_gmt":"2026-03-16T09:27:24","guid":{"rendered":"https:\/\/lifevery.biz.ua\/?p=5710"},"modified":"2026-03-16T09:27:24","modified_gmt":"2026-03-16T09:27:24","slug":"porwanie-9-latka-w-warszawie-oblawa-kontrterrorystow-zakonczona-wiadomo-co-z-chlopcem","status":"publish","type":"post","link":"https:\/\/lifevery.biz.ua\/?p=5710","title":{"rendered":"Porwanie 9-latka w Warszawie. Ob\u0142awa kontrterroryst\u00f3w zako\u0144czona, wiadomo co z ch\u0142opcem"},"content":{"rendered":"\n<p>Dramatyczna akcja s\u0142u\u017cb w Warszawie: w niedzielne popo\u0142udnie 36-letni obywatel Ukrainy uprowadzi\u0142 9-letniego ch\u0142opca po gwa\u0142townej awanturze z by\u0142\u0105 partnerk\u0105. Po kilkugodzinnej ob\u0142awie, w kt\u00f3rej brali udzia\u0142 policyjni negocjatorzy oraz kontrterrory\u015bci, m\u0119\u017cczyzna zosta\u0142 zatrzymany w rejonie ulicy Obrazkowej, a dziecko bezpiecznie wr\u00f3ci\u0142o pod opiek\u0119 matki. Jak informuje \u201cFakt\u201d, t\u0142em tego niebezpiecznego zdarzenia by\u0142a historia przemocy domowej.<\/p>\n\n\n\n<p>Uprowadzenie 9-latka po awanturze domowej<br>Mobilizacja s\u0142u\u017cb i dzia\u0142ania kontrterroryst\u00f3w<br>Blokady i ob\u0142awa w rejonie ulicy Obrazkowej<br>Skuteczne zatrzymanie i zabezpieczenie dziecka<br>Uprowadzenie 9-latka po awanturze domowej<br>W niedziel\u0119, 21 grudnia, w jednym z warszawskich mieszka\u0144 dosz\u0142o do gwa\u0142townej k\u0142\u00f3tni mi\u0119dzy kobiet\u0105 a jej by\u0142ym partnerem. Po awanturze 36-letni obywatel Ukrainy zabra\u0142 9-letniego ch\u0142opca i uciek\u0142 z nim w nieznanym kierunku. Sprawca nie by\u0142 biologicznym ojcem dziecka, jednak z matk\u0105 ch\u0142opca \u0142\u0105czy\u0142o go posiadanie innego, wsp\u00f3lnego potomka. Wed\u0142ug nieoficjalnych ustale\u0144 t\u0142em zdarzenia by\u0142a przemoc domowa, kt\u00f3ra mia\u0142a by\u0107 bezpo\u015bredni\u0105 przyczyn\u0105 wcze\u015bniejszego rozstania pary.<\/p>\n\n\n\n<p>Mobilizacja s\u0142u\u017cb i dzia\u0142ania kontrterroryst\u00f3w<br>Jak podawa\u0142 portal Miejski Reporter, natychmiast po zg\u0142oszeniu policja uruchomi\u0142a procedury alarmowe, nadaj\u0105c akcji najwy\u017cszy priorytet. W poszukiwania zaanga\u017cowano szerokie si\u0142y, w tym funkcjonariuszy operacyjnych, przewodnik\u00f3w z psami tropi\u0105cymi oraz Samodzielny Pododdzia\u0142 Kontrterrorystyczny Policji. Na miejscu czuwa\u0142y r\u00f3wnie\u017c zespo\u0142y ratownictwa medycznego. Funkcjonariusze nawi\u0105zali kontakt ze sprawc\u0105, a do dzia\u0142a\u0144 w\u0142\u0105czyli si\u0119 policyjni negocjatorzy, kt\u00f3rych celem by\u0142o pokojowe rozwi\u0105zanie kryzysowej sytuacji i zapewnienie dziecku bezpiecze\u0144stwa.<br><\/p>\n\n\n\n<p>Blokady i ob\u0142awa w rejonie ulicy Obrazkowej<br>Dzia\u0142ania operacyjne skoncentrowa\u0142y si\u0119 na Bia\u0142o\u0142\u0119ce, w pobli\u017cu mostu Marii Sk\u0142odowskiej-Curie. Sprawca przemie\u015bci\u0142 si\u0119 z dzieckiem w rejon skrzy\u017cowania Traktu Nadwi\u015bla\u0144skiego z ulic\u0105 Obrazkow\u0105, trafiaj\u0105c na zalesiony, nieu\u017cytkowy teren. Policja szczelnie odgrodzi\u0142a obszar dzia\u0142a\u0144 w promieniu 200 metr\u00f3w, uniemo\u017cliwiaj\u0105c dost\u0119p osobom postronnym. Kilkana\u015bcie radiowoz\u00f3w zablokowa\u0142o okoliczne ulice prowadz\u0105ce w stron\u0119 Galerii P\u00f3\u0142nocnej, tworz\u0105c szczeln\u0105 stref\u0119 bezpiecze\u0144stwa wok\u00f3\u0142 ukrywaj\u0105cego si\u0119 m\u0119\u017cczyzny.<\/p>\n\n\n\n<p>Skuteczne zatrzymanie i zabezpieczenie dziecka<br>Kilkugodzinna operacja zako\u0144czy\u0142a si\u0119 dynamicznym fina\u0142em, w wyniku kt\u00f3rego policjanci z Pragi-P\u00f3\u0142noc skutecznie obezw\u0142adnili 36-latka. Dzi\u0119ki precyzyjnej interwencji i koordynacji wielu jednostek, 9-letni ch\u0142opiec zosta\u0142 bezpiecznie odebrany porywaczowi. Dziecko nie odnios\u0142o obra\u017ce\u0144 i znajduje si\u0119 pod opiek\u0105 specjalist\u00f3w, a zatrzymany m\u0119\u017cczyzna trafi\u0142 do policyjnego aresztu, gdzie b\u0119d\u0105 prowadzone z nim dalsze czynno\u015bci procesowe.<br><\/p>\n","protected":false},"excerpt":{"rendered":"Dramatyczna akcja s\u0142u\u017cb w Warszawie: w niedzielne popo\u0142udnie 36-letni obywatel Ukrainy uprowadzi\u0142 9-letniego ch\u0142opca po gwa\u0142townej awanturze z by\u0142\u0105 partnerk\u0105. Po kilkugodzinnej ob\u0142awie, \n<a class=\"moretag\" href=\"https:\/\/lifevery.biz.ua\/?p=5710\"> [...]<\/a>","protected":false},"author":1,"featured_media":5711,"comment_status":"open","ping_status":"open","sticky":false,"template":"","format":"standard","meta":{"footnotes":""},"categories":[1],"tags":[],"class_list":["post-5710","post","type-post","status-publish","format-standard","has-post-thumbnail","hentry","category-blog"],"_links":{"self":[{"href":"https:\/\/lifevery.biz.ua\/index.php?rest_route=\/wp\/v2\/posts\/5710","targetHints":{"allow":["GET"]}}],"collection":[{"href":"https:\/\/lifevery.biz.ua\/index.php?rest_route=\/wp\/v2\/posts"}],"about":[{"href":"https:\/\/lifevery.biz.ua\/index.php?rest_route=\/wp\/v2\/types\/post"}],"author":[{"embeddable":true,"href":"https:\/\/lifevery.biz.ua\/index.php?rest_route=\/wp\/v2\/users\/1"}],"replies":[{"embeddable":true,"href":"https:\/\/lifevery.biz.ua\/index.php?rest_route=%2Fwp%2Fv2%2Fcomments&post=5710"}],"version-history":[{"count":1,"href":"https:\/\/lifevery.biz.ua\/index.php?rest_route=\/wp\/v2\/posts\/5710\/revisions"}],"predecessor-version":[{"id":5712,"href":"https:\/\/lifevery.biz.ua\/index.php?rest_route=\/wp\/v2\/posts\/5710\/revisions\/5712"}],"wp:featuredmedia":[{"embeddable":true,"href":"https:\/\/lifevery.biz.ua\/index.php?rest_route=\/wp\/v2\/media\/5711"}],"wp:attachment":[{"href":"https:\/\/lifevery.biz.ua\/index.php?rest_route=%2Fwp%2Fv2%2Fmedia&parent=5710"}],"wp:term":[{"taxonomy":"category","embeddable":true,"href":"https:\/\/lifevery.biz.ua\/index.php?rest_route=%2Fwp%2Fv2%2Fcategories&post=5710"},{"taxonomy":"post_tag","embeddable":true,"href":"https:\/\/lifevery.biz.ua\/index.php?rest_route=%2Fwp%2Fv2%2Ftags&post=5710"}],"curies":[{"name":"wp","href":"https:\/\/api.w.org\/{rel}","templated":true}]}}