{"id":5707,"date":"2026-03-16T09:23:51","date_gmt":"2026-03-16T09:23:51","guid":{"rendered":"https:\/\/lifevery.biz.ua\/?p=5707"},"modified":"2026-03-16T09:23:51","modified_gmt":"2026-03-16T09:23:51","slug":"sluzby-ruszyly-z-pomoca-dokladnie-o-415-nad-ranem-17-latka-nie-zyje","status":"publish","type":"post","link":"https:\/\/lifevery.biz.ua\/?p=5707","title":{"rendered":"S\u0142u\u017cby ruszy\u0142y z pomoc\u0105 dok\u0142adnie o 4:15 nad ranem. 17-latka nie \u017cyje"},"content":{"rendered":"\n<p>Jak donosi \u201cFakt\u201d, wczesnym rankiem s\u0142u\u017cby ratunkowe zosta\u0142y postawione w stan najwy\u017cszej gotowo\u015bci po otrzymaniu zg\u0142oszenia o potr\u0105ceniu na torach. Mimo natychmiastowej reakcji, bilans wypadku okaza\u0142 si\u0119 najtragiczniejszy z mo\u017cliwych, k\u0142ad\u0105c si\u0119 cieniem na przed\u015bwi\u0105tecznym czasie w regionie.<\/p>\n\n\n\n<p>Tragiczny wypadek na torach w Zb\u0105szyniu<br>\u015amier\u0107 17-latki pod ko\u0142ami poci\u0105gu regionalnego<br>Brak rannych w\u015br\u00f3d pasa\u017cer\u00f3w i utrudnienia w komunikacji<br>S\u0142u\u017cby ustalaj\u0105 okoliczno\u015bci i przyczyny zdarzenia<br>Jakie tragiczne zdarzenie mia\u0142o miejsce w nocy w Zb\u0105szyniu i kto poni\u00f3s\u0142 \u015bmier\u0107?<br>W poniedzia\u0142ek, 22 grudnia, oko\u0142o godziny 4:15 nad ranem w miejscowo\u015bci Zb\u0105szy\u0144 dosz\u0142o do dramatycznego zdarzenia na infrastrukturze kolejowej. W ciemno\u015bciach nocy nadje\u017cd\u017caj\u0105cy poci\u0105g osobowy potr\u0105ci\u0142 osob\u0119 znajduj\u0105c\u0105 si\u0119 bezpo\u015brednio na torowisku. Natychmiast po otrzymaniu zg\u0142oszenia na miejsce wys\u0142ano s\u0142u\u017cby ratunkowe, jednak wypadek doprowadzi\u0142 do ca\u0142kowitego parali\u017cu lokalnego ruchu poci\u0105g\u00f3w.<br><\/p>\n\n\n\n<p>\u015amier\u0107 17-latki pod ko\u0142ami poci\u0105gu regionalnego<br>Ofiar\u0105 tego tragicznego wypadku okaza\u0142a si\u0119 17-letnia dziewczyna. Si\u0142a uderzenia oraz rozleg\u0142o\u015b\u0107 odniesionych obra\u017ce\u0144 by\u0142y tak du\u017ce, \u017ce nastolatka ponios\u0142a \u015bmier\u0107 na miejscu i przybyli ratownicy nie mieli \u017cadnych szans na uratowanie jej \u017cycia. W zdarzeniu uczestniczy\u0142 sk\u0142ad regionalnego przewo\u017anika Koleje Wielkopolskie, kt\u00f3ry realizowa\u0142 zaplanowany kurs na trasie ze Zb\u0105szynka do Obornik.<br><\/p>\n\n\n\n<p>Brak rannych w\u015br\u00f3d pasa\u017cer\u00f3w i utrudnienia w komunikacji<br>Wewn\u0105trz poci\u0105gu w momencie wypadku znajdowa\u0142o si\u0119 \u0142\u0105cznie sze\u015b\u0107 os\u00f3b. \u017baden z pasa\u017cer\u00f3w ani cz\u0142onk\u00f3w obs\u0142ugi nie odni\u00f3s\u0142 obra\u017ce\u0144 fizycznych, jednak zdarzenie odbi\u0142o si\u0119 na komforcie podr\u00f3\u017cnych korzystaj\u0105cych z tej linii. Przewo\u017anik oficjalnie potwierdzi\u0142, \u017ce w zwi\u0105zku z prac\u0105 s\u0142u\u017cb na torowisku pasa\u017cerowie musz\u0105 liczy\u0107 si\u0119 ze znacznymi op\u00f3\u017anieniami oraz utrudnieniami w codziennej komunikacji kolejowej.<\/p>\n\n\n\n<p>S\u0142u\u017cby ustalaj\u0105 okoliczno\u015bci i przyczyny zdarzenia<br>Na miejscu tragedii wci\u0105\u017c pracuj\u0105 policjanci oraz technicy, kt\u00f3rzy pod nadzorem prokuratora zabezpieczaj\u0105 \u015blady i analizuj\u0105 zebrane dowody. Cho\u0107 to\u017csamo\u015b\u0107 ofiary zosta\u0142a ju\u017c potwierdzona, \u015bledztwo jest obecnie w fazie aktywnego ustalania przebiegu wypadku. Funkcjonariusze staraj\u0105 si\u0119 wyja\u015bni\u0107, dlaczego 17-latka znalaz\u0142a si\u0119 na torach w porze nocnej, by dok\u0142adnie odtworzy\u0107 chronologi\u0119 tego dramatycznego zdarzenia.<br><\/p>\n","protected":false},"excerpt":{"rendered":"Jak donosi \u201cFakt\u201d, wczesnym rankiem s\u0142u\u017cby ratunkowe zosta\u0142y postawione w stan najwy\u017cszej gotowo\u015bci po otrzymaniu zg\u0142oszenia o potr\u0105ceniu na torach. Mimo natychmiastowej reakcji, \n<a class=\"moretag\" href=\"https:\/\/lifevery.biz.ua\/?p=5707\"> [...]<\/a>","protected":false},"author":1,"featured_media":5708,"comment_status":"open","ping_status":"open","sticky":false,"template":"","format":"standard","meta":{"footnotes":""},"categories":[1],"tags":[],"class_list":["post-5707","post","type-post","status-publish","format-standard","has-post-thumbnail","hentry","category-blog"],"_links":{"self":[{"href":"https:\/\/lifevery.biz.ua\/index.php?rest_route=\/wp\/v2\/posts\/5707","targetHints":{"allow":["GET"]}}],"collection":[{"href":"https:\/\/lifevery.biz.ua\/index.php?rest_route=\/wp\/v2\/posts"}],"about":[{"href":"https:\/\/lifevery.biz.ua\/index.php?rest_route=\/wp\/v2\/types\/post"}],"author":[{"embeddable":true,"href":"https:\/\/lifevery.biz.ua\/index.php?rest_route=\/wp\/v2\/users\/1"}],"replies":[{"embeddable":true,"href":"https:\/\/lifevery.biz.ua\/index.php?rest_route=%2Fwp%2Fv2%2Fcomments&post=5707"}],"version-history":[{"count":1,"href":"https:\/\/lifevery.biz.ua\/index.php?rest_route=\/wp\/v2\/posts\/5707\/revisions"}],"predecessor-version":[{"id":5709,"href":"https:\/\/lifevery.biz.ua\/index.php?rest_route=\/wp\/v2\/posts\/5707\/revisions\/5709"}],"wp:featuredmedia":[{"embeddable":true,"href":"https:\/\/lifevery.biz.ua\/index.php?rest_route=\/wp\/v2\/media\/5708"}],"wp:attachment":[{"href":"https:\/\/lifevery.biz.ua\/index.php?rest_route=%2Fwp%2Fv2%2Fmedia&parent=5707"}],"wp:term":[{"taxonomy":"category","embeddable":true,"href":"https:\/\/lifevery.biz.ua\/index.php?rest_route=%2Fwp%2Fv2%2Fcategories&post=5707"},{"taxonomy":"post_tag","embeddable":true,"href":"https:\/\/lifevery.biz.ua\/index.php?rest_route=%2Fwp%2Fv2%2Ftags&post=5707"}],"curies":[{"name":"wp","href":"https:\/\/api.w.org\/{rel}","templated":true}]}}