{"id":5671,"date":"2026-03-16T08:56:00","date_gmt":"2026-03-16T08:56:00","guid":{"rendered":"https:\/\/lifevery.biz.ua\/?p=5671"},"modified":"2026-03-16T08:56:00","modified_gmt":"2026-03-16T08:56:00","slug":"matka-porwanego-9-latka-zabrala-glos-tak-wygladalo-spotkanie-bylym-partnerem","status":"publish","type":"post","link":"https:\/\/lifevery.biz.ua\/?p=5671","title":{"rendered":"Matka porwanego 9-latka zabra\u0142a g\u0142os. Tak wygl\u0105da\u0142o spotkanie by\u0142ym partnerem"},"content":{"rendered":"\n<p>W niedziel\u0119 21 grudnia w jednym z mieszka\u0144 na warszawskim Tarchominie dosz\u0142o do dramatycznych wydarze\u0144, kt\u00f3re zako\u0144czy\u0142y si\u0119 porwaniem dziecka i wielogodzinn\u0105 akcj\u0105 policyjn\u0105.<\/p>\n\n\n\n<p>by\u0142y partner kobiety zaatakowa\u0142 j\u0105 i jej rodzin\u0119 w mieszkaniu<br>grozi\u0142 \u015bmierci\u0105 i u\u017cy\u0142 no\u017ca wobec 9-letniego ch\u0142opca<br>dziecko zosta\u0142o odnalezione po kilku godzinach w ci\u0119\u017ckim stanie<br>Horror na Tarchominie. Porwa\u0142 9-letniego ch\u0142opca i grozi\u0142, \u017ce go zabije<br>O sprawie poinformowa\u0142 \u201cFakt\u201d, kt\u00f3rego dziennikarz spotka\u0142 si\u0119 z matk\u0105 porwanego ch\u0142opca. To mia\u0142o by\u0107 kr\u00f3tkie, spokojne spotkanie. By\u0142y partner pani Katarzyny przyszed\u0142 do mieszkania, by zobaczy\u0107 swoje m\u0142odsze dziecko. Pocz\u0105tkowo nic nie zapowiada\u0142o tragedii. M\u0119\u017cczyzna zachowywa\u0142 si\u0119 normalnie, rozmawia\u0142, przebywa\u0142 z rodzin\u0105. Z czasem atmosfera zacz\u0119\u0142a si\u0119 jednak zmienia\u0107. Zwraca\u0142 uwag\u0119 na drobiazgi, denerwowa\u0142y go rzeczy le\u017c\u0105ce na pod\u0142odze. Chcia\u0142 je wyrzuca\u0107, cho\u0107 nie by\u0142 u siebie.<\/p>\n\n\n\n<p>Kiedy kobieta zaprotestowa\u0142a, dosz\u0142o do k\u0142\u00f3tni. Ta bardzo szybko przerodzi\u0142a si\u0119 w awantur\u0119. W mieszkaniu przebywa\u0142a r\u00f3wnie\u017c matka pani Katarzyny oraz dw\u00f3jka dzieci. Atmosfera bardzo szybko sta\u0142a si\u0119 napi\u0119ta. M\u0119\u017cczyzna zacz\u0105\u0142 krzycze\u0107 i zachowywa\u0107 si\u0119 agresywnie. Wed\u0142ug relacji kobiety rzuci\u0142 si\u0119 na ni\u0105, uderzy\u0142 j\u0105 w twarz i pr\u00f3bowa\u0142 dusi\u0107. Mia\u0142 tak\u017ce zaatakowa\u0107 jej matk\u0119.<\/p>\n\n\n\n<p>\u201eNagle rzuci\u0142 si\u0119 na mnie, zacz\u0105\u0142 mnie bi\u0107 i dusi\u0107. Krzycza\u0142, \u017ce wszystkich pozabija\u201d \u2013 opowiada pani Katarzyna w rozmowie z reporterem serwisu Fakt.pl.<\/p>\n\n\n\n<p>Gdy kobiety zagrozi\u0142y, \u017ce wezw\u0105 policj\u0119, zniszczy\u0142 im telefony. Krzycza\u0142, \u017ce wszystkich zabije. Przera\u017cona pani Katarzyna uciek\u0142a przez balkon do s\u0105siad\u00f3w. To oni wezwali pomoc. Policja by\u0142a pod blokiem po kilku minutach. Wtedy sytuacja sta\u0142a si\u0119 jeszcze gro\u017aniejsza.<br><\/p>\n\n\n\n<p>Uciek\u0142 z dzieckiem przez okno. Rozpocz\u0119\u0142a si\u0119 ob\u0142awa<br>Widz\u0105c radiowozy pod budynkiem, m\u0119\u017cczyzna nie uspokoi\u0142 si\u0119. Pobieg\u0142 do kuchni, wzi\u0105\u0142 n\u00f3\u017c i ruszy\u0142 w stron\u0119 9-letniego ch\u0142opca, starszego syna pani Katarzyny z poprzedniego zwi\u0105zku. Ch\u0142opiec by\u0142 przera\u017cony i bezbronny. Agresor z\u0142apa\u0142 go i razem z nim uciek\u0142 przez okno mieszkania.<\/p>\n\n\n\n<p>Dziecko by\u0142o w samych skarpetkach, bez but\u00f3w i kurtki. M\u0119\u017cczyzna zbieg\u0142 w kierunku zaro\u015bli w rejonie Traktu Nadwi\u015bla\u0144skiego. Policjanci natychmiast rozpocz\u0119li intensywne poszukiwania. Teren zosta\u0142 zabezpieczony, a s\u0142u\u017cby przeczesywa\u0142y okolic\u0119 przez wiele godzin.<\/p>\n\n\n\n<p>Wed\u0142ug ustale\u0144 \u015bledczych m\u0119\u017cczyzna ukrywa\u0142 si\u0119 z dzieckiem w krzakach i grozi\u0142, \u017ce zrobi mu krzywd\u0119, je\u015bli ktokolwiek si\u0119 zbli\u017cy. W pewnym momencie przystawi\u0142 ch\u0142opcu n\u00f3\u017c do szyi. Sytuacja by\u0142a skrajnie niebezpieczna. Na miejsce wezwano negocjator\u00f3w oraz oddzia\u0142 kontrterroryst\u00f3w.<\/p>\n\n\n\n<p>Ranna szyja, operacja i strach, kt\u00f3ry nie mija<br>Dopiero p\u00f3\u017anym wieczorem policjantom uda\u0142o si\u0119 wykorzysta\u0107 moment nieuwagi agresora. Kiedy na chwil\u0119 pu\u015bci\u0142 dziecko, funkcjonariusze obezw\u0142adnili go. Przera\u017cony 9-latek natychmiast trafi\u0142 pod opiek\u0119 ratownik\u00f3w i zosta\u0142 przewieziony do szpitala. Lekarze stwierdzili ran\u0119 ci\u0119t\u0105 szyi. By\u0142a na tyle g\u0142\u0119boka, \u017ce konieczna by\u0142a pilna operacja.<\/p>\n\n\n\n<p>Ch\u0142opiec pozostaje w szpitalu i wraca do zdrowia. Jego stan jest stabilny, jednak skutki psychiczne tej tragedii mog\u0105 by\u0107 d\u0142ugotrwa\u0142e. Matka nie ukrywa, \u017ce \u017cyje w ci\u0105g\u0142ym strachu.<\/p>\n\n\n\n<p>Jak przyznaje w rozmowie z reporterem Fakt.pl, to nie by\u0142 pierwszy raz, gdy jej by\u0142y partner zachowywa\u0142 si\u0119 agresywnie wobec starszego dziecka. Rok wcze\u015bniej r\u00f3wnie\u017c dochodzi\u0142o do przemocy. Teraz obawia si\u0119, \u017ce je\u015bli m\u0119\u017cczyzna wyjdzie na wolno\u015b\u0107, koszmar mo\u017ce si\u0119 powt\u00f3rzy\u0107.<\/p>\n\n\n\n<p>Zatrzymany us\u0142ysza\u0142 powa\u017cne zarzuty, w tym usi\u0142owanie zab\u00f3jstwa, wzi\u0119cie zak\u0142adnika oraz szczeg\u00f3lne udr\u0119czenie dziecka. S\u0105d ma zdecydowa\u0107 o jego dalszym losie jeszcze przed \u015bwi\u0119tami.<br><\/p>\n","protected":false},"excerpt":{"rendered":"W niedziel\u0119 21 grudnia w jednym z mieszka\u0144 na warszawskim Tarchominie dosz\u0142o do dramatycznych wydarze\u0144, kt\u00f3re zako\u0144czy\u0142y si\u0119 porwaniem dziecka i wielogodzinn\u0105 akcj\u0105 \n<a class=\"moretag\" href=\"https:\/\/lifevery.biz.ua\/?p=5671\"> [...]<\/a>","protected":false},"author":1,"featured_media":5672,"comment_status":"open","ping_status":"open","sticky":false,"template":"","format":"standard","meta":{"footnotes":""},"categories":[1],"tags":[],"class_list":["post-5671","post","type-post","status-publish","format-standard","has-post-thumbnail","hentry","category-blog"],"_links":{"self":[{"href":"https:\/\/lifevery.biz.ua\/index.php?rest_route=\/wp\/v2\/posts\/5671","targetHints":{"allow":["GET"]}}],"collection":[{"href":"https:\/\/lifevery.biz.ua\/index.php?rest_route=\/wp\/v2\/posts"}],"about":[{"href":"https:\/\/lifevery.biz.ua\/index.php?rest_route=\/wp\/v2\/types\/post"}],"author":[{"embeddable":true,"href":"https:\/\/lifevery.biz.ua\/index.php?rest_route=\/wp\/v2\/users\/1"}],"replies":[{"embeddable":true,"href":"https:\/\/lifevery.biz.ua\/index.php?rest_route=%2Fwp%2Fv2%2Fcomments&post=5671"}],"version-history":[{"count":1,"href":"https:\/\/lifevery.biz.ua\/index.php?rest_route=\/wp\/v2\/posts\/5671\/revisions"}],"predecessor-version":[{"id":5673,"href":"https:\/\/lifevery.biz.ua\/index.php?rest_route=\/wp\/v2\/posts\/5671\/revisions\/5673"}],"wp:featuredmedia":[{"embeddable":true,"href":"https:\/\/lifevery.biz.ua\/index.php?rest_route=\/wp\/v2\/media\/5672"}],"wp:attachment":[{"href":"https:\/\/lifevery.biz.ua\/index.php?rest_route=%2Fwp%2Fv2%2Fmedia&parent=5671"}],"wp:term":[{"taxonomy":"category","embeddable":true,"href":"https:\/\/lifevery.biz.ua\/index.php?rest_route=%2Fwp%2Fv2%2Fcategories&post=5671"},{"taxonomy":"post_tag","embeddable":true,"href":"https:\/\/lifevery.biz.ua\/index.php?rest_route=%2Fwp%2Fv2%2Ftags&post=5671"}],"curies":[{"name":"wp","href":"https:\/\/api.w.org\/{rel}","templated":true}]}}