{"id":562,"date":"2026-01-20T11:02:41","date_gmt":"2026-01-20T11:02:41","guid":{"rendered":"https:\/\/lifevery.biz.ua\/?p=562"},"modified":"2026-01-20T11:02:41","modified_gmt":"2026-01-20T11:02:41","slug":"do-polski-suna-opady-deszczu-ze-sniegiem-i-sniegu-pogoda-zmieni-sie-jeszcze-w-tym-tygodniu","status":"publish","type":"post","link":"https:\/\/lifevery.biz.ua\/?p=562","title":{"rendered":"Do Polski sun\u0105 opady deszczu ze \u015bniegiem i \u015bniegu. Pogoda zmieni si\u0119 jeszcze w tym tygodniu"},"content":{"rendered":"\n<h2 class=\"wp-block-heading\" id=\"title-602923935516159845\">Najwa\u017cniejsze informacje:<\/h2>\n\n\n\n<ul class=\"wp-block-list\">\n<li>W ca\u0142ej Polsce wci\u0105\u017c utrzymuj\u0105 si\u0119 niskie temperatury.<\/li>\n\n\n\n<li>Z ka\u017cdym kolejnym dniem b\u0119dzie pojawia\u0107 si\u0119 wi\u0119cej opad\u00f3w.<\/li>\n\n\n\n<li>Zmiana pogody zapowiada si\u0119 ju\u017c w\u00a0weekend.<\/li>\n<\/ul>\n\n\n\n<p><\/p>\n\n\n\n<p><a href=\"https:\/\/www.o2.pl\/kuchnia\/nie-zapakujesz-kanapek-juz-w-nic-innego-to-prawdziwy-game-changer-7241204655006785v\"><\/a><\/p>\n\n\n\n<h2 class=\"wp-block-heading\" id=\"title-7241204655006785\"><\/h2>\n\n\n\n<p>We wtorek Polska znajduje si\u0119 pod wp\u0142ywem wy\u017cu znad Ukrainy, co skutkuje&nbsp;<strong>bezchmurnym niebem<\/strong>&nbsp;lub ma\u0142ym zachmurzeniem. Instytut Meteorologii i&nbsp;Gospodarki Wodnej informuje, \u017ce pogoda w&nbsp;kraju jest raczej spokojna, cho\u0107&nbsp;<strong>temperatury b\u0119d\u0105 niskie, szczeg\u00f3lnie na wschodzie, gdzie mog\u0105 spa\u015b\u0107 do -7 st. C, a&nbsp;nawet -20 st. C&nbsp;w&nbsp;nocy<\/strong>.<\/p>\n\n\n\n<h2 class=\"wp-block-heading\" id=\"title-602923935516356453\">Jakie s\u0105 prognozy pogody na najbli\u017csze dni?<\/h2>\n\n\n\n<p>Prognozy na&nbsp;<strong>\u015brod\u0119 r\u00f3wnie\u017c przewiduj\u0105 ma\u0142e zachmurzenie<\/strong>, z&nbsp;mo\u017cliwo\u015bci\u0105 lokalnych mgie\u0142 na po\u0142udniu. Maksymalne temperatury tego dnia wynios\u0105 od -8 st. C&nbsp;na p\u00f3\u0142nocnym wschodzie do 6&nbsp;st. C&nbsp;na po\u0142udniowym zachodzie. R\u00f3wnie\u017c w&nbsp;tym regionie mo\u017cna si\u0119 spodziewa\u0107 silnych poryw\u00f3w wiatru, osi\u0105gaj\u0105cych nawet do 120 km\/h w&nbsp;Sudetach, co mo\u017ce znacznie obni\u017ca\u0107 odczuwaln\u0105 temperatur\u0119.<\/p>\n\n\n\n<p>Na po\u0142udniowym zachodzie kraju wiatr b\u0119dzie umiarkowany i&nbsp;porywisty, miejscami do\u015b\u0107 silny, szczeg\u00f3lnie na&nbsp;<strong>Przedg\u00f3rzu Sudeckim<\/strong>, gdzie mo\u017ce wia\u0107 z&nbsp;pr\u0119dko\u015bci\u0105 do 75 km\/h. Mieszka\u0144cy Sudet\u00f3w i&nbsp;Karpat powinni przygotowa\u0107 si\u0119 na porywisty wiatr, kt\u00f3ry&nbsp;<strong>w szczytowych partiach g\u00f3r mo\u017ce osi\u0105gn\u0105\u0107 do 120 km\/h<\/strong>.<\/p>\n\n\n\n<figure class=\"wp-block-image\"><img decoding=\"async\" src=\"https:\/\/v.wpimg.pl\/OTJlOTY5YDUrDjlndk5tIGhWbT0wF2N2P051dnZWYGV5WnksbgF-eywFIzErUD87ZAs9ISlUOCRkHCN7OEUmezxdYDAwRj84KxVgMTRXKjBlDn9jYVApNXhBfDFuV2JgfFgueTgNd2dnW3lsYQx9MXNadmI6FzI\" alt=\"Prognoza opad\u00f3w\"\/><figcaption class=\"wp-element-caption\">Prognoza opad\u00f3w&nbsp;<strong>\u00a9 IMGW<\/strong><\/figcaption><\/figure>\n\n\n\n<h2 class=\"wp-block-heading\" id=\"title-602924784594022245\">Zmiana pogody ju\u017c w weekend. Opady \u015bniegu i deszczu ze \u015bniegiem<\/h2>\n\n\n\n<p>Pierwsza po\u0142owa tygodnia up\u0142ynie pod znakiem pogodowego spokoju. Zar\u00f3wno we wtorek (20.01), jak i&nbsp;w&nbsp;\u015brod\u0119 (21.01) mapy nie przewiduj\u0105 \u017cadnych istotnych opad\u00f3w nad Polsk\u0105. Sytuacja zacznie si\u0119 zmienia\u0107 w&nbsp;czwartek, kiedy to na p\u00f3\u0142nocy i&nbsp;wschodzie kraju pojawi\u0105 si\u0119 pierwsze, symboliczne opady (do 0,2 mm).<\/p>\n\n\n\n<p><a href=\"https:\/\/wiadomosci.wp.pl\/siarczyste-mrozy-a-potem-zwrot-oto-najnowsza-prognoza-7245068485216480a\"><\/a><\/p>\n\n\n\n<p><\/p>\n\n\n\n<p>Z ka\u017cdym kolejnym dniem strefa opad\u00f3w b\u0119dzie si\u0119 rozszerza\u0107. W&nbsp;pi\u0105tek (23.01) niemal ca\u0142a wschodnia i&nbsp;centralna Polska znajdzie si\u0119 pod wp\u0142ywem wilgotnych mas powietrza.&nbsp;<strong>Prawdziw\u0105 zmian\u0119 odczujemy jednak w&nbsp;sobot\u0119 i&nbsp;niedziel\u0119<\/strong>. Wtedy opady we wschodnich regionach kraju mog\u0105 osi\u0105gn\u0105\u0107 poziom blisko 2-3 mm, co przy niskich temperaturach mo\u017ce oznacza\u0107 nie tylko deszcz, ale i&nbsp;utrudniaj\u0105cy \u017cycie kierowcom \u015bnieg.<\/p>\n\n\n\n<figure class=\"wp-block-image\"><img decoding=\"async\" src=\"https:\/\/v.wpimg.pl\/ZDE2YWNldSUkUC9kYRd4MGcIez4nTnZmMBBjdWEPdXN2BiFgfl51IixePCUrHDVqIkAsJy8bKmo1XnY2PgV1MnQdPT49HDYlPB08OiwJPmtyADszeF9sdmgDaDIqQW52clB0Nn4OaGlyCmhkLQhrciRRPGZsEQ\" alt=\"Pogoda w sobot\u0119\"\/><figcaption class=\"wp-element-caption\">Pogoda w sobot\u0119&nbsp;<strong>\u00a9 IMGW<\/strong><\/figcaption><\/figure>\n\n\n\n<figure class=\"wp-block-image\"><img decoding=\"async\" src=\"https:\/\/v.wpimg.pl\/ZGUyYTA5dSY0Gy9nbk54M3dDez0oF3ZlIFtjdm5WdXBkSiFieAR1ITwVPCYkRTVpMgssJCBCKmklFXY1MVx1MWRWPT0yRTYmLFY8OSNQPmhjGDxiclY7dXgYbWB1GG51YE90bXMDP2owSWxndlE_dTRJYG1jSA\" alt=\"Pogoda w niedziel\u0119\"\/><figcaption class=\"wp-element-caption\">Pogoda w niedziel\u0119&nbsp;<strong>\u00a9 IMGW<\/strong><\/figcaption><\/figure>\n","protected":false},"excerpt":{"rendered":"Najwa\u017cniejsze informacje: We wtorek Polska znajduje si\u0119 pod wp\u0142ywem wy\u017cu znad Ukrainy, co skutkuje&nbsp;bezchmurnym niebem&nbsp;lub ma\u0142ym zachmurzeniem. Instytut Meteorologii i&nbsp;Gospodarki Wodnej informuje, \u017ce \n<a class=\"moretag\" href=\"https:\/\/lifevery.biz.ua\/?p=562\"> [...]<\/a>","protected":false},"author":1,"featured_media":563,"comment_status":"open","ping_status":"open","sticky":false,"template":"","format":"standard","meta":{"footnotes":""},"categories":[1],"tags":[],"class_list":["post-562","post","type-post","status-publish","format-standard","has-post-thumbnail","hentry","category-blog"],"_links":{"self":[{"href":"https:\/\/lifevery.biz.ua\/index.php?rest_route=\/wp\/v2\/posts\/562","targetHints":{"allow":["GET"]}}],"collection":[{"href":"https:\/\/lifevery.biz.ua\/index.php?rest_route=\/wp\/v2\/posts"}],"about":[{"href":"https:\/\/lifevery.biz.ua\/index.php?rest_route=\/wp\/v2\/types\/post"}],"author":[{"embeddable":true,"href":"https:\/\/lifevery.biz.ua\/index.php?rest_route=\/wp\/v2\/users\/1"}],"replies":[{"embeddable":true,"href":"https:\/\/lifevery.biz.ua\/index.php?rest_route=%2Fwp%2Fv2%2Fcomments&post=562"}],"version-history":[{"count":1,"href":"https:\/\/lifevery.biz.ua\/index.php?rest_route=\/wp\/v2\/posts\/562\/revisions"}],"predecessor-version":[{"id":564,"href":"https:\/\/lifevery.biz.ua\/index.php?rest_route=\/wp\/v2\/posts\/562\/revisions\/564"}],"wp:featuredmedia":[{"embeddable":true,"href":"https:\/\/lifevery.biz.ua\/index.php?rest_route=\/wp\/v2\/media\/563"}],"wp:attachment":[{"href":"https:\/\/lifevery.biz.ua\/index.php?rest_route=%2Fwp%2Fv2%2Fmedia&parent=562"}],"wp:term":[{"taxonomy":"category","embeddable":true,"href":"https:\/\/lifevery.biz.ua\/index.php?rest_route=%2Fwp%2Fv2%2Fcategories&post=562"},{"taxonomy":"post_tag","embeddable":true,"href":"https:\/\/lifevery.biz.ua\/index.php?rest_route=%2Fwp%2Fv2%2Ftags&post=562"}],"curies":[{"name":"wp","href":"https:\/\/api.w.org\/{rel}","templated":true}]}}