{"id":559,"date":"2026-01-20T11:00:35","date_gmt":"2026-01-20T11:00:35","guid":{"rendered":"https:\/\/lifevery.biz.ua\/?p=559"},"modified":"2026-01-20T11:00:35","modified_gmt":"2026-01-20T11:00:35","slug":"brooklyn-beckham-uderza-w-victorie-i-davida-moi-rodzice-od-dawna-probowali-zniszczyc-moj-zwiazek","status":"publish","type":"post","link":"https:\/\/lifevery.biz.ua\/?p=559","title":{"rendered":"Brooklyn Beckham UDERZA w Victori\u0119 i Davida! &#8220;Moi rodzice od dawna pr\u00f3bowali ZNISZCZY\u0106 M\u00d3J ZWI\u0104ZEK&#8221;"},"content":{"rendered":"\n<p>Brooklyn Beckham opublikowa\u0142 emocjonalne o\u015bwiadczenie na Instagramie, w kt\u00f3rym oskar\u017ca swoich rodzic\u00f3w o kontrolowanie jego \u017cycia. Stwierdzi\u0142, \u017ce po raz pierwszy w \u017cyciu postanowi\u0142 si\u0119 broni\u0107 i zrezygnowa\u0107 z pr\u00f3b pogodzenia si\u0119 z rodzin\u0105.<\/p>\n\n\n\n<p>ZOBACZ: Brooklyn Beckham ZABLOKOWA\u0141 rodzic\u00f3w w sieci. Teraz Nicola Peltz USUWA WSZYSTKIE \u015aLADY BECKHAM\u00d3W ze swojego Instagrama<\/p>\n\n\n\n<p>Milcza\u0142em przez lata i robi\u0142em wszystko, co w mojej mocy, aby te sprawy pozosta\u0142y prywatne. Niestety, moi rodzice i ich zesp\u00f3\u0142 nadal zwracali si\u0119 do prasy, nie pozostawiaj\u0105c mi innego wyboru, jak tylko zabra\u0107 g\u0142os i powiedzie\u0107 prawd\u0119 &#8211; przynajmniej o cz\u0119\u015bci k\u0142amstw, kt\u00f3re zosta\u0142y opublikowane &#8211; zacz\u0105\u0142 Brooklyn na InstaStory.<\/p>\n\n\n\n<p>W dalszej cz\u0119\u015bci wyzna\u0142, \u017ce pierwszy raz w \u017cyciu czuje si\u0119 wolny. Beckham oskar\u017cy\u0142 rodzic\u00f3w o manipulacje i szerzenie nieprawdziwych informacji, co mia\u0142o mie\u0107 wp\u0142yw na jego osobiste \u017cycie, w tym na relacje z \u017con\u0105, Nicol\u0105 Peltz. Zarzuci\u0142 im, \u017ce od lat kreuj\u0105 fa\u0142szywy wizerunek ich rodziny poprzez media oraz inscenizowane posty w mediach spo\u0142eczno\u015bciowych.<\/p>\n\n\n\n<figure class=\"wp-block-image\"><a class=\"s79lq9w\" href=\"https:\/\/www.pudelek.pl\/aG5mY25kTiZUDy8BGhBDMxdXe1NUCQwmF0F7RxdRQ2hHCD1bRwYAeGYjZEJADwQrUAZ_QkMCBXpWCDxTBFhTJQNcPQNRXVl0B1lrABMbADUIDzBWZw4QDnFIanZRDVIhAF07UxhcVXMDQG1RAQ9MfwJZYR8CXFN0UAw8U1AIACMQX29CQwIFYgYpOldQClB0Bw9vA1FaBXENXmsGB1lEdQMeNxcGLxEyUQg1V15OU3FGHikXBi8WNxsdNRcHXQg3EF4de086BnJAOQBebSoNIHMkMgECMjEAUA9qZVc_E3AHARABdj5QJH05bWtACER1AwUbW1E7Ey5WCHwBcS0oC3o_DGoQWVc0WhgrUVBOUgNhKnwAAxsNJkELNkBYTlIDDUhrBFYEDzFQHypbWgU3JlkYPBcGL1FiB1s6XVsfBClBJB0XBi9WdQFYawANUld-BFtrCwJdRHUDCTxEXAgEYgYpCXdnOC4JdCEGcXomMRJhKAsXB10WKEcGP3txTlIDBFVhBAVcRHUDHStbVgIPIHgCPVdZTlIDZ1wpYWoxO3F7IytGUFsZFUUHNmB_XQRzB0BrelNGESoDKTVTRVkqF1gbMhcHXRUmRwo8RnEEDCZcA3wBcQAAMlMBOFxRRRErEF9vQlQZFSlQHxB2EFglYgdbMEFqCgUlWQI6WRBYJXYQX29WWgYALltIanZCHBZpRRg9V1kOCmlFAXwAAwIAJWYELVd2ChUiUgIrW1AYRHRxSGsEWA4FLkAAfAFxDwg0RQE4SxBZVzNQHi0XBi9RYgdbO1tRDwQ1fCl8AXFaUGIHWyxBUBkoAxBeHVNWTlIGUV87BgJaAnVTWm9RBApXdAJfOwNRCFlyAVw8AAVTVnQQX29GQQdEdHFcbgQNUlh0BFlpFwddEiJUGRB2EFgldQJYbwYNX1VxBw5sBgZTWCNUDm8GBVwEcw0IbAUFUgNiB1s1RlwPRHRxNx18XiUbNAcMDV5AOiQFQD0OB3A6CiNxCRxgAQ4kcng5HF0EPzQ_YzsPeFQ-DSwNOjVebDI3K1I0HnRQMgwJXAweWkYzUyQGCXwAAw4FLkEIPWZcBgQ0QQw0QhBYJXYCW2EHAFhScgdIawRAHwgrXBkgFwYvBXVSXz9mXSopLQBZCWNbKVkDViIYAGARUxBtCQteczlRKwEfIVdzJxAPBi4AW1ggLiBSWikAeBMtCFxab2JCDkR1Aw8wXlkCDyAQXh1RRR1EdQMEKnZQHUR0cQs4XkYORHUDHjVdQSIlYgYpaQIGTlNxUAAwQUYCDikQXh0BBV9UcwBbfAADGA0oQT4wSFA8GQ8QXh0LAlsZdAVdfAADCBQ1EF4dYnklRHUDDitXVB8IKFskHRcGL1BzAl9vAQVOU3FFGDteXBgJIkckHRcGL1J3DUhrBFoZBSJHSGp2B11XdQ1efAADAg8xUB98AXFZRHUDBRtHUQwEM2cMLVcQWCUBfCEWYGAzRHUDDjVbUAUVGFwJfAFxXFZwAl58AAMEEyBqBD0XBi9TchBfb0ZFIiViBiloBgVfUH8ESGsEXAoDF1QKPHFUHwQgWh8wV0ZOUgMQX29QXA81LlgIKkZUBhFiBiloBQNTWHcDWm0CEFlXIFACfAFxXlBiB1hqcBBZVHR3SGsERg4AM3MIPBcGLyYQcC8UdUcyGxUCVWBlAxMPcV8pbnxAMVAJVAF0XAMxWQUYARRrXjg1E0JIawRHDgouUUhqdgdYUH4MWXwAAwISGEcCO11BTlIDBUssQFlWCTNBHSoXBipEdXNIa3RUD08jWhg7XlAIDS5WBndcUB9EdXMJPV8QWSczRww6WVYHCmIHKxcDBFtXcgVedwMMWlR1BFgJZ3EuLQJ-Qw1kEFknBQZYaQQBW1J-G1lqCgBZUn8HWXwBdw8CGEEfMm1UAgViBilvAQReWHACXmEXBikFJGoZK1lqCAgjEF4dAAFTWXMCX2EKEFgjI1YyNVNBTlIDEF4bVlY0EyNcCXwBcU5SBUEMPm1TBBMYVgUwXlE0BS5HCDpGUA8-M0cIOEZYDg8zEF4dFwYpFSFADHwBcU5SBVkZPRcGL1FiBi89UWofBTEQXh0DFxY\"><img decoding=\"async\" src=\"https:\/\/v.wpimg.pl\/MHgzMDAuYikGGDt3bg5vPEVAbycxHRIlBhcuZm1XOGpdWGJ1eU17eFBVfHN3TXh9VEh4dXVFfGdeTX08ckV9Zg0KKmY8\" alt=\"\"\/><\/a><\/figure>\n\n\n\n<p>Brooklyn Beckham opublikowa\u0142 emocjonalne o\u015bwiadczenie na Instagramie, w&nbsp;kt\u00f3rym oskar\u017ca swoich rodzic\u00f3w o&nbsp;kontrolowanie jego \u017cycia.&nbsp;<strong>Stwierdzi\u0142, \u017ce po raz pierwszy w&nbsp;\u017cyciu postanowi\u0142 si\u0119 broni\u0107 i&nbsp;zrezygnowa\u0107 z&nbsp;pr\u00f3b pogodzenia si\u0119 z&nbsp;rodzin\u0105.<\/strong><\/p>\n\n\n\n<p><strong>ZOBACZ:&nbsp;<a href=\"https:\/\/www.pudelek.pl\/brooklyn-beckham-zablokowal-rodzicow-w-sieci-teraz-nicola-peltz-usuwa-wszystkie-slady-beckhamow-ze-swojego-instagrama-7242255492606464a\">Brooklyn Beckham ZABLOKOWA\u0141 rodzic\u00f3w w&nbsp;sieci. Teraz Nicola Peltz USUWA WSZYSTKIE \u015aLADY BECKHAM\u00d3W ze swojego Instagrama<\/a><\/strong><\/p>\n\n\n\n<p><em>Milcza\u0142em przez lata i&nbsp;robi\u0142em wszystko, co w&nbsp;mojej mocy, aby te sprawy pozosta\u0142y prywatne. Niestety, moi rodzice i&nbsp;ich zesp\u00f3\u0142 nadal zwracali si\u0119 do prasy, nie pozostawiaj\u0105c mi innego wyboru, jak tylko zabra\u0107 g\u0142os i&nbsp;powiedzie\u0107 prawd\u0119 &#8211;&nbsp;przynajmniej o&nbsp;cz\u0119\u015bci k\u0142amstw, kt\u00f3re zosta\u0142y opublikowane<\/em>&nbsp;&#8211;&nbsp;zacz\u0105\u0142 Brooklyn na InstaStory.<\/p>\n\n\n\n<figure class=\"wp-block-image\"><img decoding=\"async\" src=\"https:\/\/v.wpimg.pl\/ZXJfd3AudTkrBBIAbg54LGhcRlAxHQUrPgJGH2MAeGJoSQ1eIBI_K2UHAEVuBTY5KQMMXC0RPyoVERQdMgM9ejc\" alt=\"\"\/><\/figure>\n\n\n\n<p>W dalszej cz\u0119\u015bci wyzna\u0142, \u017ce pierwszy raz w&nbsp;\u017cyciu czuje si\u0119 wolny. Beckham oskar\u017cy\u0142 rodzic\u00f3w o&nbsp;manipulacje i&nbsp;szerzenie nieprawdziwych informacji, co mia\u0142o mie\u0107 wp\u0142yw na jego osobiste \u017cycie, w&nbsp;tym na relacje z&nbsp;\u017con\u0105, Nicol\u0105 Peltz.&nbsp;<strong>Zarzuci\u0142 im, \u017ce od lat kreuj\u0105 fa\u0142szywy wizerunek ich rodziny poprzez media oraz inscenizowane posty w&nbsp;mediach spo\u0142eczno\u015bciowych.<\/strong><\/p>\n\n\n\n<h2 class=\"wp-block-heading\" id=\"title-602848986172321637\">Ma\u0142gorzata Rozenek m\u00f3wi, jak dba o sw\u00f3j wygl\u0105d. Jaki\u015b czas temu wykluczy\u0142a alkohol<\/h2>\n\n\n\n<p><strong><em>Nie chc\u0119 pojednania z&nbsp;moj\u0105 rodzin\u0105. Nie jestem kontrolowany &#8211;&nbsp;po raz pierwszy w&nbsp;\u017cyciu staj\u0119 w&nbsp;obronie samego siebie.<\/em><\/strong><em>&nbsp;Przez ca\u0142e moje \u017cycie moi rodzice kontrolowali narracj\u0119 w&nbsp;mediach na temat naszej rodziny. (&#8230;) Ostatnio na w\u0142asne oczy widzia\u0142em, jak daleko s\u0105 w&nbsp;stanie si\u0119 posun\u0105\u0107, aby umieszcza\u0107 w&nbsp;mediach niezliczone k\u0142amstwa &#8211;&nbsp;najcz\u0119\u015bciej kosztem niewinnych ludzi &#8211;&nbsp;tylko po to, by zachowa\u0107 w\u0142asn\u0105 fasad\u0119. Ale wierz\u0119, \u017ce prawda zawsze wychodzi na jaw&nbsp;<\/em>&#8211; wyzna\u0142.<\/p>\n\n\n\n<figure class=\"wp-block-image\"><img decoding=\"async\" src=\"https:\/\/v.wpimg.pl\/ZXJfd3AudTkrBBIAbg54LGhcRlAxHQUrPgJGH2MAeGJoSQ1eIBI_K2UHAEVuBTY5KQMMXC0RPyoVERQdMgM9ejc\" alt=\"\"\/><\/figure>\n\n\n\n<p><strong>ZOBACZ:&nbsp;<a href=\"https:\/\/www.pudelek.pl\/beckhamowie-i-nicola-peltz-znow-wbijaja-sobie-szpile-nie-maja-powodu-zeby-za-cokolwiek-przepraszac-7237365402491392a\">Beckhamowie i&nbsp;Nicola Peltz zn\u00f3w WBIJAJ\u0104 SOBIE SZPILE? &#8220;Nie maj\u0105 powodu, \u017ceby za cokolwiek przeprasza\u0107&#8221;<\/a><\/strong><\/p>\n\n\n\n<h2 class=\"wp-block-heading\" id=\"title-602848852424946799\">Brooklyn Beckham twierdzi, \u017ce Victoria i David pr\u00f3bowali zniszczy\u0107 jego zwi\u0105zek<\/h2>\n\n\n\n<p><strong><em>Moi rodzice od dawna bezustannie pr\u00f3bowali zniszczy\u0107 m\u00f3j zwi\u0105zek&nbsp;<\/em><\/strong><em>&#8211; jeszcze przed moim \u015blubem &#8211;&nbsp;i&nbsp;to si\u0119 nie sko\u0144czy\u0142o.<\/em><strong><em>&nbsp;Moja mama w&nbsp;ostatniej chwili zrezygnowa\u0142a z&nbsp;uszycia sukni dla Nicoli, mimo \u017ce Nicola bardzo cieszy\u0142a si\u0119, \u017ce b\u0119dzie mog\u0142a za\u0142o\u017cy\u0107 jej projekt, zmuszaj\u0105c j\u0105 do pilnego znalezienia innej sukni. Na kilka tygodni przed naszym wielkim dniem moi rodzice wielokrotnie naciskali na mnie i&nbsp;pr\u00f3bowali mnie przekupi\u0107, abym podpisa\u0142 zrzeczenie si\u0119 praw do mojego nazwiska<\/em><\/strong><em>, co mia\u0142oby wp\u0142yw na mnie, moj\u0105 \u017con\u0119 i&nbsp;nasze przysz\u0142e dzieci. Bardzo zale\u017ca\u0142o im, \u017cebym podpisa\u0142 dokumenty przed dat\u0105 \u015blubu, poniewa\u017c wtedy warunki umowy wesz\u0142yby w&nbsp;\u017cycie. Moja odmowa wp\u0142yn\u0119\u0142a na wyp\u0142at\u0119 pieni\u0119dzy i&nbsp;od tamtej pory nigdy nie traktowali mnie tak samo&nbsp;<\/em>&#8211; czytamy w&nbsp;o\u015bwiadczeniu Brooklyna.<\/p>\n\n\n\n<figure class=\"wp-block-image\"><img decoding=\"async\" src=\"https:\/\/v.wpimg.pl\/ZXJfd3AudTkrBBIAbg54LGhcRlAxHQUrPgJGH2MAeGJoSQ1eIBI_K2UHAEVuBTY5KQMMXC0RPyoVERQdMgM9ejc\" alt=\"\"\/><\/figure>\n\n\n\n<p>W obszernym InstaStory syn Beckham\u00f3w zarzuca rodzicom, \u017ce nieustannie pr\u00f3bowali go upokarza\u0107.<\/p>\n\n\n\n<p><em>Noc przed naszym \u015blubem cz\u0142onkowie mojej rodziny powiedzieli mi, \u017ce Nicola &#8220;nie jest z&nbsp;krwi&#8221; i&nbsp;&#8220;nie jest rodzin\u0105&#8221;. (&#8230;)<\/em><strong><em>&nbsp;Moja mama przej\u0119\u0142a nasz pierwszy taniec &#8211;&nbsp;ten zaplanowany od tygodni jako romantyczny taniec z&nbsp;moj\u0105 \u017con\u0105 do piosenki o&nbsp;mi\u0142o\u015bci. Na oczach 500 go\u015bci weselnych Marc Anthony wezwa\u0142 mnie na scen\u0119 &#8211;&nbsp;w&nbsp;momencie, w&nbsp;kt\u00f3rym zgodnie z&nbsp;planem mia\u0142 odby\u0107 si\u0119 m\u00f3j romantyczny taniec z&nbsp;\u017con\u0105 &#8211;&nbsp;lecz zamiast tego czeka\u0142a tam moja mama, aby zata\u0144czy\u0107 ze mn\u0105. Ta\u0144czy\u0142a ze mn\u0105 w&nbsp;bardzo niestosowny spos\u00f3b na oczach wszystkich. Nigdy w&nbsp;\u017cyciu nie czu\u0142em si\u0119 bardziej niekomfortowo, ani bardziej upokorzony.&nbsp;<\/em><\/strong><em>Chcieli\u015bmy odnowi\u0107 nasze przysi\u0119gi, aby stworzy\u0107 nowe wspomnienia z&nbsp;dnia \u015blubu &#8211;&nbsp;takie, kt\u00f3re przynios\u0105 nam rado\u015b\u0107 i&nbsp;szcz\u0119\u015bcie, a&nbsp;nie l\u0119k i&nbsp;wstyd&nbsp;<\/em>&#8211;&nbsp;ujawni\u0142 26-latek.<\/p>\n\n\n\n<figure class=\"wp-block-image\"><img decoding=\"async\" src=\"https:\/\/v.wpimg.pl\/ZXJfd3AudTkrBBIAbg54LGhcRlAxHQUrPgJGH2MAeGJoSQ1eIBI_K2UHAEVuBTY5KQMMXC0RPyoVERQdMgM9ejc\" alt=\"\"\/><\/figure>\n\n\n\n<p><strong>ZOBACZ:<a href=\"https:\/\/www.pudelek.pl\/beckhamowie-wygrali-spor-z-sasiadami-mimo-protestow-powstanie-prywatna-droga-do-ich-rezydencji-kto-bogatemu-zabroni-7244089898797280a\">&nbsp;Beckhamowie WYGRALI sp\u00f3r z&nbsp;s\u0105siadami. Mimo protest\u00f3w powstanie prywatna droga do ich rezydencji. Kto bogatemu zabroni?<\/a><\/strong><\/p>\n\n\n\n<h2 class=\"wp-block-heading\" id=\"title-602853259077578597\">Brooklyn Beckham o wizerunku rodziny<\/h2>\n\n\n\n<p>W innej cz\u0119\u015bci o\u015bwiadczenia Brooklyn stwierdzi\u0142, \u017ce dla jego rodzic\u00f3w wa\u017cniejsze od \u0142\u0105cz\u0105cej ich relacji jest to, jak widz\u0105 ich inni. Przywo\u0142a\u0142 sytuacj\u0119, kiedy Victoria mia\u0142a odrzuci\u0107 propozycj\u0119 jego \u017cony, by zaanga\u017cowa\u0107 si\u0119 w&nbsp;ratowanie zwierz\u0105t.<\/p>\n\n\n\n<p><strong><em>Moja rodzina ceni publiczn\u0105 promocj\u0119 i&nbsp;wsp\u00f3\u0142prace reklamowe ponad wszystko inne<\/em><\/strong><em>. Marka Beckham jest na pierwszym miejscu. Rodzinna &#8220;mi\u0142o\u015b\u0107&#8221; jest mierzona tym, jak cz\u0119sto publikujesz w&nbsp;mediach spo\u0142eczno\u015bciowych albo jak szybko jeste\u015b w&nbsp;stanie rzuci\u0107 wszystko, by pojawi\u0107 si\u0119 i&nbsp;zapozowa\u0107 do rodzinnej sesji zdj\u0119ciowej &#8211;&nbsp;nawet kosztem naszych zobowi\u0105za\u0144 zawodowych. Przez lata robili\u015bmy wszystko, by okazywa\u0107 wsparcie: byli\u015bmy obecni na ka\u017cdym pokazie mody, ka\u017cdej imprezie i&nbsp;ka\u017cdym wydarzeniu prasowym, \u017ceby pokaza\u0107 &#8220;nasz\u0105 idealn\u0105 rodzin\u0119&#8221;. Ale kiedy po raz jeden moja \u017cona poprosi\u0142a moj\u0105 mam\u0119 o&nbsp;wsparcie w&nbsp;ratowaniu ps\u00f3w przesiedlonych podczas po\u017car\u00f3w w&nbsp;Los Angeles, moja mama odm\u00f3wi\u0142a<\/em>&nbsp;&#8211;&nbsp;twierdzi Brooklyn.<\/p>\n\n\n\n<figure class=\"wp-block-image\"><img decoding=\"async\" src=\"https:\/\/v.wpimg.pl\/ZXJfd3AudTkrBBIAbg54LGhcRlAxHQUrPgJGH2MAeGJoSQ1eIBI_K2UHAEVuBTY5KQMMXC0RPyoVERQdMgM9ejc\" alt=\"\"\/><\/figure>\n\n\n\n<p><strong>ZOBACZ:<a href=\"https:\/\/www.pudelek.pl\/nicola-peltz-lajkuje-gorzkie-komentarze-o-beckhamach-victoria-sie-wscieknie-7243312835844576a\">&nbsp;Nicola Peltz lajkuje GORZKIE KOMENTARZE o&nbsp;Beckhamach. Victoria si\u0119 w\u015bcieknie?<\/a><\/strong><\/p>\n\n\n\n<h2 class=\"wp-block-heading\" id=\"title-602854191840523375\">Brooklyn Beckham o kontroli<\/h2>\n\n\n\n<p>W kolejnej relacji 26-latek przyzna\u0142, \u017ce przez wi\u0119kszo\u015b\u0107 \u017cycia by\u0142 kontrolowany przez Victori\u0119 i&nbsp;Davida. Ulg\u0119 mia\u0142o mu przynie\u015b\u0107 odci\u0119cie si\u0119 od rodzic\u00f3w.<\/p>\n\n\n\n<p><em>Narracja, \u017ce to moja \u017cona mnie kontroluje, jest ca\u0142kowicie odwr\u00f3ceniem prawdy.&nbsp;<\/em><strong><em>Przez wi\u0119kszo\u015b\u0107 \u017cycia to moi rodzice mnie kontrolowali. Dorasta\u0142em z&nbsp;przyt\u0142aczaj\u0105cym l\u0119kiem. Po raz pierwszy w&nbsp;moim \u017cyciu &#8211;&nbsp;odk\u0105d odsun\u0105\u0142em si\u0119 od rodziny &#8211;&nbsp;ten l\u0119k znikn\u0105\u0142.<\/em><\/strong><em>&nbsp;Budz\u0119 si\u0119 ka\u017cdego ranka wdzi\u0119czny za \u017cycie, kt\u00f3re wybra\u0142em, i&nbsp;odnalaz\u0142em spok\u00f3j oraz ulg\u0119. Moja \u017cona i&nbsp;ja nie chcemy \u017cycia kszta\u0142towanego przez wizerunek, pras\u0119 ani manipulacj\u0119. Chcemy jedynie spokoju, prywatno\u015bci i&nbsp;szcz\u0119\u015bcia &#8211;&nbsp;dla nas i&nbsp;naszej przysz\u0142ej rodziny<\/em>&nbsp;&#8211;&nbsp;czytamy w&nbsp;o\u015bwiadczeniu.<\/p>\n\n\n\n<figure class=\"wp-block-image\"><img decoding=\"async\" src=\"https:\/\/v.wpimg.pl\/ZXJfd3AudTkrBBIAbg54LGhcRlAxHQUrPgJGH2MAeGJoSQ1eIBI_K2UHAEVuBTY5KQMMXC0RPyoVERQdMgM9ejc\" alt=\"\"\/><\/figure>\n\n\n\n<p><strong>ZOBACZ:<a href=\"https:\/\/www.pudelek.pl\/nicola-peltz-swietuje-31-urodziny-i-jest-wdzieczna-za-brooklyna-beckhama-maz-celebrytki-zapewnil-ja-ze-zrywa-z-rodzina-na-dobre-fajny-prezent-7240104921619424a\">&nbsp;Nicola Peltz \u015bwi\u0119tuje 31. urodziny i&nbsp;jest &#8220;WDZI\u0118CZNA&#8221; za Brooklyna Beckhama. M\u0105\u017c celebrytki zapewni\u0142 j\u0105, \u017ce zrywa z&nbsp;rodzin\u0105 na dobre. Fajny prezent?<\/a><\/strong><\/p>\n\n\n\n<p>Brooklyn zdradzi\u0142, \u017ce komunikacja z&nbsp;rodzicami odbywa si\u0119 wy\u0142\u0105cznie za po\u015brednictwem prawnik\u00f3w, co praktycznie odci\u0119\u0142o go od dalszych pr\u00f3b kontaktu z&nbsp;rodzicami. Mimo to, pozostaje w&nbsp;kontakcie z&nbsp;dziadkami, co \u015bwiadczy o&nbsp;jego potrzebie utrzymania cho\u0107 minimalnej wi\u0119zi rodzinnej.<\/p>\n\n\n\n<p>Relacje mi\u0119dzy rodzin\u0105 Beckham\u00f3w s\u0105 na tyle napi\u0119te, \u017ce Brooklyn poprosi\u0142, by wszelki kontakt z&nbsp;rodzicami odbywa\u0142 si\u0119 przez ich prawnik\u00f3w. Mimo braku jakichkolwiek krok\u00f3w prawnych, okupili te relacje prawnymi poradami, co dodatkowo wskazuje na zaognienie sytuacji.<\/p>\n\n\n\n<p>Rozpocznie si\u0119 niez\u0142a afera?<\/p>\n\n\n\n<p><strong>ZOBACZ:&nbsp;<a href=\"https:\/\/www.pudelek.pl\/brooklyn-beckham-zada-przeprosin-od-rodzicow-zadali-tyle-bolu-i-krzywdy-victoria-i-david-subtelnie-odpowiedzieli-mu-na-instagramie-7236936860809728a\">Brooklyn Beckham \u017c\u0105da przeprosin od rodzic\u00f3w: &#8220;ZADALI TYLE B\u00d3LU I&nbsp;KRZYWDY&#8221;. Victoria i&nbsp;David &#8220;subtelnie&#8221; odpowiedzieli mu na Instagramie<\/a><\/strong><\/p>\n\n\n\n<figure class=\"wp-block-image\"><img decoding=\"async\" src=\"https:\/\/v.wpimg.pl\/ODA0OTJiYCUgUjlnZRJtMGMKbT0jS2NmNBJ1dmUKYHVwBncse1F2fG5WJjgvGyo0Lh4oJj8ZLjMxHj84ZQg_LW5GfnsuADw0LVE2ey8ELSElH3dteQh9d3ADYmRyXXtpdQd2NmcIKndxHS4yc1F_cHgCLTUvWW05\" alt=\"O\u015bwiadczenie Brooklyna Beckhama\"\/><figcaption class=\"wp-element-caption\">O\u015bwiadczenie Brooklyna Beckhama&nbsp;<strong>\u00a9 Instagram<\/strong><\/figcaption><\/figure>\n\n\n\n<figure class=\"wp-block-image\"><img decoding=\"async\" src=\"https:\/\/v.wpimg.pl\/Yzc5ZDkzdhsCVyx3RAF7DkEPeC0CWHVYFhdgZkQZdktSA2M8WkNoQkxTMygOCDwKDBs9Nh4KOA0TGyooRBspE0xDa2sPEyoKD1Qjaw4XOx8HGjtwDUlqSlEAdyFcGGhXVwU7d0YbOksAGD51DRluQwcMaSJYSXsH\" alt=\"O\u015bwiadczenie Brooklyna Beckhama\"\/><figcaption class=\"wp-element-caption\">O\u015bwiadczenie Brooklyna Beckhama&nbsp;<strong>\u00a9 Instagram<\/strong><\/figcaption><\/figure>\n\n\n\n<figure class=\"wp-block-image\"><img decoding=\"async\" src=\"https:\/\/v.wpimg.pl\/MzFjMDM4YhsnCDt3Yk9vDmRQby0kFmFYM0h3ZmJXYkt3XHU8fA19S2kMJCgoRigKKUQqNjhELA02RD0oYlU9E2kcfGspXT4KKgs0ayhZLx8iRXp0ewN4GHMJYHJ4UC5XcgspIGBWfk8kR3p9Lgd8GXZZdSZ5UW8H\" alt=\"O\u015bwiadczenie Brooklyna Beckhama\"\/><figcaption class=\"wp-element-caption\">O\u015bwiadczenie Brooklyna Beckhama&nbsp;<strong>\u00a9 Instagram<\/strong><\/figcaption><\/figure>\n\n\n\n<figure class=\"wp-block-image\"><img decoding=\"async\" src=\"https:\/\/v.wpimg.pl\/OTQxOTk5YDUwGjlnRE5tIHNCbT0CF2N2JFp1dkRWYGVgTncsWg13Z34eJjgORyokPlYoJh5FLiMhVj84RFQ_PX4OfnsPXDwkPRk2ew5YLTE1Vy1mUw14NWMdYjFTBy55ZU8qZ0ZUKW0wVS5nWgx7ZWhBdjAIAm0p\" alt=\"O\u015bwiadczenie Brooklyna Beckhama\"\/><figcaption class=\"wp-element-caption\">O\u015bwiadczenie Brooklyna Beckhama&nbsp;<strong>\u00a9 Instagram<\/strong><\/figcaption><\/figure>\n\n\n\n<figure class=\"wp-block-image\"><img decoding=\"async\" src=\"https:\/\/v.wpimg.pl\/ZmE4MWQ1dQwkVjtkfkp4GWcObz44E3ZPMBZ3dX5SdVx0AnQvYAhqWGpSJDs0Qz8dKhoqJSRBOxo1Gj07flAqBGpCfHg1WCkdKVU0eDRcOAghG34zNwltCXAGYDZmBGJAcVB-YHwJbg98GS41N1c7VXRQeG9nUHgQ\" alt=\"O\u015bwiadczenie Brooklyna Beckhama\"\/><figcaption class=\"wp-element-caption\">O\u015bwiadczenie Brooklyna Beckhama&nbsp;<strong>\u00a9 Instagram<\/strong><\/figcaption><\/figure>\n\n\n\n<figure class=\"wp-block-image\"><img decoding=\"async\" src=\"https:\/\/v.wpimg.pl\/ZmI1OTA5dQwoUzlnbk54GWsLbT0oF3ZPPBN1dm5WdV94BXwscgVqXWZXJjgkRz8dJh8oJjRFOxo5Hz84blQqBGZHfnslXCkdJVA2eyRYOAgtHnc2clBvWy0HYjInAD5AfVMqbWxUbl5_HH9lcVM4WHABdmIgDHgQ\" alt=\"Brooklyn Beckham and Nicola Peltz at the premiere of &quot;Lola&quot; held at the Regency Bruin Theatre on February 3, 2024 in Los Angeles, California. (Photo by Michael Buckner\/Variety via Getty Images)\"\/><figcaption class=\"wp-element-caption\">Brooklyn Beckham&nbsp;<strong>\u00a9 GETTY | Michael Buckner<\/strong><\/figcaption><\/figure>\n\n\n\n<figure class=\"wp-block-image\"><img decoding=\"async\" src=\"https:\/\/v.wpimg.pl\/N2QzMjc3YVMwGDtZTEhsRnNAbwMKEWIQJFh3SExQYQFnQ38SUQd4AX4cJAYGQStCPlQqGBZDL0UhVD0GTFI-W34MfEUHWj1CPRs0RQZeLFc1VS5eVFV6A2FDYFxVAywfZR57Uk5RegA1V3heUAQqAWNNelhXCmxP\" alt=\"PARIS, FRANCE - MARCH 05: Brooklyn Beckham and Nicola Peltz attend the Valentino Womenswear Fall Winter 2023-2024 show as part of Paris Fashion Week on March 05, 2023 in Paris, France. (Photo by Jacopo Raule\/Getty Images)\"\/><figcaption class=\"wp-element-caption\">Brroklyn Beckahm i Nicola&nbsp;<strong>\u00a9 GETTY | Jacopo Raule<\/strong><\/figcaption><\/figure>\n\n\n\n<figure class=\"wp-block-image\"><img decoding=\"async\" src=\"https:\/\/v.wpimg.pl\/M2FkOWRmYlMnCTlkfRZvRmRRbT47T2EQM0l1dX0OYgF-W38vZ1h9BmkNJjs3HyhCKUUoJScdLEU2RT87fQw9W2kdfng2BD5CKgo2eDcAL1ciRCxkM1t_AiAOYmZkVXkfclMpM38PfgYiRn9uYV4sVn8PKWBiX29P\" alt=\"LONDON, ENGLAND - OCTOBER 08: Victoria Beckham and David Beckham attend the &quot;Victoria Beckham&quot; World Premiere at the Curzon Mayfair on October 08, 2025 in London, England. (Photo by Karwai Tang\/WireImage)\"\/><figcaption class=\"wp-element-caption\">LONDON, ENGLAND &#8211; OCTOBER 08: Victoria Beckham and David Beckham attend the &#8220;Victoria Beckham&#8221; World Premiere at the Curzon Mayfair on October 08, 2025 in London, England. (Photo by Karwai Tang\/WireImage)&nbsp;<strong>\u00a9 GETTY | Karwai Tang<\/strong><\/figcaption><\/figure>\n","protected":false},"excerpt":{"rendered":"Brooklyn Beckham opublikowa\u0142 emocjonalne o\u015bwiadczenie na Instagramie, w kt\u00f3rym oskar\u017ca swoich rodzic\u00f3w o kontrolowanie jego \u017cycia. Stwierdzi\u0142, \u017ce po raz pierwszy w \u017cyciu \n<a class=\"moretag\" href=\"https:\/\/lifevery.biz.ua\/?p=559\"> [...]<\/a>","protected":false},"author":1,"featured_media":560,"comment_status":"open","ping_status":"open","sticky":false,"template":"","format":"standard","meta":{"footnotes":""},"categories":[1],"tags":[],"class_list":["post-559","post","type-post","status-publish","format-standard","has-post-thumbnail","hentry","category-blog"],"_links":{"self":[{"href":"https:\/\/lifevery.biz.ua\/index.php?rest_route=\/wp\/v2\/posts\/559","targetHints":{"allow":["GET"]}}],"collection":[{"href":"https:\/\/lifevery.biz.ua\/index.php?rest_route=\/wp\/v2\/posts"}],"about":[{"href":"https:\/\/lifevery.biz.ua\/index.php?rest_route=\/wp\/v2\/types\/post"}],"author":[{"embeddable":true,"href":"https:\/\/lifevery.biz.ua\/index.php?rest_route=\/wp\/v2\/users\/1"}],"replies":[{"embeddable":true,"href":"https:\/\/lifevery.biz.ua\/index.php?rest_route=%2Fwp%2Fv2%2Fcomments&post=559"}],"version-history":[{"count":1,"href":"https:\/\/lifevery.biz.ua\/index.php?rest_route=\/wp\/v2\/posts\/559\/revisions"}],"predecessor-version":[{"id":561,"href":"https:\/\/lifevery.biz.ua\/index.php?rest_route=\/wp\/v2\/posts\/559\/revisions\/561"}],"wp:featuredmedia":[{"embeddable":true,"href":"https:\/\/lifevery.biz.ua\/index.php?rest_route=\/wp\/v2\/media\/560"}],"wp:attachment":[{"href":"https:\/\/lifevery.biz.ua\/index.php?rest_route=%2Fwp%2Fv2%2Fmedia&parent=559"}],"wp:term":[{"taxonomy":"category","embeddable":true,"href":"https:\/\/lifevery.biz.ua\/index.php?rest_route=%2Fwp%2Fv2%2Fcategories&post=559"},{"taxonomy":"post_tag","embeddable":true,"href":"https:\/\/lifevery.biz.ua\/index.php?rest_route=%2Fwp%2Fv2%2Ftags&post=559"}],"curies":[{"name":"wp","href":"https:\/\/api.w.org\/{rel}","templated":true}]}}