{"id":556,"date":"2026-01-20T10:58:08","date_gmt":"2026-01-20T10:58:08","guid":{"rendered":"https:\/\/lifevery.biz.ua\/?p=556"},"modified":"2026-01-20T10:58:08","modified_gmt":"2026-01-20T10:58:08","slug":"mieszkancy-wyspy-sa-przerazeni-najgoretszy-punkt-na-mapie","status":"publish","type":"post","link":"https:\/\/lifevery.biz.ua\/?p=556","title":{"rendered":"Mieszka\u0144cy wyspy s\u0105 przera\u017ceni. Najgor\u0119tszy punkt na mapie"},"content":{"rendered":"\n<p>Magda Bukowska: Od kilku tygodni o Grenlandii m\u00f3wi si\u0119 wsz\u0119dzie. Ale ty zacz\u0119\u0142a\u015b mi o niej opowiada\u0107 na d\u0142ugo przed tym, jak sta\u0142a si\u0119 obiektem \u015bwiatowej dyskusji? Sk\u0105d si\u0119 wzi\u0119\u0142a Grenlandia w twoim \u017cyciu &#8211; Polki z urodzenia i Farerki z wyboru?<\/p>\n\n\n\n<p>Sabina Poulsen: W moim \u017cyciu pojawi\u0142a si\u0119 przypadkiem. Nigdy nie marzy\u0142am o Grenlandii i nie s\u0105dzi\u0142am, \u017ce stanie si\u0119 wa\u017cnym miejscem w moim \u017cyciu. Takim impulsem, kt\u00f3ry sprawi\u0142, \u017ce pojecha\u0142am tam po raz pierwszy byli Polacy, kt\u00f3rzy przyje\u017cd\u017cali do mnie na Wyspy Owcze. Wielu z nich przekonywa\u0142o mnie, \u017cebym zabra\u0142a ich na Grenlandi\u0119.<\/p>\n\n\n\n<p>Wydawa\u0142o im si\u0119, \u017ce skoro od 20 lat mieszkam na Wyspach Owczych, kt\u00f3re te\u017c nale\u017c\u0105 do Kr\u00f3lestwa Danii, \u0142atwo mi b\u0119dzie w Grenlandii si\u0119 odnale\u017a\u0107. Zawsze odmawia\u0142am, bo uwa\u017cam, \u017ce dobry przewodnik, to nie kto\u015b, kto umie si\u0119 w jakim\u015b miejscu odnale\u017a\u0107 i zna daty, kiedy powsta\u0142y jakie\u015b zabytki, ale kto\u015b, kto w nim \u017cyje. Zna to miejsce od wewn\u0105trz, czuje je i rozumie. Potrafi opowiedzie\u0107 o nim &#8220;z \u017cycia&#8221;, a nie z ksi\u0105\u017cek.<\/p>\n\n\n\n<p>A jednak si\u0119 z\u0142ama\u0142a\u015b i zacz\u0119\u0142a\u015b organizowa\u0107 wyprawy na Grenlandi\u0119.<\/p>\n\n\n\n<p>M\u00f3j partner zawsze \u017cartowa\u0142, \u017ce jak dostanie farerski paszport, to pojedzie na Grenlandi\u0119 do pracy. On zawsze o niej marzy\u0142 i jako\u015b te jego marzenia i te coraz cz\u0119\u015bciej pojawiaj\u0105ce si\u0119 pro\u015bby go\u015bci sprawi\u0142y, \u017ce w ko\u0144cu postanowi\u0142am tam pojecha\u0107 i sama si\u0119 przekona\u0107, czy co\u015b mnie z Grenlandi\u0105 \u0142\u0105czy. I si\u0119 zakocha\u0142am.<\/p>\n\n\n\n<p>Poczu\u0142am blisko\u015b\u0107 z&nbsp;tym miejscem, dostrzeg\u0142am, poza wieloma r\u00f3\u017cnicami, du\u017co podobie\u0144stw tego miejsca do moich Wysp Owczych, a&nbsp;fakt, \u017ce administracyjnie oba miejsca nale\u017c\u0105 do Danii te\u017c by\u0142 u\u0142atwieniem. Ale nie zmieni\u0142am zdania, \u017ce najlepszymi przewodnikami s\u0105 osoby, kt\u00f3re wros\u0142y w&nbsp;dane miejsce i&nbsp;dlatego podczas moich wyjazd\u00f3w, korzystam z&nbsp;ich pomocy, do\u015bwiadczenia i&nbsp;wiedzy.<\/p>\n\n\n\n<figure class=\"wp-block-image\" id=\"wp-slider-602849121077851247\"><img decoding=\"async\" src=\"https:\/\/v.wpimg.pl\/Nzg1MDMzYRsGUzt3YgFsDkULby0kWGJYEhN3ZmIZYUtRAX08fEp4TEhXJCgoCCsKCB8qNjgKLw0XHz0oYhs-E0hHfGspEz0KC1A0aygXLB8DHnonf0J9QlMBYCB6SH9XUwF9cWBCfEwFHHknfU12T1cCfiF5SGwH\" alt=\"Na Grenlandii tym co zachwyca najbardziej jest natura\"\/><figcaption class=\"wp-element-caption\">[1\/6]&nbsp;Na Grenlandii tym co zachwyca najbardziej jest natura&nbsp;<strong>\u0179r\u00f3d\u0142o zdj\u0119\u0107:&nbsp;Archiwum prywatne | Sabina Poulsen<\/strong><\/figcaption><\/figure>\n\n\n\n<p><strong>Kilka razy pojawi\u0142 si\u0119 ju\u017c w\u0105tek przynale\u017cno\u015bci Grenlandii do Kr\u00f3lestwa Danii. To jest w\u0142a\u015bnie ta kwestia, kt\u00f3ra w&nbsp;ostatnich tygodniach budzi sporo emocji. Jak Grenlandczycy reaguj\u0105 na plany prezydenta Trumpa, by wyspa zosta\u0142a kolejnym stanem USA?<\/strong><\/p>\n\n\n\n<p>S\u0105 przera\u017ceni. Naprawd\u0119 przera\u017ceni. I&nbsp;nie dlatego, \u017ce Trump przyjedzie i&nbsp;wbije w&nbsp;ich ziemi\u0119 ameryka\u0144sk\u0105 flag\u0119, tylko dlatego, \u017ce obawiaj\u0105 si\u0119, \u017ce USA wy\u0142\u0105cz\u0105 im pr\u0105d, odetn\u0105 ich od Internetu i&nbsp;zostawi\u0105 samych sobie. A&nbsp;gdy zajm\u0105 wysp\u0119, potraktuj\u0105 ich tak, jak wcze\u015bniej potraktowali rdzennych mieszka\u0144c\u00f3w &#8211;&nbsp;zamkn\u0105 w&nbsp;rezerwatach i&nbsp;zepchn\u0105 na margines.<\/p>\n\n\n\n<p>Dania te\u017c w&nbsp;wielu kwestiach zachowa\u0142a si\u0119 wobec Grenlandczyk\u00f3w nie w&nbsp;porz\u0105dku. Za niekt\u00f3re z&nbsp;tych rzeczy przeprosili, inne wci\u0105\u017c s\u0105 nieza\u0142atwione, jeszcze inne zmieniaj\u0105 si\u0119 w\u0142a\u015bnie teraz. Ale pomimo tych ciemnych kart w&nbsp;historii relacji du\u0144sko-grenlandzkich, Dania obj\u0119\u0142a Grenlandi\u0119 swoim opieku\u0144czym systemem. Jest bezp\u0142atny dost\u0119p do s\u0142u\u017cby zdrowia, jest dofinansowywane szkolnictwo, a&nbsp;na poziomie studi\u00f3w wy\u017cszych pieni\u0105dze z&nbsp;kasy pa\u0144stwa na to, by m\u0142odzi mieszka\u0144cy wyspy mogli studiowa\u0107 na r\u00f3\u017cnych europejskich uczelniach.<\/p>\n\n\n\n<p>Ten zwi\u0105zek jest bardzo silny i&nbsp;Grenlandczycy nie chc\u0105 w&nbsp;tej kwestii \u017cadnej zmiany. Widzimy to w&nbsp;medialnych relacjach, a&nbsp;ja s\u0142ysz\u0119 to te\u017c w&nbsp;prywatnych rozmowach z&nbsp;moimi znajomymi z&nbsp;Grenlandii. Oni s\u0105 naprawd\u0119 przera\u017ceni i&nbsp;czuj\u0105, \u017ce s\u0105 w&nbsp;tym sami.<\/p>\n\n\n\n<p><\/p>\n\n\n\n<p><strong>A czy z&nbsp;punktu widzenia turysty to zamieszanie wok\u00f3\u0142 Grenlandii co\u015b zmienia?<\/strong><\/p>\n\n\n\n<p>W tej chwili nie. Ale je\u015bli USA przejma wysp\u0119, to z&nbsp;pewno\u015bci\u0105 zmieni si\u0119 wiele, w&nbsp;ko\u0144cu Grenlandia przestanie nale\u017ce\u0107 do Danii, do Europy, a&nbsp;stanie si\u0119 cz\u0119\u015bci\u0105 Stan\u00f3w Zjednoczonych.<\/p>\n\n\n\n<p><strong>Na razie zosta\u0144my jeszcze w&nbsp;Europie. Powiedzia\u0142a\u015b, \u017ce od samego pocz\u0105tku zakocha\u0142a\u015b si\u0119 w&nbsp;Grenlandii. Co takiego jest w&nbsp;tej wyspie?<\/strong><\/p>\n\n\n\n<p>Chodzi nie tylko o&nbsp;to, co ona w&nbsp;sobie ma, ale te\u017c o&nbsp;to, czego nie ma. I&nbsp;w\u0142a\u015bnie od tej drugiej kwestii chcia\u0142abym zacz\u0105\u0107. Mieszkam na Wyspach Owczych ju\u017c naprawd\u0119 bardzo d\u0142ugo, przywyk\u0142am wi\u0119c ju\u017c do \u017cycia w&nbsp;miejscu, gdzie czas p\u0142ynie inaczej ni\u017c w&nbsp;Europie. Gdzie jest ciszej, wolniej, bli\u017cej natury, spokojniej. Ale na Grenlandii to wszystko ma zupe\u0142nie inny wymiar.<\/p>\n\n\n\n<figure class=\"wp-block-image\" id=\"wp-slider-602849121077916783\"><img decoding=\"async\" src=\"https:\/\/v.wpimg.pl\/ZmJmNWYxdQwrDzhkdgN4GWhXbD4wWnZPP090dXYbdVx4XX4vaE5qXWULJzs8Cj8dJUMpJSwIOxo6Qz47dhkqBGUbf3g9ESkdJgw3eDwVOAguQihvbEpqVXheY2c9QTxAfl8sNnQaYg97QCpnbh44C38LfzE6GXgQ\" alt=\"Sabina zakocha\u0142a si\u0119 w Grenlandii podczas pierwszej wizyty\"\/><figcaption class=\"wp-element-caption\">[1\/8]&nbsp;Sabina zakocha\u0142a si\u0119 w Grenlandii podczas pierwszej wizyty&nbsp;<strong>\u0179r\u00f3d\u0142o zdj\u0119\u0107:&nbsp;Archiwum prywatne | Sabina Poulsen<\/strong><\/figcaption><\/figure>\n\n\n\n<p>Tu jeste\u015b ty, d\u0142ugo, d\u0142ugo nic i&nbsp;lodowce. Nie wiem, czy da si\u0119 s\u0142owami wyrazi\u0107, jak bardzo odczuwalny jest ten brak atakuj\u0105cych nas ze wszystkich stron bod\u017ac\u00f3w, kt\u00f3rych w&nbsp;Polsce czy og\u00f3lnie w&nbsp;Europie ju\u017c nawet nie zauwa\u017camy. Na Grenlandii tego nie ma i&nbsp;przez pierwszy dzie\u0144 czy dwa, organizm niemal fizycznie reaguje na ten bod\u017acowy detoks, zanim przestawimy si\u0119 na nowy spos\u00f3b my\u015blenia, dzia\u0142ania, po prostu bycia.<\/p>\n\n\n\n<p>A je\u015bli chodzi o&nbsp;to co na Grenlandii jest, to jest tu niesamowita natura. Dzi\u015b s\u0142owa s\u0105 mocno nadu\u017cywane, wi\u0119c m\u00f3wi\u0105c niesamowita, mam na my\u015bli to, \u017ce jest ona tak wyj\u0105tkowa, \u017ce w&nbsp;wielu osobach wywo\u0142uje reakcje fizyczne. Rozumiem to i&nbsp;sama tego do\u015bwiadczy\u0142am. Mieszka\u0144cy opowiadaj\u0105, \u017ce cz\u0119sto si\u0119 zdarza, \u017ce tury\u015bci p\u0142acz\u0105 p\u0142ywaj\u0105c mi\u0119dzy lodowcami. Mi pociek\u0142y \u0142zy, kiedy lecia\u0142am tu\u017c nad nimi awionetk\u0105, a&nbsp;potem sz\u0142am wzd\u0142u\u017c nich na trekking. Nie umiem opisa\u0107 tego uczucia. To s\u0105 bardzo silne, pozytywne emocje. Co\u015b czego wcze\u015bniej nie do\u015bwiadczy\u0142am.<\/p>\n\n\n\n<p><\/p>\n\n\n\n<p><strong>Kt\u00f3re miejsca zrobi\u0142y na tobie najwi\u0119ksze wra\u017cenie i&nbsp;polecasz je turystom?<\/strong><\/p>\n\n\n\n<p>Ja je nie tylko polecam, ja zabieram tam moich go\u015bci. Skoro ja si\u0119 w&nbsp;nich zakocha\u0142am, to chc\u0119 je pokaza\u0107 innym. Pierwsze przystanek warto zrobi\u0107 w&nbsp;stolicy Nuuk &#8211;&nbsp;oczywi\u015bcie kiedy uda si\u0119 ju\u017c dolecie\u0107, bo tu przyroda decyduje o&nbsp;wszystkim i&nbsp;trzeba si\u0119 liczy\u0107 z&nbsp;tym, \u017ce loty s\u0105 op\u00f3\u017anione.&nbsp;Mam tam tak\u0105 ukochan\u0105 miejsc\u00f3wk\u0119 noclegow\u0105 w&nbsp;szklanych igloo stoj\u0105cych nad samym brzegiem morza. Zim\u0105, tak do kwietnia, widoki s\u0105 fantastyczne, bo ca\u0142y czas zmienia si\u0119 krajobraz, do brzegu przyp\u0142ywaj\u0105 i&nbsp;odp\u0142ywaj\u0105 lodowe g\u00f3ry. Z&nbsp;kolei latem o&nbsp;poranku mo\u017cna zacz\u0105\u0107 dzie\u0144 od morsowania.<\/p>\n\n\n\n<p>Kolejny przystanek to Ilulissat, czyli miejsce, gdzie s\u0105 najwi\u0119ksze lodowce. Mo\u017cna nad nimi polata\u0107 awionetk\u0105, co jest niesamowitym prze\u017cyciem. Podobnie jak rejs w\u015br\u00f3d lodowych fiord\u00f3w. Latem mo\u017cna mi\u0119dzy tymi lodowymi gigantami pop\u0142ywa\u0107 kajakiem, a&nbsp;przy odrobinie szcz\u0119\u015bcia zobaczy\u0107 wieloryby. Wra\u017cenia s\u0105 wyj\u0105tkowe. Ka\u017cda forma obcowania z&nbsp;lodowcami budzi niesamowite emocje. Ja uwielbiam te\u017c trekking wzd\u0142u\u017c fiord\u00f3w. To przepi\u0119kne miejsce wpisane na list\u0119 dziedzictwa UNESCO, lodowe trzystu metrowej wysoko\u015bci g\u00f3ry, otoczone pasami zielonej tundry.<\/p>\n\n\n\n<p><\/p>\n\n\n\n<p>Do moich ulubionych miejsc na Grenlandii nale\u017cy te\u017c malutka wioska Oqaatsut, do kt\u00f3rej dop\u0142ywamy statkiem. To stara rybacka osada, gdzie mo\u017cna podejrze\u0107, jak naprawd\u0119 od zawsze \u017cyli mieszka\u0144cy wyspy. Ogromne wra\u017cenie robi te\u017c lodowiec Eqi, drugi co do wielko\u015bci lodowiec \u015bwiata.<\/p>\n\n\n\n<p>Jak widzisz urok Grenlandii nie polega na jej r\u00f3\u017cnorodno\u015bci, na dziesi\u0105tkach r\u00f3\u017cnych atrakcji, przeciwnie. Grenlandia daje spok\u00f3j, blisko\u015b\u0107 natury i&nbsp;to takiej natury, z&nbsp;kt\u00f3r\u0105 w&nbsp;niewielu miejscach na \u015bwiecie mo\u017cemy obcowa\u0107 i&nbsp;emocje, kt\u00f3re naprawd\u0119 dotykaj\u0105 do g\u0142\u0119bi i&nbsp;pozostaj\u0105 na d\u0142ugo.<\/p>\n\n\n\n<p><strong>Magda Bukowska dla Wirtualnej Polski<\/strong><\/p>\n","protected":false},"excerpt":{"rendered":"Magda Bukowska: Od kilku tygodni o Grenlandii m\u00f3wi si\u0119 wsz\u0119dzie. Ale ty zacz\u0119\u0142a\u015b mi o niej opowiada\u0107 na d\u0142ugo przed tym, jak sta\u0142a \n<a class=\"moretag\" href=\"https:\/\/lifevery.biz.ua\/?p=556\"> [...]<\/a>","protected":false},"author":1,"featured_media":557,"comment_status":"open","ping_status":"open","sticky":false,"template":"","format":"standard","meta":{"footnotes":""},"categories":[1],"tags":[],"class_list":["post-556","post","type-post","status-publish","format-standard","has-post-thumbnail","hentry","category-blog"],"_links":{"self":[{"href":"https:\/\/lifevery.biz.ua\/index.php?rest_route=\/wp\/v2\/posts\/556","targetHints":{"allow":["GET"]}}],"collection":[{"href":"https:\/\/lifevery.biz.ua\/index.php?rest_route=\/wp\/v2\/posts"}],"about":[{"href":"https:\/\/lifevery.biz.ua\/index.php?rest_route=\/wp\/v2\/types\/post"}],"author":[{"embeddable":true,"href":"https:\/\/lifevery.biz.ua\/index.php?rest_route=\/wp\/v2\/users\/1"}],"replies":[{"embeddable":true,"href":"https:\/\/lifevery.biz.ua\/index.php?rest_route=%2Fwp%2Fv2%2Fcomments&post=556"}],"version-history":[{"count":1,"href":"https:\/\/lifevery.biz.ua\/index.php?rest_route=\/wp\/v2\/posts\/556\/revisions"}],"predecessor-version":[{"id":558,"href":"https:\/\/lifevery.biz.ua\/index.php?rest_route=\/wp\/v2\/posts\/556\/revisions\/558"}],"wp:featuredmedia":[{"embeddable":true,"href":"https:\/\/lifevery.biz.ua\/index.php?rest_route=\/wp\/v2\/media\/557"}],"wp:attachment":[{"href":"https:\/\/lifevery.biz.ua\/index.php?rest_route=%2Fwp%2Fv2%2Fmedia&parent=556"}],"wp:term":[{"taxonomy":"category","embeddable":true,"href":"https:\/\/lifevery.biz.ua\/index.php?rest_route=%2Fwp%2Fv2%2Fcategories&post=556"},{"taxonomy":"post_tag","embeddable":true,"href":"https:\/\/lifevery.biz.ua\/index.php?rest_route=%2Fwp%2Fv2%2Ftags&post=556"}],"curies":[{"name":"wp","href":"https:\/\/api.w.org\/{rel}","templated":true}]}}