{"id":5547,"date":"2026-03-14T11:27:52","date_gmt":"2026-03-14T11:27:52","guid":{"rendered":"https:\/\/lifevery.biz.ua\/?p=5547"},"modified":"2026-03-14T11:27:52","modified_gmt":"2026-03-14T11:27:52","slug":"powazny-wypadek-na-s3-w-lubuskiem-blokada-na-kilka-godzin","status":"publish","type":"post","link":"https:\/\/lifevery.biz.ua\/?p=5547","title":{"rendered":"Powa\u017cny wypadek na S3 w Lubuskiem. Blokada na kilka godzin"},"content":{"rendered":"\n<p>Popo\u0142udniowy ruch na jednej z kluczowych tras w Lubuskiem zosta\u0142 nagle zak\u0142\u00f3cony. Kierowcy jad\u0105cy w stron\u0119 Gorzowa Wielkopolskiego musz\u0105 liczy\u0107 si\u0119 z powa\u017cnymi utrudnieniami. S\u0142u\u017cby dzia\u0142aj\u0105 na miejscu zdarzenia, a przejazd nie odbywa si\u0119 p\u0142ynnie.<\/p>\n\n\n\n<p>Gro\u017ane zdarzenie na wa\u017cnym odcinku trasy S3<br>Zderzenie osob\u00f3wki z pojazdem s\u0142u\u017cby drogowej<br>Blokada i utrudnienia na kilka godzin<br>Gro\u017ane zdarzenie na wa\u017cnym odcinku trasy S3<br>Do kolizji dosz\u0142o w poniedzia\u0142ek, 5 stycznia, na drodze ekspresowej S3 w wojew\u00f3dztwie lubuskim. Zdarzenie mia\u0142o miejsce na wysoko\u015bci miejscowo\u015bci Szumi\u0105ca, na odcinku pomi\u0119dzy w\u0119z\u0142em Jordanowo a w\u0119z\u0142em Mi\u0119dzyrzecz Po\u0142udnie. To fragment trasy intensywnie u\u017cytkowany przez kierowc\u00f3w podr\u00f3\u017cuj\u0105cych w kierunku Gorzowa Wielkopolskiego, dlatego ka\u017cda przerwa w ruchu szybko przek\u0142ada si\u0119 na tworz\u0105ce si\u0119 zatory.<\/p>\n\n\n\n<p>Droga w tym miejscu jest wa\u017cnym po\u0142\u0105czeniem regionalnym i tranzytowym, co sprawia, \u017ce nawet kr\u00f3tkotrwa\u0142e utrudnienia s\u0105 wyra\u017anie odczuwalne. Kierowcy, kt\u00f3rzy znale\u017ali si\u0119 w rejonie zdarzenia, musieli uzbroi\u0107 si\u0119 w cierpliwo\u015b\u0107 i zwolni\u0107 tempo jazdy.<br><\/p>\n\n\n\n<p>Zderzenie osob\u00f3wki z pojazdem s\u0142u\u017cby drogowej<br>Jak wynika z informacji przekazanych przez zielonog\u00f3rski oddzia\u0142 Generalnej Dyrekcji Dr\u00f3g Krajowych i Autostrad, do kolizji dosz\u0142o oko\u0142o godziny 15.00. Samoch\u00f3d osobowy zderzy\u0142 si\u0119 z pojazdem s\u0142u\u017cby drogowej, kt\u00f3ry znajdowa\u0142 si\u0119 na trasie. Okoliczno\u015bci zdarzenia by\u0142y na tyle powa\u017cne, \u017ce konieczne sta\u0142o si\u0119 wprowadzenie ogranicze\u0144 w ruchu.<\/p>\n\n\n\n<p>Generalna Dyrekcja Dr\u00f3g Krajowych i Autostrad poinformowa\u0142a, \u017ce mimo gro\u017anie wygl\u0105daj\u0105cej sytuacji nikt nie odni\u00f3s\u0142 obra\u017ce\u0144.<br><\/p>\n\n\n\n<p>Blokada i utrudnienia na kilka godzin<br>Po zdarzeniu wprowadzono blokad\u0119 na tym odcinku S3, co bezpo\u015brednio wp\u0142yn\u0119\u0142o na czas przejazdu. Kierowcy musz\u0105 liczy\u0107 si\u0119 z op\u00f3\u017anieniami oraz mo\u017cliwymi objazdami, zw\u0142aszcza w godzinach popo\u0142udniowego szczytu komunikacyjnego.<\/p>\n\n\n\n<p>S\u0142u\u017cby drogowe pracowa\u0142y nad jak najszybszym usuni\u0119ciem pojazd\u00f3w z jezdni i przywr\u00f3ceniem pe\u0142nej przejezdno\u015bci trasy, jednak sytuacja na drodze przez d\u0142u\u017cszy czas pozostawa\u0142a napi\u0119ta.<br><\/p>\n","protected":false},"excerpt":{"rendered":"Popo\u0142udniowy ruch na jednej z kluczowych tras w Lubuskiem zosta\u0142 nagle zak\u0142\u00f3cony. Kierowcy jad\u0105cy w stron\u0119 Gorzowa Wielkopolskiego musz\u0105 liczy\u0107 si\u0119 z powa\u017cnymi \n<a class=\"moretag\" href=\"https:\/\/lifevery.biz.ua\/?p=5547\"> [...]<\/a>","protected":false},"author":1,"featured_media":5549,"comment_status":"open","ping_status":"open","sticky":false,"template":"","format":"standard","meta":{"footnotes":""},"categories":[1],"tags":[],"class_list":["post-5547","post","type-post","status-publish","format-standard","has-post-thumbnail","hentry","category-blog"],"_links":{"self":[{"href":"https:\/\/lifevery.biz.ua\/index.php?rest_route=\/wp\/v2\/posts\/5547","targetHints":{"allow":["GET"]}}],"collection":[{"href":"https:\/\/lifevery.biz.ua\/index.php?rest_route=\/wp\/v2\/posts"}],"about":[{"href":"https:\/\/lifevery.biz.ua\/index.php?rest_route=\/wp\/v2\/types\/post"}],"author":[{"embeddable":true,"href":"https:\/\/lifevery.biz.ua\/index.php?rest_route=\/wp\/v2\/users\/1"}],"replies":[{"embeddable":true,"href":"https:\/\/lifevery.biz.ua\/index.php?rest_route=%2Fwp%2Fv2%2Fcomments&post=5547"}],"version-history":[{"count":1,"href":"https:\/\/lifevery.biz.ua\/index.php?rest_route=\/wp\/v2\/posts\/5547\/revisions"}],"predecessor-version":[{"id":5550,"href":"https:\/\/lifevery.biz.ua\/index.php?rest_route=\/wp\/v2\/posts\/5547\/revisions\/5550"}],"wp:featuredmedia":[{"embeddable":true,"href":"https:\/\/lifevery.biz.ua\/index.php?rest_route=\/wp\/v2\/media\/5549"}],"wp:attachment":[{"href":"https:\/\/lifevery.biz.ua\/index.php?rest_route=%2Fwp%2Fv2%2Fmedia&parent=5547"}],"wp:term":[{"taxonomy":"category","embeddable":true,"href":"https:\/\/lifevery.biz.ua\/index.php?rest_route=%2Fwp%2Fv2%2Fcategories&post=5547"},{"taxonomy":"post_tag","embeddable":true,"href":"https:\/\/lifevery.biz.ua\/index.php?rest_route=%2Fwp%2Fv2%2Ftags&post=5547"}],"curies":[{"name":"wp","href":"https:\/\/api.w.org\/{rel}","templated":true}]}}