{"id":5541,"date":"2026-03-14T11:24:40","date_gmt":"2026-03-14T11:24:40","guid":{"rendered":"https:\/\/lifevery.biz.ua\/?p=5541"},"modified":"2026-03-14T11:24:40","modified_gmt":"2026-03-14T11:24:40","slug":"atak-zimy-sparalizuje-polske-nadchodza-mrozy-do-20-stopni-i-potezne-sniezyce","status":"publish","type":"post","link":"https:\/\/lifevery.biz.ua\/?p=5541","title":{"rendered":"Atak zimy sparali\u017cuje Polsk\u0119. Nadchodz\u0105 mrozy do -20 stopni i pot\u0119\u017cne \u015bnie\u017cyce"},"content":{"rendered":"\n<p>Jak informuje Instytut Meteorologii i Gospodarki Wodnej, przed nami ekstremalnie trudny i dynamiczny tydzie\u0144, w kt\u00f3rym Polska znajdzie si\u0119 w u\u015bcisku syberyjskiego mrozu oraz intensywnych opad\u00f3w \u015bniegu. Synoptycy ostrzegaj\u0105 przed spadkami temperatur nawet do -20\u00b0C oraz lokalnymi parali\u017cami komunikacyjnymi spowodowanymi przez ni\u017c znad po\u0142udniowej Europy.<\/p>\n\n\n\n<p>Rekordowe mrozy opanuj\u0105 ca\u0142y kraj<br>\u015anie\u017cny parali\u017c na po\u0142udniowym wschodzie<br>Skrajnie niebezpieczne warunki na drogach<br>Odwil\u017c z zachodu przyniesie go\u0142oled\u017a<br>Rekordowe mrozy opanuj\u0105 ca\u0142y kraj<br>Pocz\u0105tek tygodnia przyniesie gwa\u0142towne och\u0142odzenie, kt\u00f3re najmocniej uderzy w centraln\u0105, p\u00f3\u0142nocno-wschodni\u0105 oraz wschodni\u0105 cz\u0119\u015b\u0107 Polski. W tych regionach temperatury nocne b\u0119d\u0105 regularnie spada\u0107 do poziomu od -15 do -18\u00b0C, a w rejonach podg\u00f3rskich i tzw. zastoiskach ch\u0142odu s\u0142upki rt\u0119ci mog\u0105 wskaza\u0107 nawet -20\u00b0C. Nawet w ci\u0105gu dnia mr\u00f3z nie odpu\u015bci, co przy przewidywanych rozpogodzeniach b\u0119dzie prowadzi\u0107 do bardzo szybkiego wych\u0142adzania gruntu i budynk\u00f3w.<br><\/p>\n\n\n\n<p>\u015anie\u017cny parali\u017c na po\u0142udniowym wschodzie<br>Sytuacja pogodowa stanie si\u0119 jeszcze bardziej dramatyczna w okolicach 6 stycznia, kiedy po\u0142udniowo-wschodnia Polska dostanie si\u0119 pod wp\u0142yw aktywnego ni\u017cu znad W\u0142och. Modele meteorologiczne ECMWF wskazuj\u0105 na pot\u0119\u017cne opady \u015bniegu, kt\u00f3re mog\u0105 doprowadzi\u0107 do przyrostu pokrywy bia\u0142ego puchu nawet o 50 centymetr\u00f3w w rejonie Bieszczad. Ju\u017c w nocy z wtorku na \u015brod\u0119 spodziewany jest przyrost pokrywy o 17 centymetr\u00f3w, co w warunkach g\u00f3rskich i podg\u00f3rskich mo\u017ce oznacza\u0107 ca\u0142kowite odci\u0119cie niekt\u00f3rych miejscowo\u015bci od \u015bwiata.<\/p>\n\n\n\n<p>\u015anie\u017cny parali\u017c na po\u0142udniowym wschodzie<br>Sytuacja pogodowa stanie si\u0119 jeszcze bardziej dramatyczna w okolicach 6 stycznia, kiedy po\u0142udniowo-wschodnia Polska dostanie si\u0119 pod wp\u0142yw aktywnego ni\u017cu znad W\u0142och. Modele meteorologiczne ECMWF wskazuj\u0105 na pot\u0119\u017cne opady \u015bniegu, kt\u00f3re mog\u0105 doprowadzi\u0107 do przyrostu pokrywy bia\u0142ego puchu nawet o 50 centymetr\u00f3w w rejonie Bieszczad. Ju\u017c w nocy z wtorku na \u015brod\u0119 spodziewany jest przyrost pokrywy o 17 centymetr\u00f3w, co w warunkach g\u00f3rskich i podg\u00f3rskich mo\u017ce oznacza\u0107 ca\u0142kowite odci\u0119cie niekt\u00f3rych miejscowo\u015bci od \u015bwiata.<\/p>\n\n\n\n<p>Skrajnie niebezpieczne warunki na drogach<br>W obliczu nadchodz\u0105cego ataku zimy, Ministerstwo Infrastruktury zapewnia o pe\u0142nej mobilizacji wszystkich podleg\u0142ych s\u0142u\u017cb. Minister infrastruktury Dariusz Klimczak, cytowany przez profil resortu na platformie X, zadeklarowa\u0142 na antenie TVN24:&nbsp;<\/p>\n\n\n\n<p>\u201ePrzygotowujemy si\u0119 do trudnych warunk\u00f3w atmosferycznych, zar\u00f3wno na drogach, jak i na kolei czy lotniskach, tak aby pasa\u017cerowie, kt\u00f3rzy wybrali si\u0119 w podr\u00f3\u017c mogli bezpiecznie dotrze\u0107 do celu\u201d.&nbsp;<\/p>\n\n\n\n<p>Szef resortu podkre\u015bli\u0142 r\u00f3wnie\u017c wprowadzenie systemowych zabezpiecze\u0144 na wypadek problem\u00f3w technicznych:<\/p>\n\n\n\n<p>\u00a0\u201eNa wypadek niesolidnego podwykonawcy musimy mie\u0107 kilka stopni zabezpieczenia \u2013 musimy mie\u0107 rezerw\u0119 w oparciu o sp\u00f3\u0142ki zale\u017cne\u201d<br><\/p>\n","protected":false},"excerpt":{"rendered":"Jak informuje Instytut Meteorologii i Gospodarki Wodnej, przed nami ekstremalnie trudny i dynamiczny tydzie\u0144, w kt\u00f3rym Polska znajdzie si\u0119 w u\u015bcisku syberyjskiego mrozu \n<a class=\"moretag\" href=\"https:\/\/lifevery.biz.ua\/?p=5541\"> [...]<\/a>","protected":false},"author":1,"featured_media":5542,"comment_status":"open","ping_status":"open","sticky":false,"template":"","format":"standard","meta":{"footnotes":""},"categories":[1],"tags":[],"class_list":["post-5541","post","type-post","status-publish","format-standard","has-post-thumbnail","hentry","category-blog"],"_links":{"self":[{"href":"https:\/\/lifevery.biz.ua\/index.php?rest_route=\/wp\/v2\/posts\/5541","targetHints":{"allow":["GET"]}}],"collection":[{"href":"https:\/\/lifevery.biz.ua\/index.php?rest_route=\/wp\/v2\/posts"}],"about":[{"href":"https:\/\/lifevery.biz.ua\/index.php?rest_route=\/wp\/v2\/types\/post"}],"author":[{"embeddable":true,"href":"https:\/\/lifevery.biz.ua\/index.php?rest_route=\/wp\/v2\/users\/1"}],"replies":[{"embeddable":true,"href":"https:\/\/lifevery.biz.ua\/index.php?rest_route=%2Fwp%2Fv2%2Fcomments&post=5541"}],"version-history":[{"count":1,"href":"https:\/\/lifevery.biz.ua\/index.php?rest_route=\/wp\/v2\/posts\/5541\/revisions"}],"predecessor-version":[{"id":5543,"href":"https:\/\/lifevery.biz.ua\/index.php?rest_route=\/wp\/v2\/posts\/5541\/revisions\/5543"}],"wp:featuredmedia":[{"embeddable":true,"href":"https:\/\/lifevery.biz.ua\/index.php?rest_route=\/wp\/v2\/media\/5542"}],"wp:attachment":[{"href":"https:\/\/lifevery.biz.ua\/index.php?rest_route=%2Fwp%2Fv2%2Fmedia&parent=5541"}],"wp:term":[{"taxonomy":"category","embeddable":true,"href":"https:\/\/lifevery.biz.ua\/index.php?rest_route=%2Fwp%2Fv2%2Fcategories&post=5541"},{"taxonomy":"post_tag","embeddable":true,"href":"https:\/\/lifevery.biz.ua\/index.php?rest_route=%2Fwp%2Fv2%2Ftags&post=5541"}],"curies":[{"name":"wp","href":"https:\/\/api.w.org\/{rel}","templated":true}]}}