{"id":5514,"date":"2026-03-14T10:26:30","date_gmt":"2026-03-14T10:26:30","guid":{"rendered":"https:\/\/lifevery.biz.ua\/?p=5514"},"modified":"2026-03-14T10:26:30","modified_gmt":"2026-03-14T10:26:30","slug":"tragedia-na-drodze-pod-zninem-czolowe-zderzenie-nie-zyje-58-letni-rowerzysta","status":"publish","type":"post","link":"https:\/\/lifevery.biz.ua\/?p=5514","title":{"rendered":"Tragedia na drodze pod \u017bninem. &#8220;Czo\u0142owe zderzenie&#8221; Nie \u017cyje 58-letni rowerzysta"},"content":{"rendered":"\n<p>W czwartkowy poranek w miejscowo\u015bci Podg\u00f3rzyn dosz\u0142o do tragicznego wypadku drogowego z udzia\u0142em samochodu osobowego i rowerzysty. Niestety, w wyniku odniesionych obra\u017ce\u0144 58-letni m\u0119\u017cczyzna poni\u00f3s\u0142 \u015bmier\u0107 na miejscu.<\/p>\n\n\n\n<p>Okoliczno\u015bci porannego wypadku w Podg\u00f3rzynie<br>Interwencja s\u0142u\u017cb ratunkowych<br>Wielogodzinne utrudnienia na trasie \u017bnin \u2013 G\u0105sawa<br>\u015aledztwo pod nadzorem prokuratury<br>Okoliczno\u015bci porannego wypadku w Podg\u00f3rzynie<br>Do zdarzenia dosz\u0142o 8 stycznia 2026 roku oko\u0142o godziny 6:45 na drodze powiatowej nr 2653, \u0142\u0105cz\u0105cej \u017bnin z G\u0105saw\u0105. Ze wst\u0119pnych ustale\u0144 policji wynika, \u017ce 21-letnia mieszkanka powiatu mogile\u0144skiego, kieruj\u0105ca osobowym Oplem Astr\u0105, podczas wyprzedzania innego pojazdu zderzy\u0142a si\u0119 czo\u0142owo z jad\u0105cym z przeciwnego kierunku 58-letnim rowerzyst\u0105. Tragiczny manewr doprowadzi\u0142 do bezpo\u015bredniego uderzenia, kt\u00f3re okaza\u0142o si\u0119 fatalne w skutkach dla cyklisty.<\/p>\n\n\n\n<p>Ze wst\u0119pnych ustale\u0144 policji wynika, \u017ce kieruj\u0105ca samochodem osobowym marki Opel Astra 21-letnia mieszkanka powiatu mogile\u0144skiego podczas wyprzedzania innego samochodu osobowego zderzy\u0142a si\u0119 czo\u0142owo z jad\u0105cym z przeciwnego kierunku rowerzyst\u0105. &#8211; Przekaza\u0142 sier\u017c. sztab. Piotr Kasprzak dla Gazety Pomorskiej.<br><\/p>\n\n\n\n<p>Interwencja s\u0142u\u017cb ratunkowych<br>Na miejsce natychmiast zadysponowano s\u0142u\u017cby ratunkowe, w tym zast\u0119p stra\u017cy po\u017carnej oraz policj\u0119. Po przybyciu na miejsce i dokonaniu oceny stanu poszkodowanego, ratownicy musieli podj\u0105\u0107 bolesn\u0105 decyzj\u0119 o odst\u0105pieniu od czynno\u015bci medycznych. Obra\u017cenia, jakich dozna\u0142 m\u0119\u017cczyzna w wyniku czo\u0142owego zderzenia z samochodem, by\u0142y na tyle powa\u017cne, \u017ce pomoc medyczna nie by\u0142a ju\u017c mo\u017cliwa.<\/p>\n\n\n\n<p>Niestety, w skutek poniesionych obra\u017ce\u0144 kieruj\u0105cy rowerem 57-letni m\u0119\u017cczyzna poni\u00f3s\u0142 \u015bmier\u0107 na miejscu &#8211; relacjonuje sier\u017c. sztab. Piotr Kasprzak ze \u017cni\u0144skiej policji dla Gazety Pomorskiej. &#8211; Poinformowa\u0142a policja.<br><\/p>\n\n\n\n<p>Wielogodzinne utrudnienia na trasie \u017bnin \u2013 G\u0105sawa<br>Wypadek spowodowa\u0142 ca\u0142kowite zablokowanie ruchu na kluczowym odcinku drogi powiatowej w Podg\u00f3rzynie. Policja wyznaczy\u0142a objazdy dla kierowc\u00f3w podr\u00f3\u017cuj\u0105cych mi\u0119dzy \u017bninem a G\u0105saw\u0105, a utrudnienia trwa\u0142y kilka godzin. S\u0142u\u017cby pracowa\u0142y nad zabezpieczeniem \u015blad\u00f3w oraz usuni\u0119ciem skutk\u00f3w zdarzenia, aby jak najszybciej przywr\u00f3ci\u0107 bezpieczny przejazd.<\/p>\n\n\n\n<p>\u015aledztwo pod nadzorem prokuratury<br>Obecnie okoliczno\u015bci zdarzenia badaj\u0105 policjanci pod nadzorem prokuratora, co jest standardow\u0105 procedur\u0105 w przypadku wypadk\u00f3w ze skutkiem \u015bmiertelnym. Funkcjonariusze b\u0119d\u0105 dok\u0142adnie analizowa\u0107 przebieg manewru wyprzedzania oraz sprawdza\u0107, czy wszystkie zasady bezpiecze\u0144stwa zosta\u0142y zachowane. Zebrany materia\u0142 dowodowy pozwoli prokuraturze na podj\u0119cie dalszych krok\u00f3w prawnych wobec sprawcy zdarzenia.<br><\/p>\n","protected":false},"excerpt":{"rendered":"W czwartkowy poranek w miejscowo\u015bci Podg\u00f3rzyn dosz\u0142o do tragicznego wypadku drogowego z udzia\u0142em samochodu osobowego i rowerzysty. Niestety, w wyniku odniesionych obra\u017ce\u0144 58-letni \n<a class=\"moretag\" href=\"https:\/\/lifevery.biz.ua\/?p=5514\"> [...]<\/a>","protected":false},"author":1,"featured_media":5515,"comment_status":"open","ping_status":"open","sticky":false,"template":"","format":"standard","meta":{"footnotes":""},"categories":[1],"tags":[],"class_list":["post-5514","post","type-post","status-publish","format-standard","has-post-thumbnail","hentry","category-blog"],"_links":{"self":[{"href":"https:\/\/lifevery.biz.ua\/index.php?rest_route=\/wp\/v2\/posts\/5514","targetHints":{"allow":["GET"]}}],"collection":[{"href":"https:\/\/lifevery.biz.ua\/index.php?rest_route=\/wp\/v2\/posts"}],"about":[{"href":"https:\/\/lifevery.biz.ua\/index.php?rest_route=\/wp\/v2\/types\/post"}],"author":[{"embeddable":true,"href":"https:\/\/lifevery.biz.ua\/index.php?rest_route=\/wp\/v2\/users\/1"}],"replies":[{"embeddable":true,"href":"https:\/\/lifevery.biz.ua\/index.php?rest_route=%2Fwp%2Fv2%2Fcomments&post=5514"}],"version-history":[{"count":1,"href":"https:\/\/lifevery.biz.ua\/index.php?rest_route=\/wp\/v2\/posts\/5514\/revisions"}],"predecessor-version":[{"id":5516,"href":"https:\/\/lifevery.biz.ua\/index.php?rest_route=\/wp\/v2\/posts\/5514\/revisions\/5516"}],"wp:featuredmedia":[{"embeddable":true,"href":"https:\/\/lifevery.biz.ua\/index.php?rest_route=\/wp\/v2\/media\/5515"}],"wp:attachment":[{"href":"https:\/\/lifevery.biz.ua\/index.php?rest_route=%2Fwp%2Fv2%2Fmedia&parent=5514"}],"wp:term":[{"taxonomy":"category","embeddable":true,"href":"https:\/\/lifevery.biz.ua\/index.php?rest_route=%2Fwp%2Fv2%2Fcategories&post=5514"},{"taxonomy":"post_tag","embeddable":true,"href":"https:\/\/lifevery.biz.ua\/index.php?rest_route=%2Fwp%2Fv2%2Ftags&post=5514"}],"curies":[{"name":"wp","href":"https:\/\/api.w.org\/{rel}","templated":true}]}}