{"id":5496,"date":"2026-03-14T10:06:43","date_gmt":"2026-03-14T10:06:43","guid":{"rendered":"https:\/\/lifevery.biz.ua\/?p=5496"},"modified":"2026-03-14T10:06:43","modified_gmt":"2026-03-14T10:06:43","slug":"dramatyczne-zdarzenie-na-dk25-blokada-drogi-2","status":"publish","type":"post","link":"https:\/\/lifevery.biz.ua\/?p=5496","title":{"rendered":"Dramatyczne zdarzenie na DK25. Blokada drogi"},"content":{"rendered":"\n<p>Czwartkowe popo\u0142udnie przynios\u0142o wydarzenia, kt\u00f3re na d\u0142ugo zapisz\u0105 si\u0119 w pami\u0119ci mieszka\u0144c\u00f3w jednej z miejscowo\u015bci w \u015brodkowej Wielkopolsce. Na wa\u017cnym odcinku drogi krajowej dosz\u0142o do zdarzenia, kt\u00f3re wymaga\u0142o natychmiastowej interwencji wszystkich s\u0142u\u017cb ratunkowych i doprowadzi\u0142o do powa\u017cnych utrudnie\u0144 w ruchu. Okoliczno\u015bci tego, co si\u0119 wydarzy\u0142o, s\u0105 obecnie szczeg\u00f3\u0142owo badane.<\/p>\n\n\n\n<p>Gdzie i kiedy dosz\u0142o do zdarzenia<br>Jak przebiega\u0142a akcja ratunkowa i blokada drogi<br>Dlaczego DK25 uchodzi za szczeg\u00f3lnie niebezpieczn\u0105<br>Jakie dzia\u0142ania zapowiedzia\u0142y s\u0142u\u017cby po tragedii<br>Co dalej w sprawie \u015bledztwa i odpowiedzialno\u015bci<br>&nbsp;<\/p>\n\n\n\n<p>Zderzenie pojazd\u00f3w na kluczowym odcinku DK25<br>Do tragicznego wypadku dosz\u0142o na drodze krajowej nr 25, b\u0119d\u0105cej jedn\u0105 z g\u0142\u00f3wnych osi komunikacyjnych regionu koni\u0144skiego. Odcinek ten \u0142\u0105czy mi\u0119dzy innymi \u015alesin ze Skulskiem i ka\u017cdego dnia korzystaj\u0105 z niego tysi\u0105ce kierowc\u00f3w \u2013 zar\u00f3wno lokalnych mieszka\u0144c\u00f3w, jak i osoby przemieszczaj\u0105ce si\u0119 tranzytem.<\/p>\n\n\n\n<p>W czwartkowe popo\u0142udnie na p\u00f3\u0142nocnym wyje\u017adzie ze \u015alesina, w rejonie skrzy\u017cowania w pobli\u017cu stacji paliw, zderzy\u0142y si\u0119 dwa pojazdy: samoch\u00f3d osobowy marki Audi oraz ci\u0119\u017car\u00f3wka przystosowana do transportu odpad\u00f3w. Zderzenie mia\u0142o charakter czo\u0142owo-boczny, a jego si\u0142a by\u0142a na tyle du\u017ca, \u017ce osob\u00f3wka zosta\u0142a powa\u017cnie zdeformowana.<\/p>\n\n\n\n<p>Na miejsce natychmiast skierowano zespo\u0142y ratownictwa medycznego, stra\u017c po\u017carn\u0105 oraz policj\u0119. Ratownicy przyst\u0105pili do udzielania pomocy kierowcy samochodu osobowego, jednak obra\u017cenia okaza\u0142y si\u0119 zbyt rozleg\u0142e. M\u0119\u017cczyzna zgin\u0105\u0142 na miejscu zdarzenia.<\/p>\n\n\n\n<p>Kierowca ci\u0119\u017car\u00f3wki nie odni\u00f3s\u0142 obra\u017ce\u0144 zagra\u017caj\u0105cych \u017cyciu, jednak r\u00f3wnie\u017c zosta\u0142 obj\u0119ty pomoc\u0105 medyczn\u0105 ze wzgl\u0119du na stan szoku pourazowego. Policja zabezpieczy\u0142a obu kieruj\u0105cych do dalszych czynno\u015bci procesowych.<br><\/p>\n\n\n\n<p>Parali\u017c komunikacyjny i wielogodzinna akcja s\u0142u\u017cb<br>Skala wypadku wymusi\u0142a ca\u0142kowite zamkni\u0119cie drogi krajowej nr 25 w obu kierunkach. S\u0142u\u017cby nie mog\u0142y dopu\u015bci\u0107 do ruchu pojazd\u00f3w ze wzgl\u0119du na rozrzucone elementy karoserii, wyciek p\u0142yn\u00f3w eksploatacyjnych oraz konieczno\u015b\u0107 przeprowadzenia szczeg\u00f3\u0142owych ogl\u0119dzin przez bieg\u0142ych i prokuratora.<\/p>\n\n\n\n<p>DK25 jest tras\u0105 o kluczowym znaczeniu dla regionu, dlatego jej zablokowanie szybko doprowadzi\u0142o do powstania ogromnych kork\u00f3w. Policja we wsp\u00f3\u0142pracy ze s\u0142u\u017cbami drogowymi wyznaczy\u0142a objazdy przez okoliczne miejscowo\u015bci, jednak lokalna infrastruktura nie by\u0142a przystosowana do tak du\u017cego nat\u0119\u017cenia ruchu.<\/p>\n\n\n\n<p>Wielu kierowc\u00f3w utkn\u0119\u0142o w korkach na kilkadziesi\u0105t minut, a w niekt\u00f3rych przypadkach nawet na kilka godzin. Utrudnienia dotkn\u0119\u0142y r\u00f3wnie\u017c mieszka\u0144c\u00f3w okolicznych wsi i miasteczek, kt\u00f3rzy mieli problemy z dojazdem do dom\u00f3w, pracy czy plac\u00f3wek o\u015bwiatowych.<\/p>\n\n\n\n<p>Na miejscu pracowa\u0142y tak\u017ce jednostki stra\u017cy po\u017carnej, kt\u00f3re zaj\u0119\u0142y si\u0119 zabezpieczeniem miejsca wypadku oraz neutralizacj\u0105 substancji mog\u0105cych stwarza\u0107 zagro\u017cenie. Do usuni\u0119cia wrak\u00f3w i przywr\u00f3cenia przejezdno\u015bci drogi konieczne by\u0142o u\u017cycie specjalistycznego sprz\u0119tu ci\u0119\u017ckiego.<br><\/p>\n\n\n\n<p>Droga pod lup\u0105 i pytania o bezpiecze\u0144stwo<br>Tragiczne zdarzenie pod \u015alesinem po raz kolejny zwr\u00f3ci\u0142o uwag\u0119 na bezpiecze\u0144stwo na drodze krajowej nr 25. Jest to trasa, kt\u00f3ra w wielu miejscach przebiega przez tereny zabudowane, a jednocze\u015bnie obs\u0142uguje intensywny ruch ci\u0119\u017carowy i tranzytowy.<\/p>\n\n\n\n<p>Mieszka\u0144cy regionu od lat alarmuj\u0105, \u017ce po\u0142\u0105czenie ruchu lokalnego z ci\u0119\u017ckim transportem zwi\u0119ksza ryzyko gro\u017anych wypadk\u00f3w. Wskazuj\u0105 na potrzeb\u0119 budowy obwodnic, modernizacji skrzy\u017cowa\u0144 oraz poprawy widoczno\u015bci i oznakowania.<\/p>\n\n\n\n<p>Statystyki policyjne pokazuj\u0105, \u017ce na drogach wojew\u00f3dztwa wielkopolskiego regularnie dochodzi do powa\u017cnych zdarze\u0144 z udzia\u0142em pojazd\u00f3w ci\u0119\u017carowych i osobowych. Najcz\u0119stsze przyczyny to nadmierna pr\u0119dko\u015b\u0107, nieprawid\u0142owe wyprzedzanie oraz b\u0142\u0119dy w ocenie sytuacji na drodze.<\/p>\n\n\n\n<p>Po wypadku na DK25 policja zapowiedzia\u0142a wzmo\u017cone kontrole na tym odcinku oraz analiz\u0119 organizacji ruchu w rejonie zdarzenia. Niewykluczone, \u017ce pojawi\u0105 si\u0119 r\u00f3wnie\u017c wnioski do zarz\u0105dcy drogi dotycz\u0105ce poprawy bezpiecze\u0144stwa.<\/p>\n\n\n\n<p>Dla rodziny zmar\u0142ego kierowcy tragedia ta oznacza nie tylko ogromn\u0105 strat\u0119, ale r\u00f3wnie\u017c konieczno\u015b\u0107 przej\u015bcia przez skomplikowane procedury formalne i prawne. R\u00f3wnolegle prowadzone jest \u015bledztwo, kt\u00f3re ma ustali\u0107 dok\u0142adne przyczyny wypadku i odpowiedzie\u0107 na pytanie, czy mo\u017cna by\u0142o mu zapobiec.<br><\/p>\n","protected":false},"excerpt":{"rendered":"Czwartkowe popo\u0142udnie przynios\u0142o wydarzenia, kt\u00f3re na d\u0142ugo zapisz\u0105 si\u0119 w pami\u0119ci mieszka\u0144c\u00f3w jednej z miejscowo\u015bci w \u015brodkowej Wielkopolsce. Na wa\u017cnym odcinku drogi krajowej \n<a class=\"moretag\" href=\"https:\/\/lifevery.biz.ua\/?p=5496\"> [...]<\/a>","protected":false},"author":1,"featured_media":5497,"comment_status":"open","ping_status":"open","sticky":false,"template":"","format":"standard","meta":{"footnotes":""},"categories":[1],"tags":[],"class_list":["post-5496","post","type-post","status-publish","format-standard","has-post-thumbnail","hentry","category-blog"],"_links":{"self":[{"href":"https:\/\/lifevery.biz.ua\/index.php?rest_route=\/wp\/v2\/posts\/5496","targetHints":{"allow":["GET"]}}],"collection":[{"href":"https:\/\/lifevery.biz.ua\/index.php?rest_route=\/wp\/v2\/posts"}],"about":[{"href":"https:\/\/lifevery.biz.ua\/index.php?rest_route=\/wp\/v2\/types\/post"}],"author":[{"embeddable":true,"href":"https:\/\/lifevery.biz.ua\/index.php?rest_route=\/wp\/v2\/users\/1"}],"replies":[{"embeddable":true,"href":"https:\/\/lifevery.biz.ua\/index.php?rest_route=%2Fwp%2Fv2%2Fcomments&post=5496"}],"version-history":[{"count":1,"href":"https:\/\/lifevery.biz.ua\/index.php?rest_route=\/wp\/v2\/posts\/5496\/revisions"}],"predecessor-version":[{"id":5498,"href":"https:\/\/lifevery.biz.ua\/index.php?rest_route=\/wp\/v2\/posts\/5496\/revisions\/5498"}],"wp:featuredmedia":[{"embeddable":true,"href":"https:\/\/lifevery.biz.ua\/index.php?rest_route=\/wp\/v2\/media\/5497"}],"wp:attachment":[{"href":"https:\/\/lifevery.biz.ua\/index.php?rest_route=%2Fwp%2Fv2%2Fmedia&parent=5496"}],"wp:term":[{"taxonomy":"category","embeddable":true,"href":"https:\/\/lifevery.biz.ua\/index.php?rest_route=%2Fwp%2Fv2%2Fcategories&post=5496"},{"taxonomy":"post_tag","embeddable":true,"href":"https:\/\/lifevery.biz.ua\/index.php?rest_route=%2Fwp%2Fv2%2Ftags&post=5496"}],"curies":[{"name":"wp","href":"https:\/\/api.w.org\/{rel}","templated":true}]}}