{"id":5373,"date":"2026-03-12T09:43:47","date_gmt":"2026-03-12T09:43:47","guid":{"rendered":"https:\/\/lifevery.biz.ua\/?p=5373"},"modified":"2026-03-12T09:43:47","modified_gmt":"2026-03-12T09:43:47","slug":"tragedia-w-jednostce-wojskowej-nie-zyje-mlody-zolnierz-drugi-jest-ranny","status":"publish","type":"post","link":"https:\/\/lifevery.biz.ua\/?p=5373","title":{"rendered":"Tragedia w jednostce wojskowej. Nie \u017cyje m\u0142ody \u017co\u0142nierz, drugi jest ranny"},"content":{"rendered":"\n<p>W nocy z czwartku na pi\u0105tek w jednostce wojskowej w Za\u0142uskach (woj. warmi\u0144sko-mazurskie) dosz\u0142o do tragicznego wypadku. Podczas \u0107wicze\u0144 terenowych, ko\u0142owy transporter opancerzony \u201eRosomak\u201d przewr\u00f3ci\u0142 si\u0119 na prostym odcinku polnej drogi, przygniataj\u0105c 25\u2011letniego \u017co\u0142nierza 14. pu\u0142ku przeciwpancernego z Suwa\u0142k.<\/p>\n\n\n\n<p>Tragedia w Za\u0142uskach. Opancerzony transporter przewr\u00f3ci\u0142 si\u0119 na \u017co\u0142nierza<br>W nocnych godzinach w jednostce wojskowej w Za\u0142uskach (woj. warmi\u0144sko-mazurskie) dosz\u0142o do dramatycznego incydentu z udzia\u0142em wojskowego transportera opancerzonego \u201eRosomak\u201d. Maszyna upad\u0142a na m\u0142odego \u017co\u0142nierza podczas manewr\u00f3w w terenie i doprowadzi\u0142a do jego \u015bmierci. M\u0119\u017cczyzna pochodzi\u0142 z 14. pu\u0142ku przeciwpancernego stacjonuj\u0105cego w Suwa\u0142kach. Mia\u0142 zaledwie 25 lat. Jak napisano w oficjalnym o\u015bwiadczeniu Dow\u00f3dztwa Generalnego:<\/p>\n\n\n\n<p>Rodzina zmar\u0142ego \u017co\u0142nierza zosta\u0142a obj\u0119ta pomoc\u0105. Komisja wyja\u015bni wszystkie przyczyny wypadku. Dochodzenie prowadzi Oddzia\u0142 \u017bandarmerii Wojskowej z&nbsp;Elbl\u0105ga.<\/p>\n\n\n\n<p>Drugi wojskowy zosta\u0142 ranny i ewakuowany do szpitala w Dzia\u0142dowie \u2013 jego \u017cyciu nie zagra\u017ca niebezpiecze\u0144stwo. To kolejny powa\u017cny wypadek z udzia\u0142em pojazdu wojskowego \u2013 wcze\u015bniejsze zdarzenia (np. w Drawsku Pomorskim) sk\u0142aniaj\u0105 do refleksji nad procedurami szkoleniowymi i bezpiecze\u0144stwem sprz\u0119tu. Obecnie kluczowe b\u0119dzie, czy za tragedi\u0119 odpowiada ludzki b\u0142\u0105d, czy wada techniczna, a tak\u017ce jak szybko i precyzyjnie zostan\u0105 wdro\u017cone wnioski naprawcze.<br><\/p>\n\n\n\n<p>Nag\u0142y wypadek zwi\u0105zany ze sprz\u0119tem wojskowym. Drugi \u017co\u0142nierz jest ranny<br>Wypadek wyja\u015bniaj\u0105 \u015bledczy z prokuratury wojskowej oraz Oddzia\u0142 \u017bandarmerii Wojskowej z Elbl\u0105ga. Dochodzenie obejmuje m.in.: okoliczno\u015bci przewr\u00f3cenia si\u0119 pojazdu, stan techniczny transportera oraz ewentualne naruszenia procedur bezpiecze\u0144stwa.<\/p>\n\n\n\n<p>Dow\u00f3dztwo Generalne Wojska Polskiego zapowiedzia\u0142o wsparcie dla rodziny poszkodowanego oraz pe\u0142ne wyja\u015bnienie przyczyn wypadku. Wed\u0142ug ustale\u0144 RMF FM, Rosomak przewr\u00f3ci\u0142 si\u0119 podczas nocnych jazd adaptacyjnych na niespodziewanie prostej drodze \u2013 co mo\u017ce oznacza\u0107 zar\u00f3wno b\u0142\u0105d obs\u0142ugi, jak i ukryt\u0105 usterk\u0119 techniczn\u0105.<br><\/p>\n","protected":false},"excerpt":{"rendered":"W nocy z czwartku na pi\u0105tek w jednostce wojskowej w Za\u0142uskach (woj. warmi\u0144sko-mazurskie) dosz\u0142o do tragicznego wypadku. Podczas \u0107wicze\u0144 terenowych, ko\u0142owy transporter opancerzony \n<a class=\"moretag\" href=\"https:\/\/lifevery.biz.ua\/?p=5373\"> [...]<\/a>","protected":false},"author":1,"featured_media":5374,"comment_status":"open","ping_status":"open","sticky":false,"template":"","format":"standard","meta":{"footnotes":""},"categories":[1],"tags":[],"class_list":["post-5373","post","type-post","status-publish","format-standard","has-post-thumbnail","hentry","category-blog"],"_links":{"self":[{"href":"https:\/\/lifevery.biz.ua\/index.php?rest_route=\/wp\/v2\/posts\/5373","targetHints":{"allow":["GET"]}}],"collection":[{"href":"https:\/\/lifevery.biz.ua\/index.php?rest_route=\/wp\/v2\/posts"}],"about":[{"href":"https:\/\/lifevery.biz.ua\/index.php?rest_route=\/wp\/v2\/types\/post"}],"author":[{"embeddable":true,"href":"https:\/\/lifevery.biz.ua\/index.php?rest_route=\/wp\/v2\/users\/1"}],"replies":[{"embeddable":true,"href":"https:\/\/lifevery.biz.ua\/index.php?rest_route=%2Fwp%2Fv2%2Fcomments&post=5373"}],"version-history":[{"count":1,"href":"https:\/\/lifevery.biz.ua\/index.php?rest_route=\/wp\/v2\/posts\/5373\/revisions"}],"predecessor-version":[{"id":5375,"href":"https:\/\/lifevery.biz.ua\/index.php?rest_route=\/wp\/v2\/posts\/5373\/revisions\/5375"}],"wp:featuredmedia":[{"embeddable":true,"href":"https:\/\/lifevery.biz.ua\/index.php?rest_route=\/wp\/v2\/media\/5374"}],"wp:attachment":[{"href":"https:\/\/lifevery.biz.ua\/index.php?rest_route=%2Fwp%2Fv2%2Fmedia&parent=5373"}],"wp:term":[{"taxonomy":"category","embeddable":true,"href":"https:\/\/lifevery.biz.ua\/index.php?rest_route=%2Fwp%2Fv2%2Fcategories&post=5373"},{"taxonomy":"post_tag","embeddable":true,"href":"https:\/\/lifevery.biz.ua\/index.php?rest_route=%2Fwp%2Fv2%2Ftags&post=5373"}],"curies":[{"name":"wp","href":"https:\/\/api.w.org\/{rel}","templated":true}]}}