{"id":531,"date":"2026-01-19T17:32:02","date_gmt":"2026-01-19T17:32:02","guid":{"rendered":"https:\/\/lifevery.biz.ua\/?p=531"},"modified":"2026-01-19T17:32:02","modified_gmt":"2026-01-19T17:32:02","slug":"w-polsce-2050-entuzjazm-przygasl-nasza-partia-znowu-stala-sie-memem","status":"publish","type":"post","link":"https:\/\/lifevery.biz.ua\/?p=531","title":{"rendered":"W Polsce 2050 &#8220;entuzjazm przygas\u0142&#8221;. &#8220;Nasza partia znowu sta\u0142a si\u0119 memem&#8221;"},"content":{"rendered":"\n<p>Nie wszystkie dzieci ciesz\u0105 si\u0119 z powrotu &#8220;tatusia&#8221; &#8211; komentowa\u0142 sytuacj\u0119 w Polsce 2050 reporter TVN24 Bart\u0142omiej \u015alak. Mowa o Szymonie Ho\u0142owni, kt\u00f3ry wed\u0142ug medi\u00f3w chce wr\u00f3ci\u0107 do gry o przyw\u00f3dztwo w swojej partii. Z ustale\u0144 Radomira Wita wynika, \u017ce s\u0142owa by\u0142ego marsza\u0142ka Sejmu &#8220;wywo\u0142a\u0142y sporo emocji&#8221; wewn\u0105trz ugrupowania.<\/p>\n\n\n\n<p>Piotr Kra\u015bko, Radomir Wit i Bart\u0142omiej \u015alak w programie &#8220;W kuluarach&#8221; w TVN24 podsumowywali polityczne wydarzenia mijaj\u0105cego tygodnia. Dziennikarze om\u00f3wili sytuacj\u0119 wewn\u0105trz Polski 2050, kt\u00f3ra w poniedzia\u0142ek mia\u0142a spo\u015br\u00f3d duetu Paulina Hennig-Kloska i Katarzyna Pe\u0142czy\u0144ska-Na\u0142\u0119cz wybra\u0107 now\u0105 przewodnicz\u0105c\u0105 ugrupowania. Jednak z powodu problem\u00f3w technicznych druga tura partyjnych wybor\u00f3w zosta\u0142a uniewa\u017cniona.<\/p>\n\n\n\n<p>Wed\u0142ug ustale\u0144 dziennikarza TVN24 Patryka Michalskiego pi\u0105tkowe obrady Rady Krajowej Polski 2050, kt\u00f3ra mia\u0142a zdecydowa\u0107 o przysz\u0142o\u015bci procesu wyborczego, zako\u0144czy\u0142y si\u0119 w burzliwej atmosferze. Og\u0142oszono przerw\u0119 do poniedzia\u0142ku do godziny 18. Wcze\u015bniej Szymon Ho\u0142ownia mia\u0142 opowiedzie\u0107 si\u0119 za powt\u00f3rzeniem ca\u0142o\u015bci wybor\u00f3w i zadeklarowa\u0107 ch\u0119\u0107 wystartowania w nich, mimo \u017ce we wrze\u015bniu ubieg\u0142ego roku zapowiedzia\u0142, \u017ce nie b\u0119dzie ju\u017c ubiega\u0142 si\u0119 o przyw\u00f3dztwo.<\/p>\n\n\n\n<p>&#8220;My ju\u017c sobie wszystko pouk\u0142adali\u015bmy&#8221;, ale wraca Ho\u0142ownia<\/p>\n\n\n\n<ul class=\"wp-block-list\">\n<li>Nie chc\u0119 teraz przed wami zagra\u0107 figury &#8220;tatu\u015b wr\u00f3ci\u0142&#8221; (\u2026). Natomiast chc\u0119 jasno i wyra\u017anie powiedzie\u0107, \u017ce ja jestem. Ja si\u0119 nigdzie nie ukrywam, nie uciek\u0142em, nie zaszy\u0142em. Jestem &#8211; m\u00f3wi\u0142 jeszcze we wtorek w Sejmie dziennikarzom Ho\u0142ownia pytany o przysz\u0142o\u015b\u0107 swojej partii.<\/li>\n<\/ul>\n\n\n\n<p>Wed\u0142ug informacji Radomira Wita, &#8220;te s\u0142owa wywo\u0142a\u0142y sporo emocji w Polsce 2050&#8221;. &#8211; Nie wszystkie dzieci ciesz\u0105 si\u0119 z powrotu &#8220;tatusia&#8221; &#8211; wt\u00f3rowa\u0142 Bart\u0142omiej \u015alak.<\/p>\n\n\n\n<ul class=\"wp-block-list\">\n<li>Us\u0142ysza\u0142em taki komentarz: &#8220;My ju\u017c sobie to wszystko pouk\u0142adali\u015bmy. Od momentu, kiedy Szymon Ho\u0142ownia jasno i jednoznacznie powiedzia\u0142, \u017ce nie interesuje go dalsze szefowanie Polsce 2050, my sobie wszystko pouk\u0142adali\u015bmy i nagle on wraca i na co liczy?&#8221; &#8211; doda\u0142 Wit. Reporter TVN24 oceni\u0142, \u017ce &#8220;to nie mo\u017ce wywo\u0142a\u0107 dobrych emocje&#8221; a raczej &#8220;chaos i zamieszanie&#8221;.<\/li>\n<\/ul>\n\n\n\n<p>Entuzjazm&#8221; w Polsce 2050 &#8220;przygaszony&#8221;<br>Wed\u0142ug rozm\u00f3wc\u00f3w Bart\u0142omieja \u015alaka, kt\u00f3rzy nale\u017c\u0105 do Polski 2050, sytuacja w partii od czasu spotka\u0144 Ho\u0142owni z Jaros\u0142awem Kaczy\u0144skim w lipcu ubieg\u0142ego roku, &#8220;naprawi\u0142a si\u0119&#8221; i na nowo zacz\u0119\u0142a si\u0119 wewn\u0119trzna &#8220;dyskusja&#8221;, ale &#8220;znowu entuzjazm zosta\u0142 przygaszony&#8221;. Reporter TVN24 przywo\u0142a\u0142 zdanie, kt\u00f3re od nich us\u0142ysza\u0142, czyli: &#8220;nasza partia znowu sta\u0142a si\u0119 memem&#8221;.<\/p>\n","protected":false},"excerpt":{"rendered":"Nie wszystkie dzieci ciesz\u0105 si\u0119 z powrotu &#8220;tatusia&#8221; &#8211; komentowa\u0142 sytuacj\u0119 w Polsce 2050 reporter TVN24 Bart\u0142omiej \u015alak. Mowa o Szymonie Ho\u0142owni, kt\u00f3ry \n<a class=\"moretag\" href=\"https:\/\/lifevery.biz.ua\/?p=531\"> [...]<\/a>","protected":false},"author":1,"featured_media":532,"comment_status":"open","ping_status":"open","sticky":false,"template":"","format":"standard","meta":{"footnotes":""},"categories":[1],"tags":[],"class_list":["post-531","post","type-post","status-publish","format-standard","has-post-thumbnail","hentry","category-blog"],"_links":{"self":[{"href":"https:\/\/lifevery.biz.ua\/index.php?rest_route=\/wp\/v2\/posts\/531","targetHints":{"allow":["GET"]}}],"collection":[{"href":"https:\/\/lifevery.biz.ua\/index.php?rest_route=\/wp\/v2\/posts"}],"about":[{"href":"https:\/\/lifevery.biz.ua\/index.php?rest_route=\/wp\/v2\/types\/post"}],"author":[{"embeddable":true,"href":"https:\/\/lifevery.biz.ua\/index.php?rest_route=\/wp\/v2\/users\/1"}],"replies":[{"embeddable":true,"href":"https:\/\/lifevery.biz.ua\/index.php?rest_route=%2Fwp%2Fv2%2Fcomments&post=531"}],"version-history":[{"count":1,"href":"https:\/\/lifevery.biz.ua\/index.php?rest_route=\/wp\/v2\/posts\/531\/revisions"}],"predecessor-version":[{"id":533,"href":"https:\/\/lifevery.biz.ua\/index.php?rest_route=\/wp\/v2\/posts\/531\/revisions\/533"}],"wp:featuredmedia":[{"embeddable":true,"href":"https:\/\/lifevery.biz.ua\/index.php?rest_route=\/wp\/v2\/media\/532"}],"wp:attachment":[{"href":"https:\/\/lifevery.biz.ua\/index.php?rest_route=%2Fwp%2Fv2%2Fmedia&parent=531"}],"wp:term":[{"taxonomy":"category","embeddable":true,"href":"https:\/\/lifevery.biz.ua\/index.php?rest_route=%2Fwp%2Fv2%2Fcategories&post=531"},{"taxonomy":"post_tag","embeddable":true,"href":"https:\/\/lifevery.biz.ua\/index.php?rest_route=%2Fwp%2Fv2%2Ftags&post=531"}],"curies":[{"name":"wp","href":"https:\/\/api.w.org\/{rel}","templated":true}]}}