{"id":5308,"date":"2026-03-11T10:36:19","date_gmt":"2026-03-11T10:36:19","guid":{"rendered":"https:\/\/lifevery.biz.ua\/?p=5308"},"modified":"2026-03-11T10:36:19","modified_gmt":"2026-03-11T10:36:19","slug":"atak-na-lekarke-w-polskim-szpitalu-jest-reakcja-prokuratury","status":"publish","type":"post","link":"https:\/\/lifevery.biz.ua\/?p=5308","title":{"rendered":"Atak na lekark\u0119 w polskim szpitalu. Jest reakcja prokuratury"},"content":{"rendered":"\n<p>Agresja wobec medyk\u00f3w w Polce nie ustaje. Cz\u0119sto s\u0142yszmy o atakach na ratownik\u00f3w czy lekarzy, w wyniku kt\u00f3rych cz\u0119sto dochodzi do obra\u017ce\u0144. Teraz prokuratura bada spraw\u0119 ataku na lekark\u0119 z Cz\u0119stochowy. Wymiar sprawiedliwo\u015bci podj\u0105\u0142 stanowcze kroki.<\/p>\n\n\n\n<p>Agresja wobec medyk\u00f3w nie ustaje<br>Ataki na ratownik\u00f3w medycznych w Polsce staj\u0105 si\u0119 niestety coraz cz\u0119stszym zjawiskiem, budz\u0105cym niepok\u00f3j zar\u00f3wno w \u015brodowisku medycznym, jak i w\u015br\u00f3d opinii publicznej.&nbsp;<\/p>\n\n\n\n<p>ZOBACZ: Wyciek\u0142 tajny raport. Ogromny b\u00f3l g\u0142owy dla Tuska i Trzaskowskiego<\/p>\n\n\n\n<p>Agresja wobec os\u00f3b nios\u0105cych pomoc najcz\u0119\u015bciej ma miejsce w trakcie interwencji domowych lub na ulicy \u2013 cz\u0119sto w sytuacjach zwi\u0105zanych z alkoholem, narkotykami lub zaburzeniami psychicznymi pacjent\u00f3w. Z danych dost\u0119pnych w internecie wynika, \u017ce rocznie dochodzi do kilkuset incydent\u00f3w agresji wobec ratownik\u00f3w, z czego kilkadziesi\u0105t ko\u0144czy si\u0119 uszczerbkiem na zdrowiu. \u015arodowisko apeluje o zaostrzenie kar i lepsz\u0105 ochron\u0119 prawn\u0105 \u2013 podobn\u0105 do tej, jak\u0105 maj\u0105 funkcjonariusze publiczni.<\/p>\n\n\n\n<p>Wszyscy doskonale pami\u0119tamy tak\u017ce, gdy pod koniec kwietnia w Szpitalu Uniwersyteckim w Krakowie dosz\u0142o do tragedii, kt\u00f3ra wstrz\u0105sn\u0119\u0142a ca\u0142\u0105 Polsk\u0105. Ortopeda Tomasz Solecki zosta\u0142 zaatakowany no\u017cem przez jednego z pacjent\u00f3w w swoim gabinecie. Niestety, mimo szybkiej reakcji personelu, jego \u017cycia nie uda\u0142o si\u0119 uratowa\u0107. R\u00f3wnie\u017c tamten atak podsyci\u0142 debat\u0119 ws. agresji wobec s\u0142u\u017cby zdrowia.<br><\/p>\n\n\n\n<p>Lekarka napadni\u0119ta w szpitalu<br>Do dramatycznego incydentu dosz\u0142o tak\u017ce 28 kwietnia 2025 roku w Wojew\u00f3dzkim Szpitalu Specjalistycznym w Cz\u0119stochowie, gdzie trafi\u0142 29-letni mieszkaniec powiatu cz\u0119stochowskiego. M\u0119\u017cczyzna, zamiast wsp\u00f3\u0142pracowa\u0107 z personelem medycznym, podczas udzielania mu pomocy zaatakowa\u0142 lekark\u0119 \u2013 u\u017cywa\u0142 wobec niej wulgarnych wyzwisk, popycha\u0142 j\u0105, uderzy\u0142 w twarz i kopn\u0105\u0142. Co wi\u0119cej, jak poinformowa\u0142 prokurator Tomasz Ozimek, grozi\u0142 jej r\u00f3wnie\u017c \u015bmierci\u0105.<\/p>\n\n\n\n<p>W trakcie udzielania mu pomocy medycznej pacjent zniewa\u017cy\u0142 lekark\u0119, u\u017cywaj\u0105c wobec niej s\u0142\u00f3w wulgarnych oraz popchn\u0105\u0142 j\u0105, uderzy\u0142 w twarz i kopn\u0105\u0142. Sprawca grozi\u0142 te\u017c lekarce pozbawieniem \u017cycia &#8211; zrelacjonowa\u0142 prokurator Ozimek cytowany przez Interia.pl.<\/p>\n\n\n\n<p>\u015aledczy ustalili, \u017ce agresja Kamila B. nie by\u0142a incydentalna. Jak wynika z materia\u0142u dowodowego, ju\u017c wcze\u015bniej \u2013 mi\u0119dzy sierpniem 2024 a lutym 2025 roku \u2013 ten sam m\u0119\u017cczyzna wielokrotnie kierowa\u0142 gro\u017aby karalne pod adresem tej samej lekarki. Prokuratura zdecydowa\u0142a si\u0119 wszcz\u0105\u0107 post\u0119powanie, kt\u00f3re ma na celu wyja\u015bnienie wszystkich okoliczno\u015bci sprawy i poci\u0105gni\u0119cie sprawcy do odpowiedzialno\u015bci karnej. Pojawi\u0142o si\u0119 ju\u017c pierwsze zdecydowane dzia\u0142anie w tej sprawie.<br><\/p>\n\n\n\n<p>Prokuratura podj\u0119\u0142a zdecydowane kroki ws. ataku w szpitalu<br>Prokuratura postawi\u0142a 29-letniemu Kamilowi B. zarzuty zwi\u0105zane z napa\u015bci\u0105 na lekark\u0119 w cz\u0119stochowskim szpitalu. Odpowie on za naruszenie nietykalno\u015bci cielesnej osoby wykonuj\u0105cej obowi\u0105zki s\u0142u\u017cbowe, zniewa\u017cenie jej przy u\u017cyciu obra\u017aliwego j\u0119zyka oraz za kierowanie pod jej adresem gr\u00f3\u017ab pozbawienia \u017cycia.<\/p>\n\n\n\n<p>Podczas przes\u0142uchania Kamil B. nie zdecydowa\u0142 si\u0119 na z\u0142o\u017cenie wyja\u015bnie\u0144. Biegli psychiatrzy, kt\u00f3rzy oceniali jego stan psychiczny, orzekli jednoznacznie, \u017ce w momencie pope\u0142nienia czyn\u00f3w by\u0142 w pe\u0142ni \u015bwiadomy swoich dzia\u0142a\u0144 i m\u00f3g\u0142 nimi kierowa\u0107, co oznacza, \u017ce ponosi pe\u0142n\u0105 odpowiedzialno\u015b\u0107 karn\u0105.<\/p>\n\n\n\n<p>Z uwagi na powtarzaj\u0105ce si\u0119 gro\u017aby oraz ryzyko pope\u0142nienia kolejnych przest\u0119pstw przeciwko zdrowiu lub \u017cyciu, prokurator zawnioskowa\u0142 o tymczasowe aresztowanie m\u0119\u017cczyzny. S\u0105d Rejonowy w Cz\u0119stochowie przychyli\u0142 si\u0119 do wniosku i zdecydowa\u0142 o umieszczeniu Kamila B. w areszcie na okres trzech miesi\u0119cy. Przest\u0119pstwa, kt\u00f3re mu si\u0119 zarzuca, mog\u0105 skutkowa\u0107 kar\u0105 pozbawienia wolno\u015bci wynosz\u0105c\u0105 co najmniej trzy lata.<br><\/p>\n","protected":false},"excerpt":{"rendered":"Agresja wobec medyk\u00f3w w Polce nie ustaje. Cz\u0119sto s\u0142yszmy o atakach na ratownik\u00f3w czy lekarzy, w wyniku kt\u00f3rych cz\u0119sto dochodzi do obra\u017ce\u0144. Teraz \n<a class=\"moretag\" href=\"https:\/\/lifevery.biz.ua\/?p=5308\"> [...]<\/a>","protected":false},"author":1,"featured_media":5309,"comment_status":"open","ping_status":"open","sticky":false,"template":"","format":"standard","meta":{"footnotes":""},"categories":[1],"tags":[],"class_list":["post-5308","post","type-post","status-publish","format-standard","has-post-thumbnail","hentry","category-blog"],"_links":{"self":[{"href":"https:\/\/lifevery.biz.ua\/index.php?rest_route=\/wp\/v2\/posts\/5308","targetHints":{"allow":["GET"]}}],"collection":[{"href":"https:\/\/lifevery.biz.ua\/index.php?rest_route=\/wp\/v2\/posts"}],"about":[{"href":"https:\/\/lifevery.biz.ua\/index.php?rest_route=\/wp\/v2\/types\/post"}],"author":[{"embeddable":true,"href":"https:\/\/lifevery.biz.ua\/index.php?rest_route=\/wp\/v2\/users\/1"}],"replies":[{"embeddable":true,"href":"https:\/\/lifevery.biz.ua\/index.php?rest_route=%2Fwp%2Fv2%2Fcomments&post=5308"}],"version-history":[{"count":1,"href":"https:\/\/lifevery.biz.ua\/index.php?rest_route=\/wp\/v2\/posts\/5308\/revisions"}],"predecessor-version":[{"id":5310,"href":"https:\/\/lifevery.biz.ua\/index.php?rest_route=\/wp\/v2\/posts\/5308\/revisions\/5310"}],"wp:featuredmedia":[{"embeddable":true,"href":"https:\/\/lifevery.biz.ua\/index.php?rest_route=\/wp\/v2\/media\/5309"}],"wp:attachment":[{"href":"https:\/\/lifevery.biz.ua\/index.php?rest_route=%2Fwp%2Fv2%2Fmedia&parent=5308"}],"wp:term":[{"taxonomy":"category","embeddable":true,"href":"https:\/\/lifevery.biz.ua\/index.php?rest_route=%2Fwp%2Fv2%2Fcategories&post=5308"},{"taxonomy":"post_tag","embeddable":true,"href":"https:\/\/lifevery.biz.ua\/index.php?rest_route=%2Fwp%2Fv2%2Ftags&post=5308"}],"curies":[{"name":"wp","href":"https:\/\/api.w.org\/{rel}","templated":true}]}}