{"id":528,"date":"2026-01-19T17:24:51","date_gmt":"2026-01-19T17:24:51","guid":{"rendered":"https:\/\/lifevery.biz.ua\/?p=528"},"modified":"2026-01-19T17:24:51","modified_gmt":"2026-01-19T17:24:51","slug":"od-razu-sie-zakochala-wtedy-nie-wiedzial-czyja-jest-corka","status":"publish","type":"post","link":"https:\/\/lifevery.biz.ua\/?p=528","title":{"rendered":"&#8220;Od razu si\u0119 zakocha\u0142a&#8221;. Wtedy nie wiedzia\u0142, czyj\u0105 jest c\u00f3rk\u0105"},"content":{"rendered":"\n<p>Pawe\u0142 Domaga\u0142a i Zuzanna Grabowska poznali si\u0119 jeszcze w czasie studi\u00f3w aktorskich. To w\u0142a\u015bnie wtedy rozpocz\u0119\u0142a si\u0119 ich wsp\u00f3lna historia, kt\u00f3ra z czasem przerodzi\u0142a si\u0119 w trwa\u0142y i szcz\u0119\u015bliwy zwi\u0105zek. Na pocz\u0105tku znajomo\u015bci aktor nie zdawa\u0142 sobie sprawy, \u017ce jego wybranka pochodzi z artystycznego domu, a jej ojcem jest ceniony aktor Andrzej Grabowski.<\/p>\n\n\n\n<ul class=\"wp-block-list\">\n<li>Nie wiedzia\u0142em w og\u00f3le o klanie Grabowskich. (\u2026) Andrzej Grabowski, wybitny aktor teatralny, kojarzy\u0142 mi si\u0119 tylko z jedn\u0105 rol\u0105. Nie wiedzia\u0142em o istnieniu Miko\u0142aja Grabowskiego. Wszystkiego dowiedzia\u0142em si\u0119 na zaj\u0119ciach, na historii teatru. Jakby\u015b by\u0142a w tym czasie c\u00f3rk\u0105 Marcina Da\u0144ca, to bym wiedzia\u0142 &#8211; opowiada\u0142 Pawe\u0142 Domaga\u0142a w programie &#8220;Demakija\u017c&#8221;.<\/li>\n<\/ul>\n\n\n\n<p>Pawe\u0142 Domaga\u0142a: &#8220;Zosta\u0142bym modelem bielizny m\u0119skiej. Na szcz\u0119\u015bcie nie musz\u0119 planu wdra\u017ca\u0107 w \u017cycie&#8221;<\/p>\n\n\n\n<p>W tym artykule:<\/p>\n\n\n\n<p>Przyja\u017a\u0144, kt\u00f3ra przerodzi\u0142a si\u0119 w mi\u0142o\u015b\u0107<br>Pawe\u0142 Domaga\u0142a: &#8220;Jestem katolikiem nale\u017c\u0105cym do wsp\u00f3lnoty niewierz\u0105cych&#8221;<br>Pawe\u0142 Domaga\u0142a i Zuzanna Grabowska poznali si\u0119 jeszcze w czasie studi\u00f3w aktorskich. To w\u0142a\u015bnie wtedy rozpocz\u0119\u0142a si\u0119 ich wsp\u00f3lna historia, kt\u00f3ra z czasem przerodzi\u0142a si\u0119 w trwa\u0142y i szcz\u0119\u015bliwy zwi\u0105zek. Na pocz\u0105tku znajomo\u015bci aktor nie zdawa\u0142 sobie sprawy, \u017ce jego wybranka pochodzi z artystycznego domu, a jej ojcem jest ceniony aktor Andrzej Grabowski.<\/p>\n\n\n\n<ul class=\"wp-block-list\">\n<li>Nie wiedzia\u0142em w og\u00f3le o klanie Grabowskich. (\u2026) Andrzej Grabowski, wybitny aktor teatralny, kojarzy\u0142 mi si\u0119 tylko z jedn\u0105 rol\u0105. Nie wiedzia\u0142em o istnieniu Miko\u0142aja Grabowskiego. Wszystkiego dowiedzia\u0142em si\u0119 na zaj\u0119ciach, na historii teatru. Jakby\u015b by\u0142a w tym czasie c\u00f3rk\u0105 Marcina Da\u0144ca, to bym wiedzia\u0142 &#8211; opowiada\u0142 Pawe\u0142 Domaga\u0142a w programie &#8220;Demakija\u017c&#8221;.<\/li>\n<\/ul>\n\n\n\n<p>Pawe\u0142 Domaga\u0142a: &#8220;Zosta\u0142bym modelem bielizny m\u0119skiej. Na szcz\u0119\u015bcie nie musz\u0119 planu wdra\u017ca\u0107 w \u017cycie&#8221;<\/p>\n\n\n\n<p>Przyja\u017a\u0144, kt\u00f3ra przerodzi\u0142a si\u0119 w mi\u0142o\u015b\u0107<br>Mimo du\u017cej popularno\u015bci ma\u0142\u017conkowie od lat staraj\u0105 si\u0119 chroni\u0107 swoj\u0105 prywatno\u015b\u0107 i rzadko opowiadaj\u0105 o \u017cyciu osobistym. Domaga\u0142a, kt\u00f3ry z powodzeniem \u0142\u0105czy aktorstwo z dzia\u0142alno\u015bci\u0105 muzyczn\u0105, wielokrotnie zaznacza\u0142, \u017ce to w\u0142a\u015bnie rodzina daje mu najwi\u0119ksze poczucie stabilno\u015bci. Ich relacja opiera si\u0119 na g\u0142\u0119bokiej przyja\u017ani. &#8211; Zuza od razu si\u0119 we mnie zakocha\u0142a. Tylko po prostu nie mia\u0142a \u015bmia\u0142o\u015bci. Byli\u015bmy w paczce &#8211; m\u00f3wi\u0142 aktor w reporta\u017cu dla programu &#8220;Dzie\u0144 Dobry TVN&#8221;. &#8211; Nie mia\u0142am \u015bmia\u0142o\u015bci podej\u015b\u0107. Bardzo si\u0119 zawsze lubili\u015bmy &#8211; doda\u0142a Zuzanna Grabowska.<\/p>\n\n\n\n<p>Pawe\u0142 Domaga\u0142a: &#8220;Jestem katolikiem nale\u017c\u0105cym do wsp\u00f3lnoty niewierz\u0105cych&#8221;<br>W rozmowie na kanale &#8220;CUDO.tw\u00f3rcy&#8221; Pawe\u0142 Domaga\u0142a opowiedzia\u0142 o swojej wierze i nieoczywistym podej\u015bciu do wsp\u00f3lnoty. &#8211; Jestem katolikiem nale\u017c\u0105cym do wsp\u00f3lnoty niewierz\u0105cych. Nie jestem typem wsp\u00f3lnotowym &#8211; m\u00f3wi\u0142. &#8211; Wi\u0119kszo\u015b\u0107 moich znajomych najbli\u017cszych jest niewierz\u0105cych, albo wr\u0119cz takich walcz\u0105cych niewierz\u0105cych i mnie to bardziej uduchawia i wzrusza ni\u017c no inne wsp\u00f3lnoty. (\u2026) Nie wiem, jak to nazwa\u0107, \u017ceby mia\u0142o sens. Du\u017co \u0142atwiej mi dostrzec Boga w ich niewierze ni\u017c w wierze innych. Rozumiesz? Je\u017celi zadaj\u0105 mi pytanie, bo co\u015b gadamy, to zawsze to pytanie jest tak\u0105 nieudawan\u0105, podszyte nadziej\u0105, \u017cebym im co\u015b powiedzia\u0142, \u017ceby oni uwierzyli &#8211; podkre\u015bli\u0142 muzyk.<\/p>\n\n\n\n<p>To nie pierwszy raz, kiedy Pawe\u0142 Domaga\u0142a m\u00f3wi\u0142 na temat swojej wiary. W wywiadzie z \u017burnalist\u0105 ujawni\u0142 szczeg\u00f3\u0142y kryzysu duchowego, z kt\u00f3rym si\u0119 zmaga\u0142 w przesz\u0142o\u015bci. &#8211; Moi rodzice s\u0105 wierz\u0105cy. Jestem troch\u0119 inaczej wierz\u0105cy, ni\u017c oni. Mia\u0142em taki moment odej\u015bcia od wiary. Zastanawia\u0142em si\u0119 nawet nad odej\u015bciem w og\u00f3le &#8211; opowiedzia\u0142 w podca\u015bcie.<\/p>\n","protected":false},"excerpt":{"rendered":"Pawe\u0142 Domaga\u0142a i Zuzanna Grabowska poznali si\u0119 jeszcze w czasie studi\u00f3w aktorskich. To w\u0142a\u015bnie wtedy rozpocz\u0119\u0142a si\u0119 ich wsp\u00f3lna historia, kt\u00f3ra z czasem \n<a class=\"moretag\" href=\"https:\/\/lifevery.biz.ua\/?p=528\"> [...]<\/a>","protected":false},"author":1,"featured_media":529,"comment_status":"open","ping_status":"open","sticky":false,"template":"","format":"standard","meta":{"footnotes":""},"categories":[1],"tags":[],"class_list":["post-528","post","type-post","status-publish","format-standard","has-post-thumbnail","hentry","category-blog"],"_links":{"self":[{"href":"https:\/\/lifevery.biz.ua\/index.php?rest_route=\/wp\/v2\/posts\/528","targetHints":{"allow":["GET"]}}],"collection":[{"href":"https:\/\/lifevery.biz.ua\/index.php?rest_route=\/wp\/v2\/posts"}],"about":[{"href":"https:\/\/lifevery.biz.ua\/index.php?rest_route=\/wp\/v2\/types\/post"}],"author":[{"embeddable":true,"href":"https:\/\/lifevery.biz.ua\/index.php?rest_route=\/wp\/v2\/users\/1"}],"replies":[{"embeddable":true,"href":"https:\/\/lifevery.biz.ua\/index.php?rest_route=%2Fwp%2Fv2%2Fcomments&post=528"}],"version-history":[{"count":1,"href":"https:\/\/lifevery.biz.ua\/index.php?rest_route=\/wp\/v2\/posts\/528\/revisions"}],"predecessor-version":[{"id":530,"href":"https:\/\/lifevery.biz.ua\/index.php?rest_route=\/wp\/v2\/posts\/528\/revisions\/530"}],"wp:featuredmedia":[{"embeddable":true,"href":"https:\/\/lifevery.biz.ua\/index.php?rest_route=\/wp\/v2\/media\/529"}],"wp:attachment":[{"href":"https:\/\/lifevery.biz.ua\/index.php?rest_route=%2Fwp%2Fv2%2Fmedia&parent=528"}],"wp:term":[{"taxonomy":"category","embeddable":true,"href":"https:\/\/lifevery.biz.ua\/index.php?rest_route=%2Fwp%2Fv2%2Fcategories&post=528"},{"taxonomy":"post_tag","embeddable":true,"href":"https:\/\/lifevery.biz.ua\/index.php?rest_route=%2Fwp%2Fv2%2Ftags&post=528"}],"curies":[{"name":"wp","href":"https:\/\/api.w.org\/{rel}","templated":true}]}}