{"id":5279,"date":"2026-03-11T07:45:30","date_gmt":"2026-03-11T07:45:30","guid":{"rendered":"https:\/\/lifevery.biz.ua\/?p=5279"},"modified":"2026-03-11T07:45:30","modified_gmt":"2026-03-11T07:45:30","slug":"dzisiaj-pogrzeb-15-letniego-harcerza-ktory-zginal-na-obozie-rodzina-wystosowala-pilny-komunikat","status":"publish","type":"post","link":"https:\/\/lifevery.biz.ua\/?p=5279","title":{"rendered":"Dzisiaj pogrzeb 15-letniego harcerza, kt\u00f3ry zgin\u0105\u0142 na obozie. Rodzina wystosowa\u0142a pilny komunikat"},"content":{"rendered":"\n<p>Dzisiaj w Witoszowie Dolnym odb\u0119dzie si\u0119 pogrzeb 15-letniego Dominika, kt\u00f3ry uton\u0105\u0142 podczas obozu harcerskiego w Wielkopolsce. \u015amier\u0107 ch\u0142opca nast\u0105pi\u0142a w trakcie pr\u00f3by zdobycia sprawno\u015bci harcerskiej. Rodzina prosi o uszanowanie prywatno\u015bci uroczysto\u015bci.<\/p>\n\n\n\n<p>Dzisiaj pogrzeb 15-letniego harcerza<br>Pogrzeb tragicznie zmar\u0142ego 15-latka odb\u0119dzie dzisiaj w jego rodzinnej miejscowo\u015bci Witosz\u00f3w Dolny ko\u0142o \u015awidnicy. To tutaj, bliscy, przyjaciele i harcerska spo\u0142eczno\u015b\u0107 po\u017cegnaj\u0105 Dominika. Rodzina ch\u0142opca wystosowa\u0142a apel o nienagrywanie i nierelacjonowanie uroczysto\u015bci pogrzebowej, prosz\u0105c media o poszanowanie ich \u017ca\u0142oby.<\/p>\n\n\n\n<p>Dominik ucz\u0119szcza\u0142 do II Liceum Og\u00f3lnokszta\u0142c\u0105cego w \u015awidnicy. Jak podkre\u015blono w po\u017cegnalnym komunikacie szko\u0142y, by\u0142 uczniem pe\u0142nym pasji, wiedzy i zaanga\u017cowania. Zmar\u0142 tragicznie w czasie pr\u00f3by harcerskiej, kt\u00f3ra &#8211; wed\u0142ug ustale\u0144 \u015bledczych &#8211; nie spe\u0142nia\u0142a podstawowych standard\u00f3w bezpiecze\u0144stwa.&nbsp;<\/p>\n\n\n\n<p>Tragiczna noc nad jeziorem O\u015bno. Zarzuty dla opiekun\u00f3w<br>Do tragedii dosz\u0142o w czwartek w nocy, podczas obozu Zwi\u0105zku Harcerstwa Rzeczypospolitej w miejscowo\u015bci Wilcze (woj. wielkopolskie). 15-letni harcerz uton\u0105\u0142 w jeziorze O\u015bno podczas pr\u00f3by zdobycia sprawno\u015bci. Mia\u0142 przep\u0142yn\u0105\u0107 500 metr\u00f3w w nocy, w pe\u0142nym umundurowaniu i butach. Jak wynika z ustale\u0144 prokuratury, nie by\u0142 asekurowany.<\/p>\n\n\n\n<p>ZOBACZ TAK\u017bE: Szokuj\u0105ce sceny na prote\u015bcie B\u0105kiewicza, do akcji wkroczy\u0142a policja. Szef MSWiA ostro komentuje<\/p>\n\n\n\n<p>Zarzuty nieumy\u015blnego spowodowania \u015bmierci oraz nara\u017cenia na niebezpiecze\u0144stwo us\u0142yszeli dwaj m\u0119\u017cczy\u017ani: 21-letni dow\u00f3dca dru\u017cyny i 19-letni ratownik. Wed\u0142ug \u015bledczych jeden z nich wyda\u0142 polecenie przep\u0142yni\u0119cia jeziora, a drugi dopu\u015bci\u0142 do wykonania tego zadania bez odpowiednich zabezpiecze\u0144. Obaj podejrzani nie przyznali si\u0119 do winy &#8211; grozi im do 5 lat wi\u0119zienia.<br><\/p>\n\n\n\n<p>Harcerstwo pod lup\u0105. ZHR zapowiada wyja\u015bnienie<br>\u015aledczy badaj\u0105 nie tylko przebieg tragicznej nocy, ale te\u017c ca\u0142y kontekst funkcjonowania obozu. W Wilczem przebywa\u0142o 74 harcerzy, a ob\u00f3z by\u0142 oficjalnie zg\u0142oszony do kuratorium i spe\u0142nia\u0142 wymogi formalne. Kontrol\u0119 wszcz\u0105\u0142 ju\u017c Wielkopolski Kurator O\u015bwiaty. ZHR zapewnia, \u017ce wszystkie obozy organizowane s\u0105 zgodnie z wewn\u0119trznymi procedurami i prawem.<\/p>\n\n\n\n<p>Przewodnicz\u0105ca ZHR, hm. Anna Malinowska, zapowiedzia\u0142a kompleksowe wyja\u015bnienie zdarzenia i wskaza\u0142a, \u017ce zadania realizowane w ramach zdobywania sprawno\u015bci powinny by\u0107 dostosowane do wieku i do\u015bwiadczenia harcerzy.&nbsp;<\/p>\n\n\n\n<p>Dzia\u0142ania, kt\u00f3re nara\u017caj\u0105 zdrowie i \u017cycie harcerzy, nie s\u0105 naszym standardem \u2013 podkre\u015bli\u0142a.&nbsp;<\/p>\n\n\n\n<p>ZHR co roku organizuje oko\u0142o 300 oboz\u00f3w, w kt\u00f3rych bierze udzia\u0142 kilkana\u015bcie tysi\u0119cy uczestnik\u00f3w.<br><\/p>\n","protected":false},"excerpt":{"rendered":"Dzisiaj w Witoszowie Dolnym odb\u0119dzie si\u0119 pogrzeb 15-letniego Dominika, kt\u00f3ry uton\u0105\u0142 podczas obozu harcerskiego w Wielkopolsce. \u015amier\u0107 ch\u0142opca nast\u0105pi\u0142a w trakcie pr\u00f3by zdobycia \n<a class=\"moretag\" href=\"https:\/\/lifevery.biz.ua\/?p=5279\"> [...]<\/a>","protected":false},"author":1,"featured_media":5280,"comment_status":"open","ping_status":"open","sticky":false,"template":"","format":"standard","meta":{"footnotes":""},"categories":[1],"tags":[],"class_list":["post-5279","post","type-post","status-publish","format-standard","has-post-thumbnail","hentry","category-blog"],"_links":{"self":[{"href":"https:\/\/lifevery.biz.ua\/index.php?rest_route=\/wp\/v2\/posts\/5279","targetHints":{"allow":["GET"]}}],"collection":[{"href":"https:\/\/lifevery.biz.ua\/index.php?rest_route=\/wp\/v2\/posts"}],"about":[{"href":"https:\/\/lifevery.biz.ua\/index.php?rest_route=\/wp\/v2\/types\/post"}],"author":[{"embeddable":true,"href":"https:\/\/lifevery.biz.ua\/index.php?rest_route=\/wp\/v2\/users\/1"}],"replies":[{"embeddable":true,"href":"https:\/\/lifevery.biz.ua\/index.php?rest_route=%2Fwp%2Fv2%2Fcomments&post=5279"}],"version-history":[{"count":1,"href":"https:\/\/lifevery.biz.ua\/index.php?rest_route=\/wp\/v2\/posts\/5279\/revisions"}],"predecessor-version":[{"id":5281,"href":"https:\/\/lifevery.biz.ua\/index.php?rest_route=\/wp\/v2\/posts\/5279\/revisions\/5281"}],"wp:featuredmedia":[{"embeddable":true,"href":"https:\/\/lifevery.biz.ua\/index.php?rest_route=\/wp\/v2\/media\/5280"}],"wp:attachment":[{"href":"https:\/\/lifevery.biz.ua\/index.php?rest_route=%2Fwp%2Fv2%2Fmedia&parent=5279"}],"wp:term":[{"taxonomy":"category","embeddable":true,"href":"https:\/\/lifevery.biz.ua\/index.php?rest_route=%2Fwp%2Fv2%2Fcategories&post=5279"},{"taxonomy":"post_tag","embeddable":true,"href":"https:\/\/lifevery.biz.ua\/index.php?rest_route=%2Fwp%2Fv2%2Ftags&post=5279"}],"curies":[{"name":"wp","href":"https:\/\/api.w.org\/{rel}","templated":true}]}}