{"id":513,"date":"2026-01-19T17:02:47","date_gmt":"2026-01-19T17:02:47","guid":{"rendered":"https:\/\/lifevery.biz.ua\/?p=513"},"modified":"2026-01-19T17:02:47","modified_gmt":"2026-01-19T17:02:47","slug":"wladimir-putin-dolaczy-do-rady-pokoju-kreml-potwierdza-zaproszenie","status":"publish","type":"post","link":"https:\/\/lifevery.biz.ua\/?p=513","title":{"rendered":"W\u0142adimir Putin do\u0142\u0105czy do Rady Pokoju? Kreml potwierdza zaproszenie"},"content":{"rendered":"\n<p>Kreml przekaza\u0142 w poniedzia\u0142ek, \u017ce rosyjski przyw\u00f3dca W\u0142adimir Putin otrzyma\u0142 propozycj\u0119 do\u0142\u0105czenia do Rady Pokoju, kt\u00f3ra ma zarz\u0105dza\u0107 Stref\u0105 Gazy. &#8211; Spodziewamy si\u0119 w najbli\u017cszym czasie kontaktu ze strony ameryka\u0144skiej w celu wyja\u015bnienia wszystkich niuans\u00f3w &#8211; powiedzia\u0142 w poniedzia\u0142ek rzecznik Kremla Dmitrij Pieskow.<\/p>\n\n\n\n<p>Rzeczywi\u015bcie, prezydent Putin otrzyma\u0142 za po\u015brednictwem kana\u0142\u00f3w dyplomatycznych zaproszenie do wej\u015bcia w sk\u0142ad Rady Pokoju &#8211; powiedzia\u0142 w poniedzia\u0142ek Pieskow. &#8211; Spodziewamy si\u0119 w najbli\u017cszym czasie kontaktu ze strony ameryka\u0144skiej w celu wyja\u015bnienia wszystkich niuans\u00f3w &#8211; doda\u0142 rzecznik Kremla. Na razie nikt z administracji Donalda Trumpa nie komentowa\u0142 tej informacji.<\/p>\n\n\n\n<p>Informacja o zaproszeniu dla Putina pojawi\u0142a si\u0119 kr\u00f3tko po tym, jak prezydent USA Donald Trump zach\u0119ci\u0142 polityk\u00f3w do do\u0142\u0105czenia do Rady Pokoju oraz jej organ\u00f3w, kt\u00f3re maj\u0105 zarz\u0105dza\u0107 Stref\u0105 Gazy, w ogromnej mierze obr\u00f3conej w gruzy w wyniku wojny z Izraelem po pa\u017adzierniku 2023 roku.<\/p>\n\n\n\n<p>Zaproszenie otrzymane od USA opublikowa\u0142 w niedziel\u0119 w\u0119gierski premier Viktor Orban. Wed\u0142ug agencji AFP, zaproszenia wys\u0142ano do oko\u0142o 60 kraj\u00f3w, w tym do Egiptu, Turcji i Kanady.<\/p>\n\n\n\n<p>W ubieg\u0142ym tygodniu prezydent USA og\u0142osi\u0142 wdro\u017cenie drugiej fazy rozejmu. Od 10 pa\u017adziernika 2025 r. trwa zawieszenie broni. Kolejny etap zak\u0142ada wycofanie si\u0119 Izraela z wi\u0119kszej cz\u0119\u015bci Strefy Gazy, rozmieszczenie na tym terytorium Mi\u0119dzynarodowych Si\u0142 Stabilizacyjnych (ISF) i ustanowienie nowej struktury rz\u0105dowej. Postuluje on r\u00f3wnie\u017c rozbrojenie Hamasu, co jest te\u017c jednym z g\u0142\u00f3wnych postulat\u00f3w Izraela.<\/p>\n\n\n\n<p>Przewodnicz\u0105cym zarz\u0105du Rady Pokoju jest prezydent USA Donald Trump. W ramach organu dzia\u0142a\u0107 maj\u0105 dwa komitety. W sk\u0142ad jednego z nich wchodz\u0105: szef ameryka\u0144skiej dyplomacji Marco Rubio, zi\u0119\u0107 Trumpa Jared Kushner, by\u0142y premier Wielkiej Brytanii Tony Blair, ameryka\u0144ski miliarder Marc Rowan, prezes Banku \u015awiatowego Ajay Banga i by\u0142y doradca ds. bezpiecze\u0144stwa narodowego Trumpa Robert Gabriel.<\/p>\n\n\n\n<p>W sk\u0142ad drugiego komitetu wykonawczego wchodz\u0105: wys\u0142annik prezydenta USA Steve Witkoff, Kushner, Blair, Rowan, minister spraw zagranicznych Turcji Hakan Fidan, katarski dyplomata wysokiego szczebla Ali Thawadi, szef egipskiego wywiadu Hasan Raszad, ministra stanu ds. wsp\u00f3\u0142pracy mi\u0119dzynarodowej Zjednoczonych Emirat\u00f3w Arabskich Rim Al-Haszimy, biznesmen Yakir Gabay, by\u0142a koordynatorka ds. humanitarnych <a href=\"https:\/\/tvn24.pl\/tagi\/organizacja-narodow-zjednoczonych\">ONZ<\/a> Sigrid Kaag i by\u0142y wys\u0142annik ONZ na Bliski Wsch\u00f3d Niko\u0142aj M\u0142adenow.<\/p>\n\n\n\n<p>OGL\u0104DAJ: Samoch\u00f3d dachowa\u0142 i uderzy\u0142 w pieszych. Nie \u017cyje pi\u0119ciolatek<\/p>\n\n\n\n<figure class=\"wp-block-image\"><img decoding=\"async\" src=\"https:\/\/tvn24.pl\/_e\/i\/tvnwarszawa\/najnowsze\/cdn-zdjecie-319776-sluzby-pracuja-na-grochowskiej-ph8856992\/alternates\/WEBP_LANDSCAPE_1024\" alt=\"S\u0142u\u017cby pracuj\u0105 na Grochowskiej \"\/><\/figure>\n\n\n\n<p><a href=\"https:\/\/kup.tvn24.pl\/oferta\/rekomendowane?ab_nuvi_zoltan=ga&amp;redirect_uri=https%3A%2F%2Ftvn24.pl%2Fswiat%2Fwladimir-putin-dolaczy-do-rady-pokoju-kreml-potwierdza-zaproszenie-st8855944&amp;source_tests=0&amp;source_type=other&amp;source=PrzyciskEmbedWideo\">Ten i inne materia\u0142y obejrzysz w subskrypcji<\/a><\/p>\n","protected":false},"excerpt":{"rendered":"Kreml przekaza\u0142 w poniedzia\u0142ek, \u017ce rosyjski przyw\u00f3dca W\u0142adimir Putin otrzyma\u0142 propozycj\u0119 do\u0142\u0105czenia do Rady Pokoju, kt\u00f3ra ma zarz\u0105dza\u0107 Stref\u0105 Gazy. &#8211; Spodziewamy si\u0119 \n<a class=\"moretag\" href=\"https:\/\/lifevery.biz.ua\/?p=513\"> [...]<\/a>","protected":false},"author":1,"featured_media":514,"comment_status":"open","ping_status":"open","sticky":false,"template":"","format":"standard","meta":{"footnotes":""},"categories":[1],"tags":[],"class_list":["post-513","post","type-post","status-publish","format-standard","has-post-thumbnail","hentry","category-blog"],"_links":{"self":[{"href":"https:\/\/lifevery.biz.ua\/index.php?rest_route=\/wp\/v2\/posts\/513","targetHints":{"allow":["GET"]}}],"collection":[{"href":"https:\/\/lifevery.biz.ua\/index.php?rest_route=\/wp\/v2\/posts"}],"about":[{"href":"https:\/\/lifevery.biz.ua\/index.php?rest_route=\/wp\/v2\/types\/post"}],"author":[{"embeddable":true,"href":"https:\/\/lifevery.biz.ua\/index.php?rest_route=\/wp\/v2\/users\/1"}],"replies":[{"embeddable":true,"href":"https:\/\/lifevery.biz.ua\/index.php?rest_route=%2Fwp%2Fv2%2Fcomments&post=513"}],"version-history":[{"count":1,"href":"https:\/\/lifevery.biz.ua\/index.php?rest_route=\/wp\/v2\/posts\/513\/revisions"}],"predecessor-version":[{"id":515,"href":"https:\/\/lifevery.biz.ua\/index.php?rest_route=\/wp\/v2\/posts\/513\/revisions\/515"}],"wp:featuredmedia":[{"embeddable":true,"href":"https:\/\/lifevery.biz.ua\/index.php?rest_route=\/wp\/v2\/media\/514"}],"wp:attachment":[{"href":"https:\/\/lifevery.biz.ua\/index.php?rest_route=%2Fwp%2Fv2%2Fmedia&parent=513"}],"wp:term":[{"taxonomy":"category","embeddable":true,"href":"https:\/\/lifevery.biz.ua\/index.php?rest_route=%2Fwp%2Fv2%2Fcategories&post=513"},{"taxonomy":"post_tag","embeddable":true,"href":"https:\/\/lifevery.biz.ua\/index.php?rest_route=%2Fwp%2Fv2%2Ftags&post=513"}],"curies":[{"name":"wp","href":"https:\/\/api.w.org\/{rel}","templated":true}]}}