{"id":504,"date":"2026-01-19T16:59:00","date_gmt":"2026-01-19T16:59:00","guid":{"rendered":"https:\/\/lifevery.biz.ua\/?p=504"},"modified":"2026-01-19T16:59:00","modified_gmt":"2026-01-19T16:59:00","slug":"hiszpania-oglasza-zalobe-narodowa-dzien-bolu","status":"publish","type":"post","link":"https:\/\/lifevery.biz.ua\/?p=504","title":{"rendered":"Hiszpania og\u0142asza \u017ca\u0142ob\u0119 narodow\u0105. &#8220;Dzie\u0144 b\u00f3lu&#8221;"},"content":{"rendered":"\n<p>Hiszpania wprowadzi trzy dni \u017ca\u0142oby narodowej &#8211; powiedzia\u0142 premier Pedro Sanchez. Decyzja jest zwi\u0105zana z tragicznym wypadkiem poci\u0105g\u00f3w du\u017cych pr\u0119dko\u015bci, do kt\u00f3rego dosz\u0142o w niedziel\u0119 na po\u0142udniu kraju. Hiszpa\u0144ski premier przestrzega\u0142 te\u017c przed dezinformacj\u0105.<br>W poniedzia\u0142ek odby\u0142a si\u0119 konferencja prasowa, w kt\u00f3rej wzi\u0105\u0142 udzia\u0142 hiszpa\u0144ski premier Pedro Sanchez. Dzie\u0144 wcze\u015bniej w miejscowo\u015bci Adamuz w prowincji Kordoba &#8211; w odleg\u0142o\u015bci oko\u0142o 200 kilometr\u00f3w na p\u00f3\u0142noc od Malagi &#8211; dosz\u0142o do tragicznego wypadku. Wykolejeniu uleg\u0142y dwa poci\u0105gi &#8211; przewo\u017anik\u00f3w Iryo i Renfe. Co najmniej 39 os\u00f3b zgin\u0119\u0142o, a 152 jest rannych.<\/p>\n\n\n\n<p>&#8211; Jako premier rz\u0105du og\u0142aszam trzy dni \u017ca\u0142oby narodowej, kt\u00f3re si\u0119 zaczn\u0105 dzisiaj o p\u00f3\u0142nocy &#8211; og\u0142osi\u0142. &#8211; Jest to dzie\u0144 b\u00f3lu dla ca\u0142ej Hiszpanii, dla ca\u0142ego naszego kraju. Nasze my\u015bli s\u0105 ze wszystkimi ofiarami, wszystkimi krewnymi ofiar &#8211; powiedzia\u0142 Sanchez.<\/p>\n\n\n\n<h2 class=\"wp-block-heading\">Sanchez: prosz\u0119 poczeka\u0107 na oficjalne informacje<\/h2>\n\n\n\n<p>&#8211; Chc\u0119 przekaza\u0107 wyrazy wdzi\u0119czno\u015bci za wsp\u00f3\u0142prac\u0119 z rz\u0105dem regionalnym Andaluzji i wszystkim tym, kt\u00f3rzy znajduj\u0105 si\u0119 tutaj w pobli\u017cu, w tych miejscowo\u015bciach. Wiem, \u017ce oni byli pierwsi na miejscu tej katastrofy i bardzo pomogli &#8211; podzi\u0119kowa\u0142 premier.<\/p>\n\n\n\n<p>Wyrazi\u0142 te\u017c wdzi\u0119czno\u015b\u0107 dla s\u0142u\u017cb za &#8220;profesjonalizm i ludzkie podej\u015bcie&#8221;.<\/p>\n\n\n\n<p>Katastrofa kolejowa w Hiszpanii. Na miejscu pracuj\u0105 s\u0142u\u017cby<\/p>\n\n\n\n<figure class=\"wp-block-image\"><img decoding=\"async\" src=\"https:\/\/tvn24.pl\/_e\/i\/najnowsze\/cdn-zdjecie-7296681-katastrofa-kolejowa-w-hiszpanii-ph8855778\/alternates\/WEBP_LANDSCAPE_320\" alt=\"Katastrofa kolejowa w Hiszpanii\"\/><figcaption class=\"wp-element-caption\">Katastrofa kolejowa w Hiszpanii\u0179r\u00f3d\u0142o: CHEMA MOYA\/EPA\/PAP<\/figcaption><\/figure>\n\n\n\n<figure class=\"wp-block-image\"><img decoding=\"async\" src=\"https:\/\/tvn24.pl\/_e\/i\/najnowsze\/cdn-zdjecie-2317435-katastrofa-kolejowa-w-hiszpanii-ph8855776\/alternates\/WEBP_LANDSCAPE_320\" alt=\"Katastrofa kolejowa w Hiszpanii\"\/><figcaption class=\"wp-element-caption\">Katastrofa kolejowa w Hiszpanii\u0179r\u00f3d\u0142o: CHEMA MOYA\/EPA\/PAP<\/figcaption><\/figure>\n\n\n\n<figure class=\"wp-block-image\"><img decoding=\"async\" src=\"https:\/\/tvn24.pl\/_e\/i\/najnowsze\/cdn-zdjecie-8016816-katastrofa-kolejowa-w-hiszpanii-ph8855775\/alternates\/WEBP_LANDSCAPE_320\" alt=\"Katastrofa kolejowa w Hiszpanii\"\/><figcaption class=\"wp-element-caption\">Katastrofa kolejowa w Hiszpanii\u0179r\u00f3d\u0142o: CHEMA MOYA\/EPA\/PAP<\/figcaption><\/figure>\n\n\n\n<figure class=\"wp-block-image\"><img decoding=\"async\" src=\"https:\/\/tvn24.pl\/_e\/i\/najnowsze\/cdn-zdjecie-7451824-katastrofa-kolejowa-w-hiszpanii-ph8855774\/alternates\/WEBP_LANDSCAPE_320\" alt=\"Katastrofa kolejowa w Hiszpanii\"\/><figcaption class=\"wp-element-caption\">Katastrofa kolejowa w Hiszpanii\u0179r\u00f3d\u0142o: DAVID ARJONA\/EPA\/PAP<\/figcaption><\/figure>\n\n\n\n<p>&#8211; Oczywi\u015bcie my jako rz\u0105d Hiszpanii, my jako spo\u0142eczno\u015b\u0107 ca\u0142a Hiszpan\u00f3w b\u0119dziemy starali si\u0119 pom\u00f3c wszystkim ofiarom, ale r\u00f3wnie\u017c b\u0119dziemy starali si\u0119 doj\u015b\u0107 do tego, jak taka tragedia mog\u0142a si\u0119 wydarzy\u0107. Zaczynamy prac\u0119 z naszymi grupami dochodzeniowymi i z naszymi s\u0142u\u017cbami technicznymi. Poznamy prawd\u0119, poznamy odpowied\u017a &#8211; m\u00f3wi\u0142, obiecuj\u0105c &#8220;pe\u0142n\u0105 transparentno\u015b\u0107&#8221;.<\/p>\n\n\n\n<p>Hiszpa\u0144ski premier zaapelowa\u0142 te\u017c o cierpliwo\u015b\u0107. &#8211; Prosz\u0119 poczeka\u0107 na informacje oficjalne. Pozw\u00f3lmy dzia\u0142a\u0107 s\u0142u\u017cbom &#8211; poprosi\u0142 Sanchez.<\/p>\n\n\n\n<p>Doda\u0142 te\u017c, \u017ce &#8220;dezinformacja jest teraz pot\u0119\u017cnym zagro\u017ceniem&#8221;. &#8211; Mo\u017ce przynie\u015b\u0107 bardzo wiele b\u00f3lu, nie tylko ofiarom i ich rodzinom, ale tak\u017ce nam wszystkim &#8211; zaznaczy\u0142.<\/p>\n\n\n\n<p>OGL\u0104DAJ: Samoch\u00f3d dachowa\u0142 i uderzy\u0142 w pieszych. Nie \u017cyje pi\u0119ciolatek<\/p>\n\n\n\n<figure class=\"wp-block-image\"><img decoding=\"async\" src=\"https:\/\/tvn24.pl\/_e\/i\/tvnwarszawa\/najnowsze\/cdn-zdjecie-319776-sluzby-pracuja-na-grochowskiej-ph8856992\/alternates\/WEBP_LANDSCAPE_1024\" alt=\"S\u0142u\u017cby pracuj\u0105 na Grochowskiej \"\/><\/figure>\n\n\n\n<p><a href=\"https:\/\/kup.tvn24.pl\/oferta\/rekomendowane?ab_nuvi_zoltan=ga&amp;redirect_uri=https%3A%2F%2Ftvn24.pl%2Fswiat%2Fhiszpania-oglasza-zalobe-narodowa-po-katastrofie-kolejowej-st8856708&amp;source_tests=0&amp;source_type=other&amp;source=PrzyciskEmbedWideo\">Ten i inne materia\u0142y obejrzysz w subskrypcji<\/a><\/p>\n\n\n\n<p>Autorka\/Autor:&nbsp;kgr\/aaw\/lulu<\/p>\n","protected":false},"excerpt":{"rendered":"Hiszpania wprowadzi trzy dni \u017ca\u0142oby narodowej &#8211; powiedzia\u0142 premier Pedro Sanchez. Decyzja jest zwi\u0105zana z tragicznym wypadkiem poci\u0105g\u00f3w du\u017cych pr\u0119dko\u015bci, do kt\u00f3rego dosz\u0142o \n<a class=\"moretag\" href=\"https:\/\/lifevery.biz.ua\/?p=504\"> [...]<\/a>","protected":false},"author":1,"featured_media":511,"comment_status":"open","ping_status":"open","sticky":false,"template":"","format":"standard","meta":{"footnotes":""},"categories":[1],"tags":[],"class_list":["post-504","post","type-post","status-publish","format-standard","has-post-thumbnail","hentry","category-blog"],"_links":{"self":[{"href":"https:\/\/lifevery.biz.ua\/index.php?rest_route=\/wp\/v2\/posts\/504","targetHints":{"allow":["GET"]}}],"collection":[{"href":"https:\/\/lifevery.biz.ua\/index.php?rest_route=\/wp\/v2\/posts"}],"about":[{"href":"https:\/\/lifevery.biz.ua\/index.php?rest_route=\/wp\/v2\/types\/post"}],"author":[{"embeddable":true,"href":"https:\/\/lifevery.biz.ua\/index.php?rest_route=\/wp\/v2\/users\/1"}],"replies":[{"embeddable":true,"href":"https:\/\/lifevery.biz.ua\/index.php?rest_route=%2Fwp%2Fv2%2Fcomments&post=504"}],"version-history":[{"count":1,"href":"https:\/\/lifevery.biz.ua\/index.php?rest_route=\/wp\/v2\/posts\/504\/revisions"}],"predecessor-version":[{"id":512,"href":"https:\/\/lifevery.biz.ua\/index.php?rest_route=\/wp\/v2\/posts\/504\/revisions\/512"}],"wp:featuredmedia":[{"embeddable":true,"href":"https:\/\/lifevery.biz.ua\/index.php?rest_route=\/wp\/v2\/media\/511"}],"wp:attachment":[{"href":"https:\/\/lifevery.biz.ua\/index.php?rest_route=%2Fwp%2Fv2%2Fmedia&parent=504"}],"wp:term":[{"taxonomy":"category","embeddable":true,"href":"https:\/\/lifevery.biz.ua\/index.php?rest_route=%2Fwp%2Fv2%2Fcategories&post=504"},{"taxonomy":"post_tag","embeddable":true,"href":"https:\/\/lifevery.biz.ua\/index.php?rest_route=%2Fwp%2Fv2%2Ftags&post=504"}],"curies":[{"name":"wp","href":"https:\/\/api.w.org\/{rel}","templated":true}]}}