{"id":498,"date":"2026-01-19T15:34:08","date_gmt":"2026-01-19T15:34:08","guid":{"rendered":"https:\/\/lifevery.biz.ua\/?p=498"},"modified":"2026-01-19T15:34:08","modified_gmt":"2026-01-19T15:34:08","slug":"nowe-ustalenia-w-sprawie-iwony-wieczorek-tajemnicze-policyjne-namioty","status":"publish","type":"post","link":"https:\/\/lifevery.biz.ua\/?p=498","title":{"rendered":"Nowe ustalenia w sprawie Iwony Wieczorek. Tajemnicze policyjne namioty"},"content":{"rendered":"\n<p>Przypomnijmy. 19-letnia Iwona Wieczorek zagin\u0119\u0142a w nocy z 16 na 17 lipca 2010 r. Ostatni raz by\u0142a widziana w okolicach wej\u015bcia na pla\u017c\u0119 w Jelitkowie. Mimo licznych doniesie\u0144 o mo\u017cliwym prze\u0142omie, do tej pory nie uda\u0142o si\u0119 ustali\u0107, co sta\u0142o si\u0119 z m\u0142od\u0105 kobiet\u0105.<\/p>\n\n\n\n<p>\u015aledztwo w sprawie zagini\u0119cia Iwony Wieczorek trwa nieprzerwanie od kilkunastu lat. W nocy, gdy zagin\u0119\u0142a, bawi\u0142a si\u0119 na imprezie w Sopocie. Po k\u0142\u00f3tni ze znajomymi zdecydowa\u0142a si\u0119 wr\u00f3ci\u0107 pieszo do domu w Gda\u0144sku. Jej \u015blad urywa si\u0119 w okolicach pla\u017cy w Jelitkowie.<\/p>\n\n\n\n<p>W ostatnich latach wielokrotnie pojawia\u0142y si\u0119 informacje o mo\u017cliwym prze\u0142omie w \u015bledztwie. Jednak \u017cadna z tych sensacyjnych wiadomo\u015bci nie zosta\u0142a potwierdzona przez policj\u0119.<\/p>\n\n\n\n<p>W sobot\u0119, 17 stycznia<a href=\"https:\/\/www.fakt.pl\/wydarzenia\/sprawa-iwony-wieczorek-policjanci-znaja-lokalizacje-zwlok\/7lefl00\">.<\/a>\u00a0Wed\u0142ug naszych \u017ar\u00f3de\u0142 funkcjonariusze maj\u0105 do\u015b\u0107 precyzyjnie okre\u015blony teren, na kt\u00f3rym mog\u0105 znajdowa\u0107 si\u0119 zw\u0142oki. Trasa, kt\u00f3r\u0105 Iwona mia\u0142a pokona\u0107 do domu, prowadzi\u0142a przez tereny zalesione, kt\u00f3re obecnie wygl\u0105daj\u0105 ju\u017c inaczej.<\/p>\n\n\n\n<p>Natomiast jak informowa\u0142 portal trojmiasto.pl, w \u015brod\u0119 14 stycznia w tej okolicy, przy ul. Polnej, pojawili si\u0119 funkcjonariusze w bia\u0142ych kombinezonach, a na miejscu rozstawiono policyjny namiot. Rzecznik Prokuratury Krajowej Przemys\u0142aw Nowak potwierdzi\u0142, \u017ce policjanci prowadz\u0105 w Sopocie czynno\u015bci dowodowe w \u015bledztwie dotycz\u0105cym niewyja\u015bnionego zab\u00f3jstwa sprzed kilkunastu lat. Nam uda\u0142o si\u0119 nieoficjalnie potwierdzi\u0107, \u017ce chodzi o<\/p>\n\n\n\n<p>Z kolei 19 stycznia prokurator Katarzyna Cal\u00f3w-Jaszewska poinformowa\u0142a, \u017ce \u015bledczy dysponuj\u0105 aktualnymi informacjami w sprawie, jednak nie b\u0119d\u0105 ujawnia\u0107 \u017cadnych szczeg\u00f3\u0142\u00f3w.<\/p>\n\n\n\n<h2 class=\"wp-block-heading\">Iwona Wieczorek: nowe ustalenia w sprawie. Policja apeluje o pomoc<\/h2>\n\n\n\n<p>Obecnie funkcjonariusze ze sto\u0142ecznego Wydzia\u0142u do Walki z Terrorem Kryminalnym i Zab\u00f3jstw analizuj\u0105 trop, kt\u00f3ry pojawi\u0142 si\u0119 w czerwcu ubieg\u0142ego roku. Dotyczy on bia\u0142ego fiata cinquecento, widzianego 17 lipca 2010 r. o godzinie 5:07 w rejonie Parku Reagana w Gda\u0144sku. Policjanci ustalili, \u017ce pojazd przemieszcza\u0142 si\u0119 wtedy na trasie Rumia\u2013Reda\u2013okolice Pucka. Wed\u0142ug \u015bledczych kierowca tego auta m\u00f3g\u0142 mie\u0107 zwi\u0105zek z zagini\u0119ciem Iwony Wieczorek.<\/p>\n\n\n\n<p>Policja apeluje do wszystkich os\u00f3b, kt\u00f3re mog\u0105 mie\u0107 informacje na temat bia\u0142ego cinquecento lub jego kierowcy, o kontakt telefoniczny pod numerem: 573 934 910 lub zg\u0142oszenie si\u0119 do najbli\u017cszej jednostki policji.<\/p>\n\n\n\n<p><\/p>\n\n\n\n<h3 class=\"wp-block-heading\">\/4<\/h3>\n\n\n\n<figure class=\"wp-block-image\" id=\"slide-1\"><img decoding=\"async\" src=\"https:\/\/ocdn.eu\/pulscms-transforms\/1\/4tOk9kuTURBXy9jZDZjNTJhMC04OGE2LTQ1Y2MtOWI1Yy04ZjY2YTk0NGI1NTUuanBlZ5GTAs0DSM0CMN4AAqEwAaExAQ\" alt=\"\"\/><\/figure>\n\n\n\n<p>19-letnia Iwona Wieczorek zagin\u0119\u0142a w nocy z 16 na 17 lipca 2010 r.<\/p>\n\n\n\n<h3 class=\"wp-block-heading\">\/4<\/h3>\n\n\n\n<figure class=\"wp-block-image\" id=\"slide-2\"><img decoding=\"async\" src=\"https:\/\/ocdn.eu\/pulscms-transforms\/1\/wbBk9kuTURBXy85MjE5YmViZS0zYzg1LTQ3NDUtYWVlNC1iOWRhZGI1NDdmYWUuanBlZ5GTAs0DSM0EYN4AAqEwAaExAQ\" alt=\"\"\/><\/figure>\n\n\n\n<p>Nastolatka zagin\u0119\u0142a wracaj\u0105c z imprezy w Sopocie.<\/p>\n\n\n\n<h3 class=\"wp-block-heading\">\/4<\/h3>\n\n\n\n<figure class=\"wp-block-image\" id=\"slide-3\"><img decoding=\"async\" src=\"https:\/\/ocdn.eu\/pulscms-transforms\/1\/dp1k9kuTURBXy9jZTg4M2Y3NC0zYTQ2LTQyOTUtYjgzYS01NjU2ZjY5ZTkzNzcuanBlZ5GTAs0DSM0B_94AAqEwAaExAQ\" alt=\"\"\/><\/figure>\n\n\n\n<p>Iwona zdecydowa\u0142a, \u017ce pieszo wr\u00f3ci do domu w Gda\u0144sku. \u015alad urwa\u0142 si\u0119 przy wej\u015bciu na pla\u017c\u0119 w Jelitkowie.<\/p>\n\n\n\n<h3 class=\"wp-block-heading\">\/4<\/h3>\n\n\n\n<figure class=\"wp-block-image\" id=\"slide-4\"><img decoding=\"async\" src=\"https:\/\/ocdn.eu\/pulscms-transforms\/1\/bO0k9kuTURBXy9kNGI4MDkyNC1kMDRkLTQ5OWEtOWJiZC1mM2I1MWFjNDMwMTYuanBlZ5GTAs0DSM0Csd4AAqEwAaExAQ\" alt=\"\"\/><\/figure>\n\n\n\n<p>Kierowca bia\u0142ego cinquecento mo\u017ce mie\u0107 zwi\u0105zek z zagini\u0119ciem Iwony Wieczorek? Szuka go policja.<\/p>\n\n\n\n<p><em>Dzi\u0119kujemy, \u017ce przeczyta\u0142a\u015b\/e\u015b nasz artyku\u0142 do ko\u0144ca.<\/em><\/p>\n\n\n\n<p><em>B\u0105d\u017a na bie\u017c\u0105co!&nbsp;<\/em><a href=\"https:\/\/profile.google.com\/cp\/CgkvbS8wZ19mMGI\"><em>Obserwuj nas w Google.<\/em><\/a><\/p>\n","protected":false},"excerpt":{"rendered":"Przypomnijmy. 19-letnia Iwona Wieczorek zagin\u0119\u0142a w nocy z 16 na 17 lipca 2010 r. Ostatni raz by\u0142a widziana w okolicach wej\u015bcia na pla\u017c\u0119 \n<a class=\"moretag\" href=\"https:\/\/lifevery.biz.ua\/?p=498\"> [...]<\/a>","protected":false},"author":1,"featured_media":499,"comment_status":"open","ping_status":"open","sticky":false,"template":"","format":"standard","meta":{"footnotes":""},"categories":[1],"tags":[],"class_list":["post-498","post","type-post","status-publish","format-standard","has-post-thumbnail","hentry","category-blog"],"_links":{"self":[{"href":"https:\/\/lifevery.biz.ua\/index.php?rest_route=\/wp\/v2\/posts\/498","targetHints":{"allow":["GET"]}}],"collection":[{"href":"https:\/\/lifevery.biz.ua\/index.php?rest_route=\/wp\/v2\/posts"}],"about":[{"href":"https:\/\/lifevery.biz.ua\/index.php?rest_route=\/wp\/v2\/types\/post"}],"author":[{"embeddable":true,"href":"https:\/\/lifevery.biz.ua\/index.php?rest_route=\/wp\/v2\/users\/1"}],"replies":[{"embeddable":true,"href":"https:\/\/lifevery.biz.ua\/index.php?rest_route=%2Fwp%2Fv2%2Fcomments&post=498"}],"version-history":[{"count":1,"href":"https:\/\/lifevery.biz.ua\/index.php?rest_route=\/wp\/v2\/posts\/498\/revisions"}],"predecessor-version":[{"id":500,"href":"https:\/\/lifevery.biz.ua\/index.php?rest_route=\/wp\/v2\/posts\/498\/revisions\/500"}],"wp:featuredmedia":[{"embeddable":true,"href":"https:\/\/lifevery.biz.ua\/index.php?rest_route=\/wp\/v2\/media\/499"}],"wp:attachment":[{"href":"https:\/\/lifevery.biz.ua\/index.php?rest_route=%2Fwp%2Fv2%2Fmedia&parent=498"}],"wp:term":[{"taxonomy":"category","embeddable":true,"href":"https:\/\/lifevery.biz.ua\/index.php?rest_route=%2Fwp%2Fv2%2Fcategories&post=498"},{"taxonomy":"post_tag","embeddable":true,"href":"https:\/\/lifevery.biz.ua\/index.php?rest_route=%2Fwp%2Fv2%2Ftags&post=498"}],"curies":[{"name":"wp","href":"https:\/\/api.w.org\/{rel}","templated":true}]}}