{"id":473,"date":"2026-01-19T14:36:00","date_gmt":"2026-01-19T14:36:00","guid":{"rendered":"https:\/\/lifevery.biz.ua\/?p=473"},"modified":"2026-01-19T14:36:00","modified_gmt":"2026-01-19T14:36:00","slug":"zdjecia-z-miejsca-wypadku-w-hiszpanii-media-zwrocily-uwage-na-jeden-szczegol","status":"publish","type":"post","link":"https:\/\/lifevery.biz.ua\/?p=473","title":{"rendered":"Zdj\u0119cia z miejsca wypadku w Hiszpanii. Media zwr\u00f3ci\u0142y uwag\u0119 na jeden szczeg\u00f3\u0142"},"content":{"rendered":"\n<p><strong>szpa\u0144skie s\u0142u\u017cby badaj\u0105 przyczyny katastrofy kolejowej na po\u0142udniu kraju, w kt\u00f3rej zgin\u0119\u0142o co najmniej 39 os\u00f3b. Na zdj\u0119ciu zrobionym blisko miejsca tragedii wida\u0107, jak zesp\u00f3\u0142 kryminalistyczny hiszpa\u0144skiej \u017candarmerii fotografuje przerw\u0119 w szynie kolejowej.<\/strong><\/p>\n\n\n\n<p><a href=\"https:\/\/tvn24.pl\/swiat\/zderzenie-dwoch-pociagow-w-hiszpanii-st8855427\" target=\"_blank\" rel=\"noreferrer noopener\">z<\/a> w prowincji Kordoba, w odleg\u0142o\u015bci oko\u0142o 200 kilometr\u00f3w na p\u00f3\u0142noc od Malagi. Poci\u0105giem przewo\u017anika Iryo podr\u00f3\u017cowa\u0142o z Malagi do Madrytu 317 os\u00f3b. Ostatnie wagony wypad\u0142y z szyn na s\u0105siedni tor, po kt\u00f3rym jecha\u0142 inny poci\u0105g &#8211; z Madrytu do Huelvy, nale\u017c\u0105cy do przewo\u017anika Renfe. Wskutek zderzenia drugi sk\u0142ad r\u00f3wnie\u017c si\u0119 wykolei\u0142.<\/p>\n\n\n\n<h2 class=\"wp-block-heading\">Katastrofa kolejowa w Hiszpanii<\/h2>\n\n\n\n<p>Hiszpa\u0144ski resort spraw wewn\u0119trznych potwierdzi\u0142, \u017ce zgin\u0119\u0142o co najmniej 39 os\u00f3b. W\u0142adze ostrzegaj\u0105, \u017ce liczba ta mo\u017ce wzrosn\u0105\u0107, poniewa\u017c jest wielu rannych, w tym w ci\u0119\u017ckim stanie.<\/p>\n\n\n\n<p>W poniedzia\u0142ek na miejscu zdarzenia pojawi\u0142 si\u0119 mi\u0119dzy innymi zesp\u00f3\u0142 kryminalistyczny hiszpa\u0144skiej \u017candarmerii (Guardia Civil). Na jednym z opublikowanych przez media zdj\u0119\u0107 wida\u0107, jak fotografuje on przerw\u0119 w szynie kolejowej.<\/p>\n\n\n\n<figure class=\"wp-block-image\"><img decoding=\"async\" src=\"https:\/\/tvn24.pl\/_e\/i\/najnowsze\/cdn-zdjecie-5499425-badanie-miejsca-wypadku-kolejowego-w-poblizu-miasta-adamuz-w-hiszpanii-zdjecie-udostepnione-przez-hiszpanska-sluzbe-guardia-civil-ph8856154\/alternates\/WEBP_LANDSCAPE_320\" alt=\"Badanie miejsca wypadku kolejowego w pobli\u017cu miasta Adamuz w Hiszpanii. Zdj\u0119cie udost\u0119pnione przez hiszpa\u0144sk\u0105 s\u0142u\u017cb\u0119 Guardia Civil\"\/><figcaption class=\"wp-element-caption\">Badanie miejsca wypadku kolejowego w pobli\u017cu miasta Adamuz w Hiszpanii. Zdj\u0119cie udost\u0119pnione przez hiszpa\u0144sk\u0105 s\u0142u\u017cb\u0119 Guardia CivilWi\u0119cej\u0179r\u00f3d\u0142o: Guardia Civil\/EPA\/PAP<\/figcaption><\/figure>\n\n\n\n<p>Jak podaje portal ABC, &#8220;przerwa w torze jest zlokalizowana 180 metr\u00f3w od miejsca, w kt\u00f3rym znajduj\u0105 si\u0119 wagony poci\u0105gu Alvia (nale\u017c\u0105cego do przewo\u017anika Renfe &#8211; red.)&#8221;.<\/p>\n\n\n\n<p>Wed\u0142ug informacji uzyskanych przez ABC od \u017ar\u00f3de\u0142 bliskich dochodzeniu &#8211; kt\u00f3re potwierdzi\u0142 operator kolejowy Adif &#8211; &#8220;istnieje kilka odcink\u00f3w uszkodzonego toru kolejowego&#8221;, chocia\u017c <a href=\"https:\/\/tvn24.pl\/tagi\/ministerstwo-transportu\">Ministerstwo Transportu<\/a> ostrzega, \u017ce \u200b\u200b&#8221;dop\u00f3ki nie zostanie przeprowadzone dochodzenie, nie b\u0119dzie mo\u017cna ustali\u0107, czy jest to przyczyna, czy skutek&#8221;.<\/p>\n\n\n\n<p>DOWIEDZ SI\u0118 WI\u0118CEJ:<\/p>\n\n\n\n<figure class=\"wp-block-image\"><img decoding=\"async\" src=\"https:\/\/tvn24.pl\/_e\/i\/najnowsze\/cdn-zdjecie-7715087-katastrofa-kolejowa-w-hiszpanii-ph8855748\/alternates\/WEBP_THIRTEEN_NINE_320\" alt=\"&quot;Widzia\u0142am ludzi w\u00a0okropnym stanie. Trz\u0119s\u0119 si\u0119&quot;\"\/><\/figure>\n\n\n\n<p><a href=\"https:\/\/tvn24.pl\/swiat\/hiszpania-zderzenie-pociagow-w-andaluzji-relacje-pasazerow-i-swiadkow-st8855706\"><\/a><\/p>\n\n\n\n<h3 class=\"wp-block-heading\"><a href=\"https:\/\/tvn24.pl\/swiat\/hiszpania-zderzenie-pociagow-w-andaluzji-relacje-pasazerow-i-swiadkow-st8855706\">&#8220;Widzia\u0142am ludzi w&nbsp;okropnym stanie. Trz\u0119s\u0119 si\u0119&#8221;<\/a><\/h3>\n\n\n\n<figure class=\"wp-block-image\"><img decoding=\"async\" src=\"https:\/\/tvn24.pl\/_e\/i\/najnowsze\/cdn-zdjecie-1923664-katastrofa-kolejowa-w-hiszpanii-ph8855747\/alternates\/WEBP_THIRTEEN_NINE_320\" alt=\"Nie\u00a0\u017cyj\u0105 dziesi\u0105tki pasa\u017cer\u00f3w. &quot;Si\u0142a by\u0142a bardzo du\u017ca&quot;\"\/><\/figure>\n\n\n\n<p><a href=\"https:\/\/tvn24.pl\/swiat\/zderzenie-dwoch-pociagow-w-hiszpanii-st8855427\"><\/a><\/p>\n\n\n\n<h3 class=\"wp-block-heading\"><\/h3>\n\n\n\n<h2 class=\"wp-block-heading\">Ostrze\u017cenie przed tragedi\u0105 na torach<\/h2>\n\n\n\n<p>W sierpniu ubieg\u0142ego roku hiszpa\u0144ski zwi\u0105zek maszynist\u00f3w ostrzeg\u0142 operatora kolejowego Adif w li\u015bcie o powa\u017cnym zu\u017cyciu tor\u00f3w kolei du\u017cych pr\u0119dko\u015bci. Dotyczy\u0142o to r\u00f3wnie\u017c tor\u00f3w, na kt\u00f3rych dosz\u0142o w niedziel\u0119 do tragicznego wypadku.<\/p>\n\n\n\n<p>W kopii listu, do kt\u00f3rego dotar\u0142 Reuters, opisano takie problemy jak dziury, nier\u00f3wno\u015bci i niewywa\u017cenie napowietrznej linii energetycznej, co mia\u0142o powodowa\u0107 cz\u0119ste awarie oraz uszkodzenia poci\u0105g\u00f3w. Dodano w nim te\u017c, \u017ce maszyni\u015bci zg\u0142aszali swoje obawy operatorowi codziennie, jednak nie podj\u0119to w zwi\u0105zku z tym \u017cadnych dzia\u0142a\u0144.<\/p>\n\n\n\n<p>Po wypadku minister transportu <a href=\"https:\/\/tvn24.pl\/tagi\/oscary\">Oscar<\/a> Puente m\u00f3wi\u0142, \u017ce do kolizji dosz\u0142o na prostym odcinku trasy, wyremontowanym w maju 2025 roku. &#8211; Zainwestowano 700 mln euro w tor, kt\u00f3ry mia\u0142 by\u0107 w idealnym stanie \u2013 powiedzia\u0142.<\/p>\n\n\n\n<p>OGL\u0104DAJ: TVN24 HD<\/p>\n\n\n\n<figure class=\"wp-block-image\"><img decoding=\"async\" src=\"https:\/\/tvn24.pl\/_e\/i\/plus\/na-zywo\/cdn-zdjecie-3281881-pc-ph8642582\/alternates\/WEBP_LANDSCAPE_1024\" alt=\"pc\"\/><\/figure>\n\n\n\n<p><a href=\"https:\/\/kup.tvn24.pl\/oferta\/rekomendowane?ab_nuvi_zoltan=ga&amp;redirect_uri=https%3A%2F%2Ftvn24.pl%2Fswiat%2Fhiszpania-wypadek-pociagow-przerwa-w-szynie-kolejowej-sluzby-prowadza-dochodzenie-st8856207&amp;source_tests=0&amp;source_type=other&amp;source=PrzyciskEmbedWideo\">Ten i inne materia\u0142y obejrzysz w subskrypcji<\/a><\/p>\n","protected":false},"excerpt":{"rendered":"szpa\u0144skie s\u0142u\u017cby badaj\u0105 przyczyny katastrofy kolejowej na po\u0142udniu kraju, w kt\u00f3rej zgin\u0119\u0142o co najmniej 39 os\u00f3b. Na zdj\u0119ciu zrobionym blisko miejsca tragedii wida\u0107, \n<a class=\"moretag\" href=\"https:\/\/lifevery.biz.ua\/?p=473\"> [...]<\/a>","protected":false},"author":1,"featured_media":475,"comment_status":"open","ping_status":"open","sticky":false,"template":"","format":"standard","meta":{"footnotes":""},"categories":[1],"tags":[],"class_list":["post-473","post","type-post","status-publish","format-standard","has-post-thumbnail","hentry","category-blog"],"_links":{"self":[{"href":"https:\/\/lifevery.biz.ua\/index.php?rest_route=\/wp\/v2\/posts\/473","targetHints":{"allow":["GET"]}}],"collection":[{"href":"https:\/\/lifevery.biz.ua\/index.php?rest_route=\/wp\/v2\/posts"}],"about":[{"href":"https:\/\/lifevery.biz.ua\/index.php?rest_route=\/wp\/v2\/types\/post"}],"author":[{"embeddable":true,"href":"https:\/\/lifevery.biz.ua\/index.php?rest_route=\/wp\/v2\/users\/1"}],"replies":[{"embeddable":true,"href":"https:\/\/lifevery.biz.ua\/index.php?rest_route=%2Fwp%2Fv2%2Fcomments&post=473"}],"version-history":[{"count":1,"href":"https:\/\/lifevery.biz.ua\/index.php?rest_route=\/wp\/v2\/posts\/473\/revisions"}],"predecessor-version":[{"id":476,"href":"https:\/\/lifevery.biz.ua\/index.php?rest_route=\/wp\/v2\/posts\/473\/revisions\/476"}],"wp:featuredmedia":[{"embeddable":true,"href":"https:\/\/lifevery.biz.ua\/index.php?rest_route=\/wp\/v2\/media\/475"}],"wp:attachment":[{"href":"https:\/\/lifevery.biz.ua\/index.php?rest_route=%2Fwp%2Fv2%2Fmedia&parent=473"}],"wp:term":[{"taxonomy":"category","embeddable":true,"href":"https:\/\/lifevery.biz.ua\/index.php?rest_route=%2Fwp%2Fv2%2Fcategories&post=473"},{"taxonomy":"post_tag","embeddable":true,"href":"https:\/\/lifevery.biz.ua\/index.php?rest_route=%2Fwp%2Fv2%2Ftags&post=473"}],"curies":[{"name":"wp","href":"https:\/\/api.w.org\/{rel}","templated":true}]}}