{"id":443,"date":"2026-01-19T05:40:14","date_gmt":"2026-01-19T05:40:14","guid":{"rendered":"https:\/\/lifevery.biz.ua\/?p=443"},"modified":"2026-01-19T05:40:14","modified_gmt":"2026-01-19T05:40:14","slug":"katastrofa-kolejowa-w-hiszpanii-kondolencje-plyna-z-ue-czas-glebokiego-smutku","status":"publish","type":"post","link":"https:\/\/lifevery.biz.ua\/?p=443","title":{"rendered":"Katastrofa kolejowa w Hiszpanii. Kondolencje p\u0142yn\u0105 z UE. &#8220;Czas g\u0142\u0119bokiego smutku&#8221;"},"content":{"rendered":"\n<p>Wed\u0142ug informacji przekazanych w nocy z niedzieli na poniedzia\u0142ek przez agencj\u0119 EFE, w katastrofie kolejowej, do kt\u00f3rej dosz\u0142o w Adamuz w prowincji Kordoba, zgin\u0119\u0142o co najmniej 21 os\u00f3b a kilkadziesi\u0105t zosta\u0142o rannych.<\/p>\n\n\n\n<p>&#8220;Pi\u0119\u0107 os\u00f3b rannych jest w bardzo ci\u0119\u017ckim stanie i przebywa w szpitalu w Kordobie, gdzie w sumie leczonych jest ju\u017c 29 os\u00f3b&#8221; \u2014 podaje agencja.<\/p>\n\n\n\n<p>Do wypadku na torach dosz\u0142o w niedziel\u0119 oko\u0142o godz. 19:45. W Adamuz w prowincji Kordoba w Andaluzji zderzy\u0142y si\u0119, a nast\u0119pnie wykolei\u0142y dwa poci\u0105gi du\u017cych pr\u0119dko\u015bci.<\/p>\n\n\n\n<p>Poci\u0105giem przewo\u017anika Iryo podr\u00f3\u017cowa\u0142o z Malagi do Madrytu 317 os\u00f3b \u2014 poda\u0142a agencja EFE. Trzy ostatnie wagony poci\u0105gu wypad\u0142y z szyn w Adamuz w prowincji Kordoba, wje\u017cd\u017caj\u0105c na s\u0105siedni tor, po kt\u00f3rym jecha\u0142 inny poci\u0105g i kt\u00f3ry w rezultacie r\u00f3wnie\u017c si\u0119 wykolei\u0142.<\/p>\n\n\n\n<ul class=\"wp-block-list\">\n<li><\/li>\n<\/ul>\n\n\n\n<h2 class=\"wp-block-heading\" id=\"toc-kondolencje-z-unii-europejskiej\">Kondolencje z Unii Europejskiej<\/h2>\n\n\n\n<p>W niedziel\u0119 w nocy rodzinom ofiar kondolencje z\u0142o\u017cy\u0142y szefowa Komisji Europejskiej Ursula von der Leyen i przewodnicz\u0105ca Parlamentu Europejskiego Roberta Metsola.<\/p>\n\n\n\n<ul class=\"wp-block-list\">\n<li><\/li>\n<\/ul>\n\n\n\n<p>&#8220;Sk\u0142adam najszczersze kondolencje rodzinom i bliskim ofiar katastrofy kolejowej oraz narodowi hiszpa\u0144skiemu. \u017bycz\u0119 szybkiego i pe\u0142nego powrotu do zdrowia rannym.&nbsp;<strong>Dzisiejszej nocy jeste\u015bcie w moich my\u015blach<\/strong>&#8221; \u2014 napisa\u0142a na X von der Leyen.<\/p>\n\n\n\n<p>Wyrazy wsp\u00f3\u0142czucia przes\u0142a\u0142a r\u00f3wnie\u017c przewodnicz\u0105ca Parlamentu Europejskiego Roberta Metsola. &#8220;<strong>Europa jest z narodem hiszpa\u0144skim w tych trudnych chwilach<\/strong>&#8221; \u2014 napisa\u0142a na portalu X.<\/p>\n\n\n\n<p>Kondolencje za po\u015brednictwem medi\u00f3w spo\u0142eczno\u015bciowych przekaza\u0142 r\u00f3wnie\u017c hiszpa\u0144ski premier, Pedro Sanchez.<\/p>\n\n\n\n<p>&#8220;<strong>Dzisiejsza noc jest dla naszego kraju czasem g\u0142\u0119bokiego smutku z powodu tragicznego wypadku kolejowego w Adamuz.<\/strong>&nbsp;Chcia\u0142bym przekaza\u0107 moje najszczersze kondolencje rodzinom i bliskim ofiar. \u017badne s\u0142owa nie s\u0105 w stanie z\u0142agodzi\u0107 tak wielkiego cierpienia, ale chc\u0119, aby\u015bcie wiedzieli, \u017ce ca\u0142y kraj jest z wami w tym trudnym momencie&#8221; \u2014 napisa\u0142<\/p>\n\n\n\n<p>&#8220;Wszystkie s\u0142u\u017cby ratownicze pracuj\u0105 nieprzerwanie, koordynuj\u0105c swoje dzia\u0142ania&#8221; \u2014 doda\u0142.<\/p>\n\n\n\n<p>Kondolencje przekaza\u0142 te\u017c Ant\u00f3nio Costa, przewodnicz\u0105cy Rady Europejskiej. &#8220;<strong>Jestem wstrz\u0105\u015bni\u0119ty straszliwym wypadkiem kolejowym w Adamuz w Kordobie.\u00a0<\/strong>Wyra\u017cam g\u0142\u0119bokie wyrazy wsp\u00f3\u0142czucia ofiarom, ich bliskim oraz narodowi hiszpa\u0144skiemu. Sk\u0142adam najszczersze kondolencje pogr\u0105\u017conym w \u017ca\u0142obie rodzinom oraz wyrazy wsparcia dla rannych i s\u0142u\u017cb ratowniczych&#8221; \u2014 napisa\u0142<\/p>\n\n\n\n<p><em>Dzi\u0119kujemy, \u017ce przeczyta\u0142a\u015b\/e\u015b nasz artyku\u0142 do ko\u0144ca.<\/em><\/p>\n\n\n\n<p><em>B\u0105d\u017a na bie\u017c\u0105co!&nbsp;<\/em><a href=\"https:\/\/profile.google.com\/cp\/Cg0vZy8xMWo5ODJ3N2J4\"><em>Obserwuj<\/em><\/a>&nbsp;<em>nas w Google.<\/em><\/p>\n","protected":false},"excerpt":{"rendered":"Wed\u0142ug informacji przekazanych w nocy z niedzieli na poniedzia\u0142ek przez agencj\u0119 EFE, w katastrofie kolejowej, do kt\u00f3rej dosz\u0142o w Adamuz w prowincji Kordoba, \n<a class=\"moretag\" href=\"https:\/\/lifevery.biz.ua\/?p=443\"> [...]<\/a>","protected":false},"author":1,"featured_media":444,"comment_status":"open","ping_status":"open","sticky":false,"template":"","format":"standard","meta":{"footnotes":""},"categories":[1],"tags":[],"class_list":["post-443","post","type-post","status-publish","format-standard","has-post-thumbnail","hentry","category-blog"],"_links":{"self":[{"href":"https:\/\/lifevery.biz.ua\/index.php?rest_route=\/wp\/v2\/posts\/443","targetHints":{"allow":["GET"]}}],"collection":[{"href":"https:\/\/lifevery.biz.ua\/index.php?rest_route=\/wp\/v2\/posts"}],"about":[{"href":"https:\/\/lifevery.biz.ua\/index.php?rest_route=\/wp\/v2\/types\/post"}],"author":[{"embeddable":true,"href":"https:\/\/lifevery.biz.ua\/index.php?rest_route=\/wp\/v2\/users\/1"}],"replies":[{"embeddable":true,"href":"https:\/\/lifevery.biz.ua\/index.php?rest_route=%2Fwp%2Fv2%2Fcomments&post=443"}],"version-history":[{"count":1,"href":"https:\/\/lifevery.biz.ua\/index.php?rest_route=\/wp\/v2\/posts\/443\/revisions"}],"predecessor-version":[{"id":445,"href":"https:\/\/lifevery.biz.ua\/index.php?rest_route=\/wp\/v2\/posts\/443\/revisions\/445"}],"wp:featuredmedia":[{"embeddable":true,"href":"https:\/\/lifevery.biz.ua\/index.php?rest_route=\/wp\/v2\/media\/444"}],"wp:attachment":[{"href":"https:\/\/lifevery.biz.ua\/index.php?rest_route=%2Fwp%2Fv2%2Fmedia&parent=443"}],"wp:term":[{"taxonomy":"category","embeddable":true,"href":"https:\/\/lifevery.biz.ua\/index.php?rest_route=%2Fwp%2Fv2%2Fcategories&post=443"},{"taxonomy":"post_tag","embeddable":true,"href":"https:\/\/lifevery.biz.ua\/index.php?rest_route=%2Fwp%2Fv2%2Ftags&post=443"}],"curies":[{"name":"wp","href":"https:\/\/api.w.org\/{rel}","templated":true}]}}