{"id":422,"date":"2026-01-19T05:11:15","date_gmt":"2026-01-19T05:11:15","guid":{"rendered":"https:\/\/lifevery.biz.ua\/?p=422"},"modified":"2026-01-19T05:11:15","modified_gmt":"2026-01-19T05:11:15","slug":"ma-polskie-korzenie-lubie-przedstawiac-sie-jako-polak","status":"publish","type":"post","link":"https:\/\/lifevery.biz.ua\/?p=422","title":{"rendered":"Ma polskie korzenie. &#8220;Lubi\u0119 przedstawia\u0107 si\u0119 jako Polak&#8221;"},"content":{"rendered":"\n<p>Ben Affleck, jeden z najbardziej rozpoznawalnych aktor\u00f3w i re\u017cyser\u00f3w Hollywood, zdobywca Oscara i gwiazdor takich hit\u00f3w jak: &#8220;Buntownik z wyboru&#8221;, &#8220;Operacja Argo&#8221; czy &#8220;Batman v Superman&#8221;, zaskoczy\u0142 widz\u00f3w szczerym wyznaniem na antenie &#8220;Dzie\u0144 Dobry TVN&#8221;. Promuj\u0105c nowy film, niespodziewanie wr\u00f3ci\u0142 do historii swojej rodziny i opowiedzia\u0142 o polskich korzeniach.<\/p>\n\n\n\n<p>Ben Affleck ma polskie korzenie<br>Ben Affleck pojawi\u0142 si\u0119 w programie razem z Mattem Damonem przy okazji premiery filmu &#8220;\u0141up&#8221;, kt\u00f3ry 16 stycznia trafi\u0142 na Netfliksa i szybko sta\u0142 si\u0119 hitem w Polsce. Aktorzy opowiadali o wieloletniej przyja\u017a<\/p>\n\n\n\n<p>W tym artykule:<\/p>\n\n\n\n<p>Ben Affleck ma polskie korzenie<br>Nawi\u0105zanie do g\u0142o\u015bnej sprawy<br>Ben Affleck, jeden z najbardziej rozpoznawalnych aktor\u00f3w i re\u017cyser\u00f3w Hollywood, zdobywca Oscara i gwiazdor takich hit\u00f3w jak: &#8220;Buntownik z wyboru&#8221;, &#8220;Operacja Argo&#8221; czy &#8220;Batman v Superman&#8221;, zaskoczy\u0142 widz\u00f3w szczerym wyznaniem na antenie &#8220;Dzie\u0144 Dobry TVN&#8221;. Promuj\u0105c nowy film, niespodziewanie wr\u00f3ci\u0142 do historii swojej rodziny i opowiedzia\u0142 o polskich korzeniach.<\/p>\n\n\n\n<p>Polskie geny w Hollywood. Nie wszystkie gwiazdy to piel\u0119gnuj\u0105<\/p>\n\n\n\n<p>Czytaj te\u017c: Ko\u0144czy 55 lat. Ma\u0142o kto wie, \u017ce ma polskie korzenie<\/p>\n\n\n\n<p>Ben Affleck ma polskie korzenie<br>Ben Affleck pojawi\u0142 si\u0119 w programie razem z Mattem Damonem przy okazji premiery filmu &#8220;\u0141up&#8221;, kt\u00f3ry 16 stycznia trafi\u0142 na Netfliksa i szybko sta\u0142 si\u0119 hitem w Polsce. Aktorzy opowiadali o wieloletniej przyja\u017ani i wsp\u00f3lnych projektach, jednak rozmowa szybko zesz\u0142a na bardziej osobiste tory.<\/p>\n\n\n\n<p>Anna Tatarska zapyta\u0142a Afflecka o jego pochodzenie, nawi\u0105zuj\u0105c do informacji kr\u0105\u017c\u0105cych w internecie. Aktor potwierdzi\u0142, \u017ce wykona\u0142 genealogiczny test, kt\u00f3ry doprowadzi\u0142 go a\u017c do Polski.<\/p>\n\n\n\n<ul class=\"wp-block-list\">\n<li>To prawda. Zrobi\u0142em kiedy\u015b genealogiczny test na jednej ze stron, sp\u0119dzi\u0142em nad nim kilka godzin i doszed\u0142em a\u017c do Polski &#8211; powiedzia\u0142. Na tym jednak nie poprzesta\u0142. &#8211; Lubi\u0119 przedstawia\u0107 si\u0119 jako Polak i b\u0119d\u0119 to robi\u0142 &#8211; doda\u0142 z u\u015bmiechem.<br>W dalszej cz\u0119\u015bci wywiadu Ben Affleck nie kry\u0142, \u017ce odkrywanie rodzinnych historii by\u0142o dla niego wyj\u0105tkowo fascynuj\u0105ce. &#8211; Fajne w tych testach jest to, \u017ce odkrywasz tylu przodk\u00f3w &#8211; podkre\u015bli\u0142.<\/li>\n<\/ul>\n\n\n\n<p>Nawi\u0105zanie do g\u0142o\u015bnej sprawy<br>Anna Tatarska pozwoli\u0142a sobie tak\u017ce na humorystyczny komentarz, nawi\u0105zuj\u0105c do bie\u017c\u0105cych wydarze\u0144 ze \u015bwiata polityki i show-biznesu. &#8211; Wiesz, teraz paszport z Unii Europejskiej to gor\u0105cy towar &#8211; zauwa\u017cy\u0142a, wspominaj\u0105c o sprawie Amal i George\u2019a Clooney\u00f3w, kt\u00f3rzy niedawno otrzymali francuskie obywatelstwo.<\/p>\n\n\n\n<p>W\u00f3wczas prezydent USA skrytykowa\u0142 hollywoodzkiego aktora, sugeruj\u0105c, \u017ce gwiazdy wykorzystuj\u0105 swoje wp\u0142ywy i status do zdobywania przywilej\u00f3w niedost\u0119pnych dla zwyk\u0142ych obywateli.<\/p>\n","protected":false},"excerpt":{"rendered":"Ben Affleck, jeden z najbardziej rozpoznawalnych aktor\u00f3w i re\u017cyser\u00f3w Hollywood, zdobywca Oscara i gwiazdor takich hit\u00f3w jak: &#8220;Buntownik z wyboru&#8221;, &#8220;Operacja Argo&#8221; czy \n<a class=\"moretag\" href=\"https:\/\/lifevery.biz.ua\/?p=422\"> [...]<\/a>","protected":false},"author":1,"featured_media":423,"comment_status":"open","ping_status":"open","sticky":false,"template":"","format":"standard","meta":{"footnotes":""},"categories":[1],"tags":[],"class_list":["post-422","post","type-post","status-publish","format-standard","has-post-thumbnail","hentry","category-blog"],"_links":{"self":[{"href":"https:\/\/lifevery.biz.ua\/index.php?rest_route=\/wp\/v2\/posts\/422","targetHints":{"allow":["GET"]}}],"collection":[{"href":"https:\/\/lifevery.biz.ua\/index.php?rest_route=\/wp\/v2\/posts"}],"about":[{"href":"https:\/\/lifevery.biz.ua\/index.php?rest_route=\/wp\/v2\/types\/post"}],"author":[{"embeddable":true,"href":"https:\/\/lifevery.biz.ua\/index.php?rest_route=\/wp\/v2\/users\/1"}],"replies":[{"embeddable":true,"href":"https:\/\/lifevery.biz.ua\/index.php?rest_route=%2Fwp%2Fv2%2Fcomments&post=422"}],"version-history":[{"count":1,"href":"https:\/\/lifevery.biz.ua\/index.php?rest_route=\/wp\/v2\/posts\/422\/revisions"}],"predecessor-version":[{"id":424,"href":"https:\/\/lifevery.biz.ua\/index.php?rest_route=\/wp\/v2\/posts\/422\/revisions\/424"}],"wp:featuredmedia":[{"embeddable":true,"href":"https:\/\/lifevery.biz.ua\/index.php?rest_route=\/wp\/v2\/media\/423"}],"wp:attachment":[{"href":"https:\/\/lifevery.biz.ua\/index.php?rest_route=%2Fwp%2Fv2%2Fmedia&parent=422"}],"wp:term":[{"taxonomy":"category","embeddable":true,"href":"https:\/\/lifevery.biz.ua\/index.php?rest_route=%2Fwp%2Fv2%2Fcategories&post=422"},{"taxonomy":"post_tag","embeddable":true,"href":"https:\/\/lifevery.biz.ua\/index.php?rest_route=%2Fwp%2Fv2%2Ftags&post=422"}],"curies":[{"name":"wp","href":"https:\/\/api.w.org\/{rel}","templated":true}]}}