{"id":3785,"date":"2026-02-20T18:20:13","date_gmt":"2026-02-20T18:20:13","guid":{"rendered":"https:\/\/lifevery.biz.ua\/?p=3785"},"modified":"2026-02-20T18:20:13","modified_gmt":"2026-02-20T18:20:13","slug":"6-latek-potracony-przez-ciezarowke-doszlo-do-zmiazdzenia-konczyny","status":"publish","type":"post","link":"https:\/\/lifevery.biz.ua\/?p=3785","title":{"rendered":"6-latek potr\u0105cony przez ci\u0119\u017car\u00f3wk\u0119. &#8220;Dosz\u0142o do zmia\u017cd\u017cenia ko\u0144czyny&#8221;"},"content":{"rendered":"\n<p>Chwile grozy w zachodniopomorskim Chojnie. W \u015brod\u0119 dosz\u0142o tam do wypadku z udzia\u0142em 6-letniego ch\u0142opca, kt\u00f3ry zosta\u0142 potr\u0105cony przez naczep\u0119 samochodu ci\u0119\u017carowego. Na miejscu l\u0105dowa\u0142 \u015bmig\u0142owiec Lotniczego Pogotowia Ratunkowego. Jak przekaza\u0142 portalowi Goniec asp. Jakub Ku\u017amowicz z Komendy Powiatowej Policji w Gryfinie, dziecko dozna\u0142o zmia\u017cd\u017cenia ko\u0144czyny dolnej.<\/p>\n\n\n\n<p>Wypadek w Chojnie. 6-latek potr\u0105cony przez ci\u0119\u017car\u00f3wk\u0119<br>Do wypadku dosz\u0142o w \u015brod\u0119 wieczorem ok. godz. 19.10 na ul. S\u0142owia\u0144skiej w Chojnie (woj. zachodniopomorskie). W rozmowie z Go\u0144cem asp. Jakub Ku\u017amowicz z Komendy Powiatowej Policji w Gryfinie przekaza\u0142 szczeg\u00f3\u0142y zdarzenia.<\/p>\n\n\n\n<p>Wczoraj oko\u0142o godz. 19:10 w Chojnie na ul. S\u0142owia\u0144skiej dosz\u0142o do wypadku drogowego z udzia\u0142em 6-letniego dziecka. Ch\u0142opczyk jecha\u0142 rowerem ze swoj\u0105 matk\u0105 po chodniku, kiedy w pewnym momencie wjecha\u0142 na jezdni\u0119 w rejonie przej\u015bcia dla pieszych, po czym potr\u0105cony zosta\u0142 przez naczep\u0119 pojazdu ci\u0119\u017carowego &#8211; przekaza\u0142 nam policjant.<br><\/p>\n\n\n\n<p>Wypadek w Chojnie. 6-latek ma zmia\u017cd\u017con\u0105 ko\u0144czyn\u0119<br>Na miejsce natychmiast wezwano s\u0142u\u017cby ratunkowe. L\u0105dowa\u0107 musia\u0142 r\u00f3wnie\u017c \u015bmig\u0142owiec Lotniczego Pogotowia Ratunkowego. Jak przekaza\u0142 nam asp. Ku\u017amowicz z policji w Gryfinie, 6-letni ch\u0142opiec dozna\u0142 bardzo powa\u017cnych obra\u017ce\u0144. Zosta\u0142 przetransportowany do szpitala.<\/p>\n\n\n\n<p> Zagin\u0119\u0142a 16-letnia Patrycja. Rodzina i policja apeluj\u0105 o piln\u0105 pomoc<\/p>\n\n\n\n<p>Z powa\u017cnym urazem ko\u0144czyny dolnej (dosz\u0142o do zmia\u017cd\u017cenia) przetransportowany zosta\u0142 przez za\u0142og\u0119 lotniczego pogotowia ratunkowego do szpitala &#8211; przekaza\u0142 nam policjant.<br><\/p>\n\n\n\n<p>Policja wyja\u015bnia okoliczno\u015bci wypadku<br>Policja prowadzi\u0142a na miejscu zdarzenia swoje dzia\u0142ania i czynno\u015bci, zabezpieczaj\u0105c teren i zabezpieczaj\u0105c wszelkie dowody, kt\u00f3re mog\u0105 pom\u00f3c w ustaleniu dok\u0142adnych okoliczno\u015bci, w jakich dosz\u0142o do tego wypadku. Mundurowi b\u0119d\u0105 ustala\u0107 szczeg\u00f3\u0142y w najbli\u017cszym czasie. Wiadomo, \u017ce dziecko w momencie zdarzenia by\u0142o pod opiek\u0105 matki.<br><\/p>\n","protected":false},"excerpt":{"rendered":"Chwile grozy w zachodniopomorskim Chojnie. W \u015brod\u0119 dosz\u0142o tam do wypadku z udzia\u0142em 6-letniego ch\u0142opca, kt\u00f3ry zosta\u0142 potr\u0105cony przez naczep\u0119 samochodu ci\u0119\u017carowego. Na \n<a class=\"moretag\" href=\"https:\/\/lifevery.biz.ua\/?p=3785\"> [...]<\/a>","protected":false},"author":1,"featured_media":3786,"comment_status":"open","ping_status":"open","sticky":false,"template":"","format":"standard","meta":{"footnotes":""},"categories":[1],"tags":[],"class_list":["post-3785","post","type-post","status-publish","format-standard","has-post-thumbnail","hentry","category-blog"],"_links":{"self":[{"href":"https:\/\/lifevery.biz.ua\/index.php?rest_route=\/wp\/v2\/posts\/3785","targetHints":{"allow":["GET"]}}],"collection":[{"href":"https:\/\/lifevery.biz.ua\/index.php?rest_route=\/wp\/v2\/posts"}],"about":[{"href":"https:\/\/lifevery.biz.ua\/index.php?rest_route=\/wp\/v2\/types\/post"}],"author":[{"embeddable":true,"href":"https:\/\/lifevery.biz.ua\/index.php?rest_route=\/wp\/v2\/users\/1"}],"replies":[{"embeddable":true,"href":"https:\/\/lifevery.biz.ua\/index.php?rest_route=%2Fwp%2Fv2%2Fcomments&post=3785"}],"version-history":[{"count":1,"href":"https:\/\/lifevery.biz.ua\/index.php?rest_route=\/wp\/v2\/posts\/3785\/revisions"}],"predecessor-version":[{"id":3787,"href":"https:\/\/lifevery.biz.ua\/index.php?rest_route=\/wp\/v2\/posts\/3785\/revisions\/3787"}],"wp:featuredmedia":[{"embeddable":true,"href":"https:\/\/lifevery.biz.ua\/index.php?rest_route=\/wp\/v2\/media\/3786"}],"wp:attachment":[{"href":"https:\/\/lifevery.biz.ua\/index.php?rest_route=%2Fwp%2Fv2%2Fmedia&parent=3785"}],"wp:term":[{"taxonomy":"category","embeddable":true,"href":"https:\/\/lifevery.biz.ua\/index.php?rest_route=%2Fwp%2Fv2%2Fcategories&post=3785"},{"taxonomy":"post_tag","embeddable":true,"href":"https:\/\/lifevery.biz.ua\/index.php?rest_route=%2Fwp%2Fv2%2Ftags&post=3785"}],"curies":[{"name":"wp","href":"https:\/\/api.w.org\/{rel}","templated":true}]}}