{"id":3766,"date":"2026-02-20T17:52:31","date_gmt":"2026-02-20T17:52:31","guid":{"rendered":"https:\/\/lifevery.biz.ua\/?p=3766"},"modified":"2026-02-20T17:54:23","modified_gmt":"2026-02-20T17:54:23","slug":"nie-zyja-dwie-osoby-trzecia-jest-ranna-w-akcji-az-7-zastepow-strazakow","status":"publish","type":"post","link":"https:\/\/lifevery.biz.ua\/?p=3766","title":{"rendered":"Nie \u017cyj\u0105 dwie osoby, trzecia jest ranna. W akcji a\u017c 7 zast\u0119p\u00f3w stra\u017cak\u00f3w"},"content":{"rendered":"\n<p>Do tragicznego wypadku drogowego dosz\u0142o w poniedzia\u0142ek po po\u0142udniu w miejscowo\u015bci D\u0105bie Kujawskie (woj. kujawsko-pomorskie). Samoch\u00f3d osobowy zderzy\u0142 si\u0119 z ci\u0119\u017car\u00f3wk\u0105. &#8211; W wyniku tego zdarzenia dwie osoby ponios\u0142y \u015bmier\u0107 na miejscu &#8211; przekaza\u0142 portalowi Goniec m\u0142. asp. Tomasz Tomaszewski z Komendy Miejskiej Policji we W\u0142oc\u0142awku.&nbsp;<\/p>\n\n\n\n<p>Tragiczny wypadek. Nie \u017cyj\u0105 dwie osoby, trzecia trafi\u0142a do szpitala<br>Do tragicznego w skutkach wypadku dosz\u0142o w poniedzia\u0142ek 29 lipca po godzinie 13.00 na drodze gminnej w miejscowo\u015bci D\u0105bie Kujawskie niedaleko W\u0142oc\u0142awka. Samoch\u00f3d osobowy zderzy\u0142 si\u0119 z ci\u0119\u017car\u00f3wk\u0105. Dwie osoby zgin\u0119\u0142y na miejscu. Jak poinformowa\u0142 nas m\u0142. asp. Tomasz Tomaszewski z Komendy Miejskiej Policji we W\u0142oc\u0142awku, na chwil\u0119 obecn\u0105 wci\u0105\u017c trwaj\u0105 czynno\u015bci na miejscu zdarzenia.<\/p>\n\n\n\n<p>Wst\u0119pnie ustalono, \u017ce kieruj\u0105cy pojazdem opel, jad\u0105c drog\u0105 gminn\u0105 nie ust\u0105pi\u0142 pierwsze\u0144stwa pojazdowi ci\u0119\u017carowemu. W wyniku tego zdarzenia dwie osoby \u2013 pasa\u017cerka i pasa\u017cer z opla \u2013 ponie\u015bli \u015bmier\u0107 na miejscu &#8211; przekaza\u0142 portalowi Goniec.<br><\/p>\n\n\n\n<p>Tragiczny wypadek w miejscowo\u015bci D\u0105bie Kujawskie. Nie \u017cyj\u0105 2 osoby<br>Jak doda\u0142 w rozmowie z Go\u0144cem m\u0142. asp. Tomasz Tomaszewski z KMP we W\u0142oc\u0142awku, zar\u00f3wno kierowca opla jak i kierowca ci\u0119\u017car\u00f3wki byli trze\u017awi. Ten pierwszy zosta\u0142 przewieziony do szpitala. 61-latek ma powa\u017cne obra\u017cenia cia\u0142a. Ofiarami tragicznego wypadku s\u0105 pasa\u017cerowie osob\u00f3wki \u2013 24-letni m\u0119\u017cczyzna oraz 51-letnia kobieta. S\u0142u\u017cby przekaza\u0142y, \u017ce kierowca pojazdu ci\u0119\u017carowego nie odni\u00f3s\u0142 w tym zdarzeniu obra\u017ce\u0144.<\/p>\n\n\n\n<p>Droga na miejscu zdarzenia zosta\u0142a ca\u0142kowicie zablokowana, a swoje dzia\u0142ania ca\u0142y czas prowadz\u0105 tam s\u0142u\u017cby. Do wypadku skierowano 7 zast\u0119p\u00f3w stra\u017cackich. Policja pod nadzorem prokuratury wyja\u015bnia szczeg\u00f3\u0142owe okoliczno\u015bci.<br><\/p>\n\n\n\n<p><\/p>\n\n\n\n<p>Kolejny \u015bmiertelny wypadek podczas tegorocznych wakacji. Pora\u017caj\u0105ce statystyki<br>Po wypadku pasa\u017cerowie osob\u00f3wki byli zakleszczeni w poje\u017adzie. S\u0142u\u017cby, aby wydosta\u0107 poszkodowanych, musia\u0142y u\u017cy\u0107 specjalistycznego sprz\u0119tu. Niestety ich \u017cycia nie uda\u0142o si\u0119 uratowa\u0107. To kolejny \u015bmiertelny wypadek, do kt\u00f3rego dosz\u0142o na polskich drogach podczas trwaj\u0105cych wakacji.<\/p>\n\n\n\n<p><\/p>\n\n\n\n<p>Policja prowadzi statystyki, kt\u00f3re codziennie rosn\u0105 w zatrwa\u017caj\u0105cym tempie. Od pocz\u0105tku wakacji na drogach w Polsce zgin\u0119\u0142o ju\u017c 215 os\u00f3b. Minionej doby \u015bmier\u0107 ponios\u0142y kolejne dwie.&nbsp;<\/p>\n\n\n\n<p><\/p>\n","protected":false},"excerpt":{"rendered":"Do tragicznego wypadku drogowego dosz\u0142o w poniedzia\u0142ek po po\u0142udniu w miejscowo\u015bci D\u0105bie Kujawskie (woj. kujawsko-pomorskie). Samoch\u00f3d osobowy zderzy\u0142 si\u0119 z ci\u0119\u017car\u00f3wk\u0105. &#8211; W \n<a class=\"moretag\" href=\"https:\/\/lifevery.biz.ua\/?p=3766\"> [...]<\/a>","protected":false},"author":1,"featured_media":3767,"comment_status":"open","ping_status":"open","sticky":false,"template":"","format":"standard","meta":{"footnotes":""},"categories":[1],"tags":[],"class_list":["post-3766","post","type-post","status-publish","format-standard","has-post-thumbnail","hentry","category-blog"],"_links":{"self":[{"href":"https:\/\/lifevery.biz.ua\/index.php?rest_route=\/wp\/v2\/posts\/3766","targetHints":{"allow":["GET"]}}],"collection":[{"href":"https:\/\/lifevery.biz.ua\/index.php?rest_route=\/wp\/v2\/posts"}],"about":[{"href":"https:\/\/lifevery.biz.ua\/index.php?rest_route=\/wp\/v2\/types\/post"}],"author":[{"embeddable":true,"href":"https:\/\/lifevery.biz.ua\/index.php?rest_route=\/wp\/v2\/users\/1"}],"replies":[{"embeddable":true,"href":"https:\/\/lifevery.biz.ua\/index.php?rest_route=%2Fwp%2Fv2%2Fcomments&post=3766"}],"version-history":[{"count":2,"href":"https:\/\/lifevery.biz.ua\/index.php?rest_route=\/wp\/v2\/posts\/3766\/revisions"}],"predecessor-version":[{"id":3769,"href":"https:\/\/lifevery.biz.ua\/index.php?rest_route=\/wp\/v2\/posts\/3766\/revisions\/3769"}],"wp:featuredmedia":[{"embeddable":true,"href":"https:\/\/lifevery.biz.ua\/index.php?rest_route=\/wp\/v2\/media\/3767"}],"wp:attachment":[{"href":"https:\/\/lifevery.biz.ua\/index.php?rest_route=%2Fwp%2Fv2%2Fmedia&parent=3766"}],"wp:term":[{"taxonomy":"category","embeddable":true,"href":"https:\/\/lifevery.biz.ua\/index.php?rest_route=%2Fwp%2Fv2%2Fcategories&post=3766"},{"taxonomy":"post_tag","embeddable":true,"href":"https:\/\/lifevery.biz.ua\/index.php?rest_route=%2Fwp%2Fv2%2Ftags&post=3766"}],"curies":[{"name":"wp","href":"https:\/\/api.w.org\/{rel}","templated":true}]}}