{"id":374,"date":"2026-01-18T20:40:09","date_gmt":"2026-01-18T20:40:09","guid":{"rendered":"https:\/\/lifevery.biz.ua\/?p=374"},"modified":"2026-01-18T20:40:09","modified_gmt":"2026-01-18T20:40:09","slug":"wladze-iranu-utopily-protesty-we-krwi-co-dalej","status":"publish","type":"post","link":"https:\/\/lifevery.biz.ua\/?p=374","title":{"rendered":"W\u0142adze Iranu utopi\u0142y protesty we krwi. Co dalej?"},"content":{"rendered":"\n<p>Co wi\u0119cej, protest &#8211; pocz\u0105tkowo o charakterze ekonomicznym &#8211; przerodzi\u0142 si\u0119 w atak na re\u017cim ajatollah\u00f3w, stawiaj\u0105c pod znakiem zapytania charakter pa\u0144stwa.<\/p>\n\n\n\n<p>Re\u017cim ira\u0144ski utopi\u0142 protesty we krwi. Pod os\u0142on\u0105 ciszy medialnej, mo\u017cliwej dzi\u0119ki niemal pe\u0142nej blokadzie internetu, z zag\u0142uszeniem transmisji Starlink\u00f3w w\u0142\u0105cznie, funkcjonariusze s\u0142u\u017cb bezpiecze\u0144stwa i cz\u0142onkowie prorz\u0105dowych milicji masowo otwierali ogie\u0144 do w wi\u0119kszo\u015bci nieuzbrojonych demonstrant\u00f3w w wielu miejscach Iranu. W masakrach udzia\u0142 brali funkcjonariusze Korpusu Stra\u017cnik\u00f3w Rewolucji, cz\u0142onkowie milicji Basid\u017c, a wed\u0142ug niepotwierdzonych informacji, tak\u017ce szyickich milicji z Iraku i Libanu.<\/p>\n\n\n\n<p>Co wi\u0119cej, protest &#8211;&nbsp;pocz\u0105tkowo o&nbsp;charakterze ekonomicznym &#8211;&nbsp;przerodzi\u0142 si\u0119 w&nbsp;atak na re\u017cim ajatollah\u00f3w, stawiaj\u0105c pod znakiem zapytania charakter pa\u0144stwa.<\/p>\n\n\n\n<p><strong>Re\u017cim ira\u0144ski utopi\u0142 protesty we krwi.<\/strong>\u00a0funkcjonariusze s\u0142u\u017cb bezpiecze\u0144stwa i\u00a0cz\u0142onkowie prorz\u0105dowych milicji masowo otwierali ogie\u0144 do w\u00a0wi\u0119kszo\u015bci nieuzbrojonych demonstrant\u00f3w w\u00a0wielu miejscach Iranu. W\u00a0masakrach udzia\u0142 brali funkcjonariusze Korpusu Stra\u017cnik\u00f3w Rewolucji, cz\u0142onkowie milicji Basid\u017c, a\u00a0wed\u0142ug niepotwierdzonych informacji, tak\u017ce szyickich milicji z\u00a0Iraku i\u00a0Libanu.<\/p>\n\n\n\n<p><a href=\"https:\/\/www.o2.pl\/kobieta\/prosty-trik-na-przechowywanie-swiatecznych-lampek-wystarczy-to-7241204372427841v\"><\/a><\/p>\n\n\n\n<h2 class=\"wp-block-heading\" id=\"title-7241204372427841\"><\/h2>\n\n\n\n<p>\u00a0wida\u0107 m\u0119\u017cczyzn w\u00a0cywilnych ubraniach, strzelaj\u0105cych do t\u0142um\u00f3w na ulicach, ale tak\u017ce z\u00a0budynk\u00f3w publicznych, przed kt\u00f3rymi gromadzili si\u0119 demonstranci.\u00a0<strong>S\u0105 te\u017c kr\u00f3tkie filmiki, pokazuj\u0105ce ludzi szukaj\u0105cych bliskich po\u015br\u00f3d rz\u0119d\u00f3w czarnych work\u00f3w ze zw\u0142okami zabitych.<\/strong><\/p>\n\n\n\n<p>Z&nbsp;kolei media prorz\u0105dowe pokaza\u0142y kondukty pogrzebowe cz\u0142onk\u00f3w si\u0142 bezpiecze\u0144stwa z&nbsp;t\u0142umami pod\u0105\u017caj\u0105cymi za trumnami okrytymi flagami Iranu. Powi\u0105zana z&nbsp;Korpusem Stra\u017cnik\u00f3w Rewolucji agencja Tasnim informowa\u0142a o&nbsp;&#8220;du\u017cej liczbie m\u0119czennik\u00f3w&#8221; w\u015br\u00f3d cz\u0142onk\u00f3w s\u0142u\u017cb bezpiecze\u0144stwa.<\/p>\n\n\n\n<p>Nigdy nie poznamy liczby ofiar<br>Dok\u0142adna liczba ofiar prawdopodobnie nigdy nie b\u0119dzie znana, zw\u0142aszcza \u017ce demonstracje by\u0142y krwawo t\u0142umione w dziesi\u0105tkach miast rozrzuconych po ca\u0142ym terytorium kraju. Szacunki liczbowe s\u0105 rozbie\u017cne w spos\u00f3b uniemo\u017cliwiaj\u0105cy nawet przybli\u017con\u0105 ocen\u0119 i wahaj\u0105 si\u0119 najcz\u0119\u015bciej od 2 tys. do 20 tys. zabitych. Nie jest tak\u017ce znana liczba rannych, kt\u00f3rych zapewne s\u0105 dziesi\u0105tki tys., ani aresztowanych.<\/p>\n\n\n\n<p>O skali prze\u015bladowa\u0144 \u015bwiadczy\u0107 mog\u0105 s\u0142owa Donalda Trumpa, kt\u00f3ry nie wyda\u0142 rozkazu ataku na re\u017cim ajatollah\u00f3w, t\u0142umacz\u0105c, \u017ce Teheran wstrzyma\u0142 egzekucj\u0119 800 demonstrant\u00f3w. Prezydent USA stwierdzi\u0142 tak\u017ce, \u017ce zaprzestano zabijania demonstrant\u00f3w, lecz ten argument jest o tyle mniej znacz\u0105cy, \u017ce w\u0142adze w Teheranie zd\u0105\u017cy\u0142y zastraszy\u0107 obywateli i powstrzyma\u0107 ich przed wychodzeniem na ulice.<\/p>\n\n\n\n<p>Tymczasowe zwyci\u0119stwo re\u017cimu<br>Cho\u0107 re\u017cim w Teheranie st\u0142umi\u0142 protesty, odsun\u0105\u0142 gro\u017ab\u0119 interwencji USA i ataku izraelskiego oraz zapewni\u0142 sobie przetrwanie, to nie rozwi\u0105za\u0142 problem\u00f3w stoj\u0105cych za obecnymi niepokojami. To z kolei oznacza, \u017ce jego zwyci\u0119stwo jest cz\u0119\u015bciowe, a mo\u017cliwe, \u017ce jedynie tymczasowe.<\/p>\n\n\n\n<p>W ostatnich dniach grudnia 2025 r. Ira\u0144czycy wyszli na ulice w prote\u015bcie przeciwko z\u0142emu zarz\u0105dzaniu gospodark\u0105, inflacji, za\u0142amaniu si\u0119 waluty i dro\u017cy\u017anie. Nie przypadkiem g\u0142\u00f3wn\u0105 si\u0142\u0105 stoj\u0105c\u0105 za pierwsz\u0105 fal\u0105 niezadowolenia stali cz\u0142onkowie wp\u0142ywowej grupy spo\u0142ecznej handlarzy.<\/p>\n\n\n\n<p>Nieskuteczne pr\u00f3by za\u0142agodzenia zadowolenia i nasilaj\u0105ce si\u0119 represje zmieni\u0142y charakter protest\u00f3w. Re\u017cim pocz\u0105tkowo odr\u00f3\u017cnia\u0142 zrozumia\u0142e protesty niezadowolonych obywateli od prowokacji sterowanych z zewn\u0105trz. Z czasem najwy\u017cszy przyw\u00f3dca Iranu &#8211; ajatollah Ali Chamenei &#8211; wprost zacz\u0105\u0142 m\u00f3wi\u0107 o terrorystach atakuj\u0105cych obywateli na ulicach. Wraz z odci\u0119ciem internetu oznacza\u0142o to pocz\u0105tek krwawej kampanii, kt\u00f3ra ostatecznie odstraszy\u0142a Ira\u0144czyk\u00f3w przed wychodzeniem z dom\u00f3w.<\/p>\n\n\n\n<p>W dalszym ci\u0105gu nie zosta\u0142y jednak rozwi\u0105zane problemy ekonomiczne, a re\u017cim kraju ob\u0142o\u017conego sankcjami, kt\u00f3ry znaczne \u015brodki przeznacza na wspieranie zagranicznych milicji, program nuklearny i rakietowy oraz nie potrafi sprawnie zarz\u0105dza\u0107 gospodark\u0105, znalaz\u0142 si\u0119 w bardzo trudnym po\u0142o\u017ceniu.<\/p>\n\n\n\n<p>Wsp\u00f3\u0142praca z Chinami, Rosj\u0105 i innymi krajami BRICS nie zast\u0105pi wsp\u00f3\u0142pracy z Zachodem, a zacie\u015bniane sankcje nak\u0142adane przez Waszyngton i c\u0142a, kt\u00f3rymi Trump grozi ka\u017cdemu, kto b\u0119dzie wspiera\u0142 Teheran, nie daj\u0105 perspektywy poprawy. Zmiana tej sytuacji wymaga\u0142aby od Teheranu podj\u0119cia negocjacji z Waszyngtonem domagaj\u0105cych si\u0119 m.in. rezygnacji z programu nuklearnego. Nie jest pewne, czy Republika Islamska gotowa jest t\u0119 cen\u0119 zap\u0142aci\u0107.<\/p>\n\n\n\n<p>Rosn\u0105ca popularno\u015b\u0107 Rezy Pahlawiego<br>Protesty wyra\u017anie poprawi\u0142y te\u017c pozycj\u0119 ksi\u0119cia Rezy Pahlawiego, syna ostatniego szacha Iranu, uwa\u017caj\u0105cego si\u0119 za nast\u0119pc\u0119 tronu i na sta\u0142e mieszkaj\u0105cego w Stanach Zjednoczonych.<\/p>\n\n\n\n<p>O ile w przesz\u0142o\u015bci jego posta\u0107 pojawia\u0142a si\u0119 jedynie na marginesie debat o przysz\u0142o\u015bci kraju, to podczas protest\u00f3w niejednokrotnie skandowano jego nazwisko. Przedstawiciele grup opozycyjnych, dzia\u0142aj\u0105cych na wygnaniu, przekonuj\u0105, \u017ce jego popularno\u015b\u0107 jest na tyle du\u017ca, aby powr\u00f3ci\u0107 na tron utracony prze ojca w wyniku Rewolucji Islamskiej w 1979 r. Reza Pahlawi kilkakrotnie wzywa\u0142 do koordynacji dzia\u0142a\u0144 protestuj\u0105cych i odni\u00f3s\u0142 w tym pewien sukces.<\/p>\n\n\n\n<p>Rych\u0142ego upadku re\u017cimu ajatollah\u00f3w nie b\u0119dzie<br>Rozlew krwi czy g\u0142osy przedstawicieli ira\u0144skiej diaspory nie oznaczaj\u0105 jednak rych\u0142ego upadku re\u017cimu ajatollah\u00f3w, kt\u00f3ry posiada niezwykle rozbudowany, sprawny i bezwzgl\u0119dny aparat represji. Nie mo\u017cna nie zauwa\u017cy\u0107 tak\u017ce poparcia milion\u00f3w obywateli, w\u015br\u00f3d kt\u00f3rych s\u0105 zar\u00f3wno tacy, kt\u00f3rzy dobrze \u017cyj\u0105 dzi\u0119ki przywilejom czerpanym z lojalno\u015bci wobec w\u0142adzy, ale tak\u017ce wierz\u0105cym w religijne przes\u0142anie teokratycznej w\u0142adze odwo\u0142uj\u0105cej si\u0119 do tradycji rewolucji islamskiej.<\/p>\n\n\n\n<p>Kraje regionu, od Zatoki Perskiej po Izrael, tak\u017ce obawiaj\u0105 si\u0119 gwa\u0142townego upadku re\u017cimu w Iranie, kt\u00f3ry m\u00f3g\u0142by pogr\u0105\u017cy\u0107 ten du\u017cy, ale r\u00f3wnie\u017c uzbrojony po z\u0119by kraj w chaosie, czy wr\u0119cz w wojnie domowej. Co wi\u0119cej, nie oznacza\u0142oby to, \u017ce miejsce obecnych w\u0142adz zaj\u0119liby otwarci na \u015bwiat demokraci, a rz\u0105d m\u00f3g\u0142by przej\u015b\u0107 w r\u0119ce jeszcze wi\u0119kszych radyka\u0142\u00f3w. Scenariusz upadku obecnej w\u0142adzy oznacza\u0142by r\u00f3wnie\u017c os\u0142abienie wsparcia dla Hezbollahu w Libanie, Hutich w Jemenie, czy szyickich milicji w Iraku, a to r\u00f3wnie\u017c nios\u0142oby ze sob\u0105 r\u00f3wnie wiele szans, co ryzyk.<\/p>\n\n\n\n<p>W zwi\u0105zku z tym kraje regionu wyra\u017caj\u0105 zaniepokojenie \u015bmierci\u0105 setek, a mo\u017ce tysi\u0119cy demonstrant\u00f3w, lecz nie zrobi\u0105 niczego, aby im otwarcie pom\u00f3c, zw\u0142aszcza \u017ce ingerencja zewn\u0119trzna, zw\u0142aszcza Izraela, zosta\u0142aby wykorzystana przez re\u017cim do skonsolidowania w\u0142adzy wok\u00f3\u0142 walki z wrogiem zewn\u0119trznym. Powoduje to, \u017ce najch\u0119tniej widzianym scenariuszem jest os\u0142abienie re\u017cimu ajatollah\u00f3w, sk\u0142onienie go do ust\u0119pstw i powolne zmiany, nawet kosztem ignorowania cierpie\u0144 i represji obywateli, zamiast gwa\u0142townej rewolucji o trudnych do przewidzenia nast\u0119pstwach.<\/p>\n\n\n\n<p>Dla Wirtualnej Polski Jaros\u0142aw Kociszewski<\/p>\n\n\n\n<p>Jaros\u0142aw Kociszewski &#8211; reporter zajmuj\u0105cy si\u0119 tematyk\u0105 mi\u0119dzynarodow\u0105. Wieloletni korespondent na Bliskim Wschodzie. Prowadzi\u0142 audycje o tematyce mi\u0119dzynarodowej w Polskim Radiu. W przesz\u0142o\u015bci zwi\u0105zany z &#8220;Rzeczpospolit\u0105&#8221;, &#8220;\u017byciem Warszawy&#8221;. Politolog wykszta\u0142cony na Uniwersytecie w Tel-Awiwie i Uniwersytecie Hebrajskim w Jerozolimie. Uwielbia je\u017adzi\u0107 i opowiada\u0107 o \u015bwiecie, ze szczeg\u00f3lnym naciskiem na Bliski Wsch\u00f3d i Afryk\u0119. Wsp\u00f3\u0142pracuje z Magazynem Wirtualnej Polski.<\/p>\n","protected":false},"excerpt":{"rendered":"Co wi\u0119cej, protest &#8211; pocz\u0105tkowo o charakterze ekonomicznym &#8211; przerodzi\u0142 si\u0119 w atak na re\u017cim ajatollah\u00f3w, stawiaj\u0105c pod znakiem zapytania charakter pa\u0144stwa. Re\u017cim \n<a class=\"moretag\" href=\"https:\/\/lifevery.biz.ua\/?p=374\"> [...]<\/a>","protected":false},"author":1,"featured_media":375,"comment_status":"open","ping_status":"open","sticky":false,"template":"","format":"standard","meta":{"footnotes":""},"categories":[1],"tags":[],"class_list":["post-374","post","type-post","status-publish","format-standard","has-post-thumbnail","hentry","category-blog"],"_links":{"self":[{"href":"https:\/\/lifevery.biz.ua\/index.php?rest_route=\/wp\/v2\/posts\/374","targetHints":{"allow":["GET"]}}],"collection":[{"href":"https:\/\/lifevery.biz.ua\/index.php?rest_route=\/wp\/v2\/posts"}],"about":[{"href":"https:\/\/lifevery.biz.ua\/index.php?rest_route=\/wp\/v2\/types\/post"}],"author":[{"embeddable":true,"href":"https:\/\/lifevery.biz.ua\/index.php?rest_route=\/wp\/v2\/users\/1"}],"replies":[{"embeddable":true,"href":"https:\/\/lifevery.biz.ua\/index.php?rest_route=%2Fwp%2Fv2%2Fcomments&post=374"}],"version-history":[{"count":1,"href":"https:\/\/lifevery.biz.ua\/index.php?rest_route=\/wp\/v2\/posts\/374\/revisions"}],"predecessor-version":[{"id":376,"href":"https:\/\/lifevery.biz.ua\/index.php?rest_route=\/wp\/v2\/posts\/374\/revisions\/376"}],"wp:featuredmedia":[{"embeddable":true,"href":"https:\/\/lifevery.biz.ua\/index.php?rest_route=\/wp\/v2\/media\/375"}],"wp:attachment":[{"href":"https:\/\/lifevery.biz.ua\/index.php?rest_route=%2Fwp%2Fv2%2Fmedia&parent=374"}],"wp:term":[{"taxonomy":"category","embeddable":true,"href":"https:\/\/lifevery.biz.ua\/index.php?rest_route=%2Fwp%2Fv2%2Fcategories&post=374"},{"taxonomy":"post_tag","embeddable":true,"href":"https:\/\/lifevery.biz.ua\/index.php?rest_route=%2Fwp%2Fv2%2Ftags&post=374"}],"curies":[{"name":"wp","href":"https:\/\/api.w.org\/{rel}","templated":true}]}}