{"id":362,"date":"2026-01-18T18:24:38","date_gmt":"2026-01-18T18:24:38","guid":{"rendered":"https:\/\/lifevery.biz.ua\/?p=362"},"modified":"2026-01-18T18:24:38","modified_gmt":"2026-01-18T18:24:38","slug":"byla-w-ciazy-gdy-umarl-oto-co-uslyszala-od-niemena-przed-smiercia","status":"publish","type":"post","link":"https:\/\/lifevery.biz.ua\/?p=362","title":{"rendered":"By\u0142a w ci\u0105\u017cy, gdy umar\u0142. Oto co us\u0142ysza\u0142a od Niemena przed \u015bmierci\u0105"},"content":{"rendered":"\n<p>W tym artykule:<\/p>\n\n\n\n<p>\u015amier\u0107 ojca wstrz\u0105sn\u0119\u0142a Natali\u0105 Niemen<br>Tak Niemen wspomina ojca<br>Natalia Niemen, podobnie jak jej legendarny ojciec, zwi\u0105za\u0142a swoje \u017cycie zawodowe z muzyk\u0105. Cho\u0107 rzadko otwarcie m\u00f3wi o Czes\u0142awie Niemenie, w tym roku postanowi\u0142a zrobi\u0107 wyj\u0105tek. 17 stycznia 2026 roku, w dniu kolejnej rocznicy \u015bmierci artysty, Natalia podzieli\u0142a si\u0119 w sieci osobistymi wspomnieniami. \u015amier\u0107 ojca by\u0142a dla niej ogromnym wstrz\u0105sem. By\u0142a wtedy w ci\u0105\u017cy, a rado\u015b\u0107 oczekiwania na dziecko miesza\u0142a si\u0119 z niewyobra\u017calnym b\u00f3lem po stracie najbli\u017cszej osoby.<\/p>\n\n\n\n<p>Nazwisko Niemen przeszkadza jej w \u017cyciu. Nie jest w stanie wy\u017cy\u0107 z tego co zostawi\u0142 jej ojciec<\/p>\n\n\n\n<p>W tym artykule:<\/p>\n\n\n\n<p>\u015amier\u0107 ojca wstrz\u0105sn\u0119\u0142a Natali\u0105 Niemen<br>Tak Niemen wspomina ojca<br>Natalia Niemen, podobnie jak jej legendarny ojciec, zwi\u0105za\u0142a swoje \u017cycie zawodowe z muzyk\u0105. Cho\u0107 rzadko otwarcie m\u00f3wi o Czes\u0142awie Niemenie, w tym roku postanowi\u0142a zrobi\u0107 wyj\u0105tek. 17 stycznia 2026 roku, w dniu kolejnej rocznicy \u015bmierci artysty, Natalia podzieli\u0142a si\u0119 w sieci osobistymi wspomnieniami. \u015amier\u0107 ojca by\u0142a dla niej ogromnym wstrz\u0105sem. By\u0142a wtedy w ci\u0105\u017cy, a rado\u015b\u0107 oczekiwania na dziecko miesza\u0142a si\u0119 z niewyobra\u017calnym b\u00f3lem po stracie najbli\u017cszej osoby.<\/p>\n\n\n\n<p>Nazwisko Niemen przeszkadza jej w \u017cyciu. Nie jest w stanie wy\u017cy\u0107 z tego co zostawi\u0142 jej ojciec<\/p>\n\n\n\n<p>\u015amier\u0107 ojca wstrz\u0105sn\u0119\u0142a Natali\u0105 Niemen<br>Natalia Niemen w szczerym wpisie na Instagramie wspomnia\u0142a jedn\u0105 z najtrudniejszych nocy w swoim \u017cyciu \u2013 moment, kiedy odszed\u0142 jej ojciec, Czes\u0142aw Niemen.<\/p>\n\n\n\n<p>&#8220;22 lata temu. Ok. godz. 20. Na mojego tat\u0119 przyszed\u0142 czas, by zmieni\u0142 miejsce bytowania na inny wymiar. Noc z 17 na 18.01. 2004 by\u0142a jedn\u0105 z najstraszniejszych dla mnie i dla mojego pierwszego dziecka, synka Bronusia. Wy\u0142am z rozpaczy, \u017ce ojciec odszed\u0142, a w brzuchu r\u00f3s\u0142 Bronek. Nie poradzi\u0142am sobie z tym wszystkim kompletnie&#8221; &#8211; napisa\u0142a.<\/p>\n\n\n\n<p>Artystka podkre\u015bli\u0142a, jak ogromny kontrast stanowi\u0142y w\u00f3wczas jej emocje. Z jednej strony rado\u015b\u0107 i ekscytacja zwi\u0105zana z oczekiwaniem na pierwsze dziecko, z drugiej \u2013 niewyobra\u017calny b\u00f3l po stracie najbli\u017cszej osoby.<\/p>\n\n\n\n<p>&#8220;To by\u0142o okropne: chcie\u0107 si\u0119 cieszy\u0107 upragnionym macierzy\u0144stwem, a do\u015bwiadczy\u0107 totalnie poza tob\u0105, rozprucia tych marze\u0144, bo oto niespodziewanie umiera rodzic. Ojciec c\u00f3rki. Ojciec to energia ska\u0142y i posta\u0107 kluczowa dla c\u00f3rki&#8221; &#8211; doda\u0142a.<\/p>\n\n\n\n<p>W tym artykule:<\/p>\n\n\n\n<p>\u015amier\u0107 ojca wstrz\u0105sn\u0119\u0142a Natali\u0105 Niemen<br>Tak Niemen wspomina ojca<br>Natalia Niemen, podobnie jak jej legendarny ojciec, zwi\u0105za\u0142a swoje \u017cycie zawodowe z muzyk\u0105. Cho\u0107 rzadko otwarcie m\u00f3wi o Czes\u0142awie Niemenie, w tym roku postanowi\u0142a zrobi\u0107 wyj\u0105tek. 17 stycznia 2026 roku, w dniu kolejnej rocznicy \u015bmierci artysty, Natalia podzieli\u0142a si\u0119 w sieci osobistymi wspomnieniami. \u015amier\u0107 ojca by\u0142a dla niej ogromnym wstrz\u0105sem. By\u0142a wtedy w ci\u0105\u017cy, a rado\u015b\u0107 oczekiwania na dziecko miesza\u0142a si\u0119 z niewyobra\u017calnym b\u00f3lem po stracie najbli\u017cszej osoby.<\/p>\n\n\n\n<p>Nazwisko Niemen przeszkadza jej w \u017cyciu. Nie jest w stanie wy\u017cy\u0107 z tego co zostawi\u0142 jej ojciec<\/p>\n\n\n\n<p>\u015amier\u0107 ojca wstrz\u0105sn\u0119\u0142a Natali\u0105 Niemen<br>Natalia Niemen w szczerym wpisie na Instagramie wspomnia\u0142a jedn\u0105 z najtrudniejszych nocy w swoim \u017cyciu \u2013 moment, kiedy odszed\u0142 jej ojciec, Czes\u0142aw Niemen.<\/p>\n\n\n\n<p>&#8220;22 lata temu. Ok. godz. 20. Na mojego tat\u0119 przyszed\u0142 czas, by zmieni\u0142 miejsce bytowania na inny wymiar. Noc z 17 na 18.01. 2004 by\u0142a jedn\u0105 z najstraszniejszych dla mnie i dla mojego pierwszego dziecka, synka Bronusia. Wy\u0142am z rozpaczy, \u017ce ojciec odszed\u0142, a w brzuchu r\u00f3s\u0142 Bronek. Nie poradzi\u0142am sobie z tym wszystkim kompletnie&#8221; &#8211; napisa\u0142a.<\/p>\n\n\n\n<p>Artystka podkre\u015bli\u0142a, jak ogromny kontrast stanowi\u0142y w\u00f3wczas jej emocje. Z jednej strony rado\u015b\u0107 i ekscytacja zwi\u0105zana z oczekiwaniem na pierwsze dziecko, z drugiej \u2013 niewyobra\u017calny b\u00f3l po stracie najbli\u017cszej osoby.<\/p>\n\n\n\n<p><\/p>\n","protected":false},"excerpt":{"rendered":"W tym artykule: \u015amier\u0107 ojca wstrz\u0105sn\u0119\u0142a Natali\u0105 NiemenTak Niemen wspomina ojcaNatalia Niemen, podobnie jak jej legendarny ojciec, zwi\u0105za\u0142a swoje \u017cycie zawodowe z muzyk\u0105. \n<a class=\"moretag\" href=\"https:\/\/lifevery.biz.ua\/?p=362\"> [...]<\/a>","protected":false},"author":1,"featured_media":363,"comment_status":"open","ping_status":"open","sticky":false,"template":"","format":"standard","meta":{"footnotes":""},"categories":[1],"tags":[],"class_list":["post-362","post","type-post","status-publish","format-standard","has-post-thumbnail","hentry","category-blog"],"_links":{"self":[{"href":"https:\/\/lifevery.biz.ua\/index.php?rest_route=\/wp\/v2\/posts\/362","targetHints":{"allow":["GET"]}}],"collection":[{"href":"https:\/\/lifevery.biz.ua\/index.php?rest_route=\/wp\/v2\/posts"}],"about":[{"href":"https:\/\/lifevery.biz.ua\/index.php?rest_route=\/wp\/v2\/types\/post"}],"author":[{"embeddable":true,"href":"https:\/\/lifevery.biz.ua\/index.php?rest_route=\/wp\/v2\/users\/1"}],"replies":[{"embeddable":true,"href":"https:\/\/lifevery.biz.ua\/index.php?rest_route=%2Fwp%2Fv2%2Fcomments&post=362"}],"version-history":[{"count":1,"href":"https:\/\/lifevery.biz.ua\/index.php?rest_route=\/wp\/v2\/posts\/362\/revisions"}],"predecessor-version":[{"id":364,"href":"https:\/\/lifevery.biz.ua\/index.php?rest_route=\/wp\/v2\/posts\/362\/revisions\/364"}],"wp:featuredmedia":[{"embeddable":true,"href":"https:\/\/lifevery.biz.ua\/index.php?rest_route=\/wp\/v2\/media\/363"}],"wp:attachment":[{"href":"https:\/\/lifevery.biz.ua\/index.php?rest_route=%2Fwp%2Fv2%2Fmedia&parent=362"}],"wp:term":[{"taxonomy":"category","embeddable":true,"href":"https:\/\/lifevery.biz.ua\/index.php?rest_route=%2Fwp%2Fv2%2Fcategories&post=362"},{"taxonomy":"post_tag","embeddable":true,"href":"https:\/\/lifevery.biz.ua\/index.php?rest_route=%2Fwp%2Fv2%2Ftags&post=362"}],"curies":[{"name":"wp","href":"https:\/\/api.w.org\/{rel}","templated":true}]}}