{"id":3507,"date":"2026-02-18T09:19:00","date_gmt":"2026-02-18T09:19:00","guid":{"rendered":"https:\/\/lifevery.biz.ua\/?p=3507"},"modified":"2026-02-18T09:19:00","modified_gmt":"2026-02-18T09:19:00","slug":"zmarl-po-dlugiej-i-ciezkiej-chorobie-nie-zyje-polski-dziennikarz","status":"publish","type":"post","link":"https:\/\/lifevery.biz.ua\/?p=3507","title":{"rendered":"&#8220;Zmar\u0142 po d\u0142ugiej i ci\u0119\u017ckiej chorobie&#8221;. Nie \u017cyje polski dziennikarz"},"content":{"rendered":"\n<p>Nie \u017cyje znany dziennikarz sportowy Bartosz Kustra, kt\u00f3ry od lat zwi\u0105zany by\u0142 z redakcj\u0105 Polskiego Radia PiK. Od 4 lat zmaga\u0142 si\u0119 ze \u015bmierteln\u0105 chorob\u0105. Odszed\u0142 w wieku zaledwie 42-lat.<\/p>\n\n\n\n<p>Nie \u017cyje znany dziennikarz Bartosz Kustra<br>Bartosz Kustra urodzi\u0142 si\u0119 28 maja 1982 r. By\u0142 absolwentem IV Liceum Og\u00f3lnokszta\u0142c\u0105cego w Bydgoszczy i politologii na Uniwersytecie Kazimierza Wielkiego. W 2001 roku zwi\u0105za\u0142 swoj\u0105 karier\u0119 dziennikarsk\u0105 z Polskim Radiem PiK. Uznany redaktor przez lata prowadzi\u0142 relacje z mecz\u00f3w \u017cu\u017clowych, pi\u0142karskich, siatkarskich czy koszykarskich.&nbsp;<\/p>\n\n\n\n<p>W 2019 roku otrzyma\u0142 nagrod\u0119 Marsza\u0142ka Wojew\u00f3dztwa Kujawsko-Pomorskiego za \u201ewybitn\u0105 dzia\u0142alno\u015b\u0107 sportow\u0105 i promocj\u0119 regionu\u201d. Jego karier\u0119 przerwa\u0142 nowotw\u00f3r m\u00f3zgu, z kt\u00f3rym zmaga\u0142 si\u0119 od grudnia 2020 roku. Po niespe\u0142na 4 latach walki z chorob\u0105 niestety odszed\u0142. Mia\u0142 42 lata.<\/p>\n\n\n\n<p>Bartosz Kustra walczy\u0142 ze \u015bmierteln\u0105 chorob\u0105<br>Nied\u0142ugo po wykryciu nowotworu Bartosz Kustra przeszed\u0142 powa\u017cn\u0105 operacj\u0119, a p\u00f3\u017aniej potrzebowa\u0142 d\u0142ugiej rehabilitacji. W serwisie pomagam pojawi\u0142a si\u0119 zbi\u00f3rka na leczenie dziennikarza. \u201cU Bartka zdiagnozowano nowotw\u00f3r m\u00f3zgu, jest po cz\u0119\u015bciowej resekcji, bo pe\u0142na grozi\u0142a uszkodzeniem wzroku. Od stycznia 2021 roku jest przykuty do \u0142\u00f3\u017cka\u201d &#8211; napisa\u0142 w opisie zbi\u00f3rki ojciec dziennikarza, Grzegorz Kustra.&nbsp;<\/p>\n\n\n\n<p>Razem z \u017con\u0105 jeste\u015bmy emerytami. Nie sta\u0107 nas na pe\u0142n\u0105 rehabilitacj\u0119 neurologiczn\u0105. Od miesi\u0105ca tego zabiegu dokonuje specjalista neurofizjoterapeuta. Powoli s\u0105 widoczne efekty jego pracy. Czas takiej rehabilitacji mo\u017ce wynie\u015b\u0107 8-10 miesi\u0119cy. Sami opiekujemy si\u0119 synem przy pomocy c\u00f3rki &#8211; doda\u0142 w apelu o wsparcie.<br><\/p>\n\n\n\n<p>Radio PiK po\u017cegna\u0142o swojego dziennikarza<br>Zobacz: \u015amier\u0107 Magdaleny \u017buk. Prokuratura podj\u0119\u0142a nag\u0142\u0105 decyzj\u0119&nbsp;<\/p>\n\n\n\n<p>W pi\u0105tek, 4 pa\u017adziernika Polskiego Radio PiK przekaza\u0142o smutn\u0105 informacj\u0119 o \u015bmierci Bartosza Kustry.<\/p>\n\n\n\n<p>Po d\u0142ugiej i ci\u0119\u017ckiej chorobie zmar\u0142 Bartosz Kustra, dziennikarz Polskiego Radia PiK, nasz przyjaciel i kolega. By\u0142 sprawozdawc\u0105 i dziennikarzem sportowym, kt\u00f3ry pracy w radiu po\u015bwi\u0119ci\u0142 swoje \u017cycie. Sport by\u0142 jego pasj\u0105\u2026 \u017begnaj, Bartek\u2026&#8221; \u2014 napisano w komunikacie.<br><\/p>\n\n\n\n<p>\u015amier\u0107 dziennikarza wywo\u0142a\u0142a ogromne poruszenie w\u015br\u00f3d koleg\u00f3w i s\u0142uchaczy dziennikarza, kt\u00f3rzy zamie\u015bcili wyrazy ubolewania w mediach spo\u0142eczno\u015bciowych.<\/p>\n\n\n\n<p>Bartku, mia\u0142em przyjemno\u015b\u0107 pracowa\u0107 z Tob\u0105, i wys\u0142a\u0107 Ciebie na Twoja pierwsza relacj\u0119 radiow\u0105 z meczu Astorii. Kocha\u0142e\u015b radio i radio kocha\u0142o Ciebie &#8211; napisa\u0142 Tomasz S\u0142awi\u0144ski, dziennikarz sportowy Radia PiK.<\/p>\n\n\n\n<p>Wyrazy najg\u0142\u0119bszego wsp\u00f3\u0142czucia od ca\u0142ej spo\u0142eczno\u015bci Anwil W\u0142oc\u0142awek. Zapami\u0119tamy Ci\u0119 z po\u0142\u0105czenia zawodowego profesjonalizmu i ludzkiej \u017cyczliwo\u015bci na poziomie nieosi\u0105galnym dla wi\u0119kszo\u015bci z nas\u2026 &#8211; podkre\u015bli\u0142 prezes klubu Anwil W\u0142oc\u0142awek \u0141ukasz Pszcz\u00f3\u0142kowski.<br><\/p>\n","protected":false},"excerpt":{"rendered":"Nie \u017cyje znany dziennikarz sportowy Bartosz Kustra, kt\u00f3ry od lat zwi\u0105zany by\u0142 z redakcj\u0105 Polskiego Radia PiK. Od 4 lat zmaga\u0142 si\u0119 ze \n<a class=\"moretag\" href=\"https:\/\/lifevery.biz.ua\/?p=3507\"> [...]<\/a>","protected":false},"author":1,"featured_media":3508,"comment_status":"open","ping_status":"open","sticky":false,"template":"","format":"standard","meta":{"footnotes":""},"categories":[1],"tags":[],"class_list":["post-3507","post","type-post","status-publish","format-standard","has-post-thumbnail","hentry","category-blog"],"_links":{"self":[{"href":"https:\/\/lifevery.biz.ua\/index.php?rest_route=\/wp\/v2\/posts\/3507","targetHints":{"allow":["GET"]}}],"collection":[{"href":"https:\/\/lifevery.biz.ua\/index.php?rest_route=\/wp\/v2\/posts"}],"about":[{"href":"https:\/\/lifevery.biz.ua\/index.php?rest_route=\/wp\/v2\/types\/post"}],"author":[{"embeddable":true,"href":"https:\/\/lifevery.biz.ua\/index.php?rest_route=\/wp\/v2\/users\/1"}],"replies":[{"embeddable":true,"href":"https:\/\/lifevery.biz.ua\/index.php?rest_route=%2Fwp%2Fv2%2Fcomments&post=3507"}],"version-history":[{"count":1,"href":"https:\/\/lifevery.biz.ua\/index.php?rest_route=\/wp\/v2\/posts\/3507\/revisions"}],"predecessor-version":[{"id":3509,"href":"https:\/\/lifevery.biz.ua\/index.php?rest_route=\/wp\/v2\/posts\/3507\/revisions\/3509"}],"wp:featuredmedia":[{"embeddable":true,"href":"https:\/\/lifevery.biz.ua\/index.php?rest_route=\/wp\/v2\/media\/3508"}],"wp:attachment":[{"href":"https:\/\/lifevery.biz.ua\/index.php?rest_route=%2Fwp%2Fv2%2Fmedia&parent=3507"}],"wp:term":[{"taxonomy":"category","embeddable":true,"href":"https:\/\/lifevery.biz.ua\/index.php?rest_route=%2Fwp%2Fv2%2Fcategories&post=3507"},{"taxonomy":"post_tag","embeddable":true,"href":"https:\/\/lifevery.biz.ua\/index.php?rest_route=%2Fwp%2Fv2%2Ftags&post=3507"}],"curies":[{"name":"wp","href":"https:\/\/api.w.org\/{rel}","templated":true}]}}