{"id":334,"date":"2026-01-18T11:17:40","date_gmt":"2026-01-18T11:17:40","guid":{"rendered":"https:\/\/lifevery.biz.ua\/?p=334"},"modified":"2026-01-18T11:17:40","modified_gmt":"2026-01-18T11:17:40","slug":"dramatyczne-zderzenie-na-dolnym-slasku-wielu-rannych-w-ciezkim-stanie","status":"publish","type":"post","link":"https:\/\/lifevery.biz.ua\/?p=334","title":{"rendered":"Dramatyczne zderzenie na Dolnym \u015al\u0105sku. Wielu rannych w ci\u0119\u017ckim stanie"},"content":{"rendered":"\n<h2 class=\"wp-block-heading\">W skr\u00f3cie<\/h2>\n\n\n\n<ul class=\"wp-block-list\">\n<li>Osiem os\u00f3b zosta\u0142o rannych w zderzeniu dw\u00f3ch samochod\u00f3w na drodze krajowej nr 5 w okolicach Radomierza na Dolnym \u015al\u0105sku.<\/li>\n\n\n\n<li>Kilka os\u00f3b jest w stanie ci\u0119\u017ckim, a poszkodowani zostali przetransportowani do szpitala w Jeleniej G\u00f3rze.<\/li>\n\n\n\n<li>Na miejscu s\u0105 s\u0142u\u017cby ratunkowe i policja, a utrudnienia w ruchu mog\u0105 potrwa\u0107 kilka godzin.<\/li>\n\n\n\n<li>Wi\u0119cej wa\u017cnych informacji znajdziesz na\u00a0<a href=\"https:\/\/www.interia.pl\/#utm_source=wydarzenia&amp;utm_medium=bullet&amp;utm_campaign=powrot_z_wew&amp;iwa_source=bullet\" target=\"_blank\" rel=\"noreferrer noopener\">stronie g\u0142\u00f3wnej Interii<\/a><\/li>\n<\/ul>\n\n\n\n<p>Do wypadku z udzia\u0142em&nbsp;<strong>dw\u00f3ch aut osobowych<\/strong>&nbsp;dosz\u0142o przed ok. godz. 8.20 na drodze krajowej nr 5 w okolicach miejscowo\u015bci Radomierz (woj. dolno\u015bl\u0105skie), pomi\u0119dzy Bolkowem a Jeleni\u0105 G\u00f3ra.<\/p>\n\n\n\n<p>&#8220;W wypadku&nbsp;<strong>poszkodowanych zosta\u0142o osiem os\u00f3b<\/strong>&#8221; &#8211; przekaza\u0142a Interii podinsp. Edyta Bagrowska z Komendy Miejskiej Policji w Jeleniej G\u00f3rze. Wed\u0142ug lokalnego serwisu eluban poszkodowani odnie\u015bli&nbsp;<strong>bardzo powa\u017cne obra\u017cenia<\/strong>&nbsp;&#8211; kilka z nich&nbsp;<strong>jest w stanie ci\u0119\u017ckim.<\/strong><\/p>\n\n\n\n<p>Na miejscu zdarzenia pojawi\u0142y cztery zespo\u0142y ratownicze. Ze wzgl\u0119du na ci\u0119\u017cki stan poszkodowanych podj\u0119to decyzj\u0119 o ich natychmiastowym przewiezieniu do szpitala w Jeleniej G\u00f3rze.<\/p>\n\n\n\n<p>Dolny \u015al\u0105sk. Powa\u017cny wypadek na DK5<br>Na miejscu zdarzenia obecni s\u0105 policjanci, kt\u00f3rzy zabezpieczaj\u0105 \u015blady, a nast\u0119pnie b\u0119d\u0105 pr\u00f3bowali ustali\u0107 okoliczno\u015bci wypadku.<\/p>\n\n\n\n<p>&#8220;Ze wst\u0119pnych ustale\u0144 policjant\u00f3w wynika, \u017ce 33-letni mieszkaniec powiatu wroc\u0142awskiego, kieruj\u0105cy samochodem marki Alfa Romeo w kierunku Wroc\u0142awia, najprawdopodobniej podczas manewru wyprzedzania straci\u0142 panowanie nad pojazdem. Auto wpad\u0142o w po\u015blizg, obr\u00f3ci\u0142o si\u0119 i ty\u0142em zderzy\u0142o z samochodem marki Citro\u00ebn, kt\u00f3rym podr\u00f3\u017cowa\u0142o 6 pasa\u017cer\u00f3w &#8211; obcokrajowc\u00f3w&#8221; &#8211; przekaza\u0142a w komunikacie jeleniog\u00f3rska policja.<\/p>\n\n\n\n<p>Na drodze wyst\u0119puj\u0105 znacz\u0105ce utrudnienia. Zablokowany jest jeden pas w kierunku Wroc\u0142awia i jeden pas w kierunku Jeleniej G\u00f3ry. Ruch w stron\u0119 Wroc\u0142awia odbywa si\u0119 skrajnym prawym pasem. Utrudnienia w miejscu zdarzenia mog\u0105 potrwa\u0107 jeszcze kilka godzin.<\/p>\n","protected":false},"excerpt":{"rendered":"W skr\u00f3cie Do wypadku z udzia\u0142em&nbsp;dw\u00f3ch aut osobowych&nbsp;dosz\u0142o przed ok. godz. 8.20 na drodze krajowej nr 5 w okolicach miejscowo\u015bci Radomierz (woj. dolno\u015bl\u0105skie), \n<a class=\"moretag\" href=\"https:\/\/lifevery.biz.ua\/?p=334\"> [...]<\/a>","protected":false},"author":1,"featured_media":335,"comment_status":"open","ping_status":"open","sticky":false,"template":"","format":"standard","meta":{"footnotes":""},"categories":[1],"tags":[],"class_list":["post-334","post","type-post","status-publish","format-standard","has-post-thumbnail","hentry","category-blog"],"_links":{"self":[{"href":"https:\/\/lifevery.biz.ua\/index.php?rest_route=\/wp\/v2\/posts\/334","targetHints":{"allow":["GET"]}}],"collection":[{"href":"https:\/\/lifevery.biz.ua\/index.php?rest_route=\/wp\/v2\/posts"}],"about":[{"href":"https:\/\/lifevery.biz.ua\/index.php?rest_route=\/wp\/v2\/types\/post"}],"author":[{"embeddable":true,"href":"https:\/\/lifevery.biz.ua\/index.php?rest_route=\/wp\/v2\/users\/1"}],"replies":[{"embeddable":true,"href":"https:\/\/lifevery.biz.ua\/index.php?rest_route=%2Fwp%2Fv2%2Fcomments&post=334"}],"version-history":[{"count":1,"href":"https:\/\/lifevery.biz.ua\/index.php?rest_route=\/wp\/v2\/posts\/334\/revisions"}],"predecessor-version":[{"id":336,"href":"https:\/\/lifevery.biz.ua\/index.php?rest_route=\/wp\/v2\/posts\/334\/revisions\/336"}],"wp:featuredmedia":[{"embeddable":true,"href":"https:\/\/lifevery.biz.ua\/index.php?rest_route=\/wp\/v2\/media\/335"}],"wp:attachment":[{"href":"https:\/\/lifevery.biz.ua\/index.php?rest_route=%2Fwp%2Fv2%2Fmedia&parent=334"}],"wp:term":[{"taxonomy":"category","embeddable":true,"href":"https:\/\/lifevery.biz.ua\/index.php?rest_route=%2Fwp%2Fv2%2Fcategories&post=334"},{"taxonomy":"post_tag","embeddable":true,"href":"https:\/\/lifevery.biz.ua\/index.php?rest_route=%2Fwp%2Fv2%2Ftags&post=334"}],"curies":[{"name":"wp","href":"https:\/\/api.w.org\/{rel}","templated":true}]}}