{"id":3286,"date":"2026-02-15T20:21:21","date_gmt":"2026-02-15T20:21:21","guid":{"rendered":"https:\/\/lifevery.biz.ua\/?p=3286"},"modified":"2026-02-15T20:21:21","modified_gmt":"2026-02-15T20:21:21","slug":"koniec-poszukiwan-policja-znalazla-zwloki-dwaj-mezczyzni-zatrzymani","status":"publish","type":"post","link":"https:\/\/lifevery.biz.ua\/?p=3286","title":{"rendered":"Koniec poszukiwa\u0144, policja znalaz\u0142a zw\u0142oki. Dwaj m\u0119\u017cczy\u017ani zatrzymani"},"content":{"rendered":"\n<p>Spraw\u0119 tego tajemniczego zagini\u0119cia policjanci pr\u00f3bowali rozwik\u0142a\u0107 od lipca 2024 roku. Prawdopodobnie w\u0142a\u015bnie nast\u0105pi\u0142 prze\u0142om &#8211; znaleziono zw\u0142oki. Mundurowi zatrzymali te\u017c dw\u00f3ch podejrzanych i spowodowanie \u015bmierci.<\/p>\n\n\n\n<p>Tajemniczce zagini\u0119cie<br>Sprawa zagini\u0119cia 28-letniego Sebastiana G. by\u0142a owiana aur\u0105 tajemniczo\u015bci. M\u0119\u017cczyzna wyszed\u0142 z domu w niewielkim Myszy\u0144cu (woj. mazowieckie) 13 lipca br. Ostatni raz by\u0142 widziany w okolicy jednego z ko\u015bcio\u0142\u00f3w, p\u00f3\u017aniej s\u0142uch o nim zagin\u0105\u0142. Po trzech dniach rodzina zg\u0142osi\u0142a zagini\u0119cie. Ostro\u0142\u0119ccy policjanci bardzo intensywnie przeszukali okolic\u0119 m.in. przy pomocy dron\u00f3w. Sprawdzono wszystkie miejsca, gdzie m\u00f3g\u0142 przebywa\u0107 28-latek. \u0141\u0105cznie funkcjonariusze przeczesali ponad 650 hektarowy teren, ale nie natrafili na \u017caden \u015blad.<\/p>\n\n\n\n<p>Od ponad 4 miesi\u0119cy ostro\u0142\u0119ccy kryminalni wspierani przez funkcjonariuszy Wydzia\u0142u Kryminalnego, Wydzia\u0142u Poszukiwa\u0144 i Identyfikacji Os\u00f3b Komendy Wojew\u00f3dzkiej Policji zs. w Radomiu oraz Laboratorium Kryminalistycznego KWP zs. w Radomiu pracowali nad zagadkowym zagini\u0119ciem 28-letniego mieszka\u0144ca Myszy\u0144ca &#8211; przekaza\u0142 asp. Marcin Sawicki z zespo\u0142u prasowego KWP w Radomiu.<br><\/p>\n\n\n\n<p>Odnaleziono cia\u0142o m\u0142odego m\u0119\u017cczyzny<br>Mo\u017cliwy prze\u0142om w sprawie nast\u0105pi\u0142 pod koniec listopada. Jak poinformowa\u0142y policja wraz z Prokuratur\u0105 Rejonow\u0105 w Ostro\u0142\u0119ce, prawdopodobnie odnaleziono cia\u0142o zaginionego m\u0119\u017cczyzny. Ostatecznie potwierdzi\u0107 to maj\u0105 badania DNA, jednak mazowieccy funkcjonariusze pisz\u0105 oficjalnie na swojej stronie internetowej, \u017ce \u0142\u0105cz\u0105 odnalezienie cia\u0142a ze spraw\u0105 zagini\u0119cia 28-latka z Myszy\u0144ca.<\/p>\n\n\n\n<p>Dramat na przej\u015bciu dla pieszych, 6-latka uderzona przez osob\u00f3wk\u0119. Pora\u017caj\u0105ce nagranie\u00a0<br><\/p>\n\n\n\n<p>Policja zatrzyma\u0142a podejrzanych<br>W zwi\u0105zku ze spraw\u0105 w czwartek, 28 listopada zatrzymano dw\u00f3ch m\u0119\u017cczyzn w wieku 21 i 26 lat. Obaj to mieszka\u0144cy powiatu ostro\u0142\u0119ckiego. Jak ustali\u0142 portal eOstro\u0142\u0119ka, w pi\u0105tkowy wiecz\u00f3r zostali przewiezieni do Prokuratury Rejonowej w Ostro\u0142\u0119ce.&nbsp;<\/p>\n\n\n\n<p>Na chwil\u0119 obecn\u0105 zatrzymani us\u0142yszeli zarzuty pobicia ze skutkiem \u015bmiertelnym. Nie wykluczone jednak, \u017ce zostan\u0105 zmienione na zab\u00f3jstwo. \u201cZe wst\u0119pnych informacji wynika, \u017ce motyw by\u0142 bardzo osobisty i dotyczy\u0142 prywatnych relacji\u201d &#8211; podaje serwis. W sobot\u0119 (30 listopada) s\u0105d wobec m\u0119\u017cczyzn zastosowa\u0142 3-miesi\u0119czny tymczasowy areszt.<br><\/p>\n","protected":false},"excerpt":{"rendered":"Spraw\u0119 tego tajemniczego zagini\u0119cia policjanci pr\u00f3bowali rozwik\u0142a\u0107 od lipca 2024 roku. Prawdopodobnie w\u0142a\u015bnie nast\u0105pi\u0142 prze\u0142om &#8211; znaleziono zw\u0142oki. Mundurowi zatrzymali te\u017c dw\u00f3ch podejrzanych \n<a class=\"moretag\" href=\"https:\/\/lifevery.biz.ua\/?p=3286\"> [...]<\/a>","protected":false},"author":1,"featured_media":3287,"comment_status":"open","ping_status":"open","sticky":false,"template":"","format":"standard","meta":{"footnotes":""},"categories":[1],"tags":[],"class_list":["post-3286","post","type-post","status-publish","format-standard","has-post-thumbnail","hentry","category-blog"],"_links":{"self":[{"href":"https:\/\/lifevery.biz.ua\/index.php?rest_route=\/wp\/v2\/posts\/3286","targetHints":{"allow":["GET"]}}],"collection":[{"href":"https:\/\/lifevery.biz.ua\/index.php?rest_route=\/wp\/v2\/posts"}],"about":[{"href":"https:\/\/lifevery.biz.ua\/index.php?rest_route=\/wp\/v2\/types\/post"}],"author":[{"embeddable":true,"href":"https:\/\/lifevery.biz.ua\/index.php?rest_route=\/wp\/v2\/users\/1"}],"replies":[{"embeddable":true,"href":"https:\/\/lifevery.biz.ua\/index.php?rest_route=%2Fwp%2Fv2%2Fcomments&post=3286"}],"version-history":[{"count":1,"href":"https:\/\/lifevery.biz.ua\/index.php?rest_route=\/wp\/v2\/posts\/3286\/revisions"}],"predecessor-version":[{"id":3288,"href":"https:\/\/lifevery.biz.ua\/index.php?rest_route=\/wp\/v2\/posts\/3286\/revisions\/3288"}],"wp:featuredmedia":[{"embeddable":true,"href":"https:\/\/lifevery.biz.ua\/index.php?rest_route=\/wp\/v2\/media\/3287"}],"wp:attachment":[{"href":"https:\/\/lifevery.biz.ua\/index.php?rest_route=%2Fwp%2Fv2%2Fmedia&parent=3286"}],"wp:term":[{"taxonomy":"category","embeddable":true,"href":"https:\/\/lifevery.biz.ua\/index.php?rest_route=%2Fwp%2Fv2%2Fcategories&post=3286"},{"taxonomy":"post_tag","embeddable":true,"href":"https:\/\/lifevery.biz.ua\/index.php?rest_route=%2Fwp%2Fv2%2Ftags&post=3286"}],"curies":[{"name":"wp","href":"https:\/\/api.w.org\/{rel}","templated":true}]}}