{"id":3269,"date":"2026-02-15T12:12:49","date_gmt":"2026-02-15T12:12:49","guid":{"rendered":"https:\/\/lifevery.biz.ua\/?p=3269"},"modified":"2026-02-15T12:12:49","modified_gmt":"2026-02-15T12:12:49","slug":"nie-zyje-41-letnia-kobieta-droga-zablokowana-sluzby-w-akcji","status":"publish","type":"post","link":"https:\/\/lifevery.biz.ua\/?p=3269","title":{"rendered":"Nie \u017cyje 41-letnia kobieta. Droga zablokowana, s\u0142u\u017cby w akcji"},"content":{"rendered":"\n<p>ragiczne doniesienia z jednej z polskich miejscowo\u015bci. Na ruchliwym odcinku dosz\u0142o do \u015bmiertelnego wypadku, w kt\u00f3rym zgin\u0105\u0142 41-letni m\u0119\u017cczyzna. Droga zosta\u0142a natychmiast zablokowana. Okoliczno\u015bci zdarzenia s\u0105 wstrz\u0105saj\u0105ce.<\/p>\n\n\n\n<p>Tragiczny wypadek na drodze<br>Do wypadku dosz\u0142o w czwartek, 5 grudnia oko\u0142o godziny 10 na drodze krajowej nr 53, mi\u0119dzy Olsztynem a Szczytnem &#8211; w okolicach miejscowo\u015bci J\u0119cznik (woj. warmi\u0144sko-mazurskie). Na miejsce zdarzenia natychmiast ruszy\u0142y wszystkie s\u0142u\u017cby. Policja poda\u0142a ju\u017c wst\u0119pne ustalenia co do okoliczno\u015bci tragedii.<\/p>\n\n\n\n<p>Koszmar w polskiej miejscowo\u015bci, nagle run\u0119li z wysoko\u015bci. W akcji \u015bmig\u0142owiec LPR\u00a0<br><\/p>\n\n\n\n<p>BMW nagle wypad\u0142o z drogi<br>Jak przekazali mundurowi, kierowca osobowego BMW z nieznanych przyczyn nagle zjecha\u0142 z drogi i wpad\u0142 do rowu. \u201c40-letni m\u0119\u017cczyzna kieruj\u0105cy BMW na \u0142uku drogi straci\u0142 panowanie nad pojazdem i zjecha\u0142 do przydro\u017cnego rowu, gdzie dachowa\u0142, a nast\u0119pnie uderzy\u0142 w drzewo\u201d &#8211; przekaza\u0142a mediom sier\u017cant Joanna Manelska z Komendy Powiatowej Policji w Szczytnie.<br><\/p>\n\n\n\n<p>W poje\u017adzie znajdowa\u0142a si\u0119 jeszcze jedna osoba<br>M\u0119\u017cczyzna nie jecha\u0142 sam. W poje\u017adzie znajdowa\u0142a si\u0119 r\u00f3wnie\u017c 41-letnia kobieta. \u201cM\u0119\u017cczyzna podr\u00f3\u017cowa\u0142 z 41-letni\u0105 kobiet\u0105, kt\u00f3ra niestety wskutek tego zdarzenia ponios\u0142a \u015bmier\u0107 na miejscu&#8221; &#8211; doda\u0142a sier\u017cant. Joanna Manelska. Na miejscu tragedii pojawili si\u0119 \u015bledczy, kt\u00f3rzy ustal\u0105 szczeg\u00f3\u0142owe okoliczno\u015bci zdarzenia pod nadzorem prokuratora.<\/p>\n\n\n\n<p>Tu\u017c po wypadku odcinek drogi krajowej nr 53 zosta\u0142 ca\u0142kowicie zablokowany, a podr\u00f3\u017cuj\u0105cy byli kierowani na objazdy. \u201cDroga jest zablokowana. Na miejscu s\u0105 prowadzone czynno\u015bci pod nadzorem prokuratora, w celu ustalenia wszystkich okoliczno\u015bci tego tragicznego zdarzenia\u201d &#8211; informowa\u0142a oko\u0142o godz. 11 policjantka ze Szczytna. Na profilu komendy w mediach spo\u0142eczno\u015bciowych nie pojawi\u0142a si\u0119 jeszcze informacja o zako\u0144czeniu utrudnie\u0144 &#8211; stan na godz. 16. S\u0142u\u017cby wyznaczy\u0142y objazdy. Kierowcy jad\u0105cy z miejscowo\u015bci Szczytno, kierowani s\u0105 w kierunku Jedwabna, a w Pasymiu na D\u017awierzuty.<br><\/p>\n","protected":false},"excerpt":{"rendered":"ragiczne doniesienia z jednej z polskich miejscowo\u015bci. Na ruchliwym odcinku dosz\u0142o do \u015bmiertelnego wypadku, w kt\u00f3rym zgin\u0105\u0142 41-letni m\u0119\u017cczyzna. Droga zosta\u0142a natychmiast zablokowana. \n<a class=\"moretag\" href=\"https:\/\/lifevery.biz.ua\/?p=3269\"> [...]<\/a>","protected":false},"author":1,"featured_media":3270,"comment_status":"open","ping_status":"open","sticky":false,"template":"","format":"standard","meta":{"footnotes":""},"categories":[1],"tags":[],"class_list":["post-3269","post","type-post","status-publish","format-standard","has-post-thumbnail","hentry","category-blog"],"_links":{"self":[{"href":"https:\/\/lifevery.biz.ua\/index.php?rest_route=\/wp\/v2\/posts\/3269","targetHints":{"allow":["GET"]}}],"collection":[{"href":"https:\/\/lifevery.biz.ua\/index.php?rest_route=\/wp\/v2\/posts"}],"about":[{"href":"https:\/\/lifevery.biz.ua\/index.php?rest_route=\/wp\/v2\/types\/post"}],"author":[{"embeddable":true,"href":"https:\/\/lifevery.biz.ua\/index.php?rest_route=\/wp\/v2\/users\/1"}],"replies":[{"embeddable":true,"href":"https:\/\/lifevery.biz.ua\/index.php?rest_route=%2Fwp%2Fv2%2Fcomments&post=3269"}],"version-history":[{"count":1,"href":"https:\/\/lifevery.biz.ua\/index.php?rest_route=\/wp\/v2\/posts\/3269\/revisions"}],"predecessor-version":[{"id":3271,"href":"https:\/\/lifevery.biz.ua\/index.php?rest_route=\/wp\/v2\/posts\/3269\/revisions\/3271"}],"wp:featuredmedia":[{"embeddable":true,"href":"https:\/\/lifevery.biz.ua\/index.php?rest_route=\/wp\/v2\/media\/3270"}],"wp:attachment":[{"href":"https:\/\/lifevery.biz.ua\/index.php?rest_route=%2Fwp%2Fv2%2Fmedia&parent=3269"}],"wp:term":[{"taxonomy":"category","embeddable":true,"href":"https:\/\/lifevery.biz.ua\/index.php?rest_route=%2Fwp%2Fv2%2Fcategories&post=3269"},{"taxonomy":"post_tag","embeddable":true,"href":"https:\/\/lifevery.biz.ua\/index.php?rest_route=%2Fwp%2Fv2%2Ftags&post=3269"}],"curies":[{"name":"wp","href":"https:\/\/api.w.org\/{rel}","templated":true}]}}