{"id":310,"date":"2026-01-18T10:56:26","date_gmt":"2026-01-18T10:56:26","guid":{"rendered":"https:\/\/lifevery.biz.ua\/?p=310"},"modified":"2026-01-18T10:56:26","modified_gmt":"2026-01-18T10:56:26","slug":"udzielila-pierwszego-wywiadu-po-smierci-meza-wydobywam-sie-na-powierzchnie","status":"publish","type":"post","link":"https:\/\/lifevery.biz.ua\/?p=310","title":{"rendered":"Udzieli\u0142a pierwszego wywiadu po \u015bmierci m\u0119\u017ca. &#8220;Wydobywam si\u0119 na powierzchni\u0119&#8221;"},"content":{"rendered":"\n<p>W tym artykule:<\/p>\n\n\n\n<p>Trudne po\u017cegnanie<br>Pierwszy wywiad po \u015bmierci m\u0119\u017ca<br>6 grudnia 2025 roku zmar\u0142 Jacek Gulczy\u0144ski \u2014 m\u0105\u017c Ma\u0142gorzaty Ostrowskiej, artysta i fotograf, wsp\u00f3\u0142tw\u00f3rca wielu jej najbardziej rozpoznawalnych zdj\u0119\u0107. Po raz pierwszy od jego \u015bmierci artystka otwarcie opowiedzia\u0142a o tym, co prze\u017cywa.<\/p>\n\n\n\n<p>Trudne po\u017cegnanie<br>Po \u015bmierci ukochanego Ostrowska opublikowa\u0142a w mediach spo\u0142eczno\u015bciowych wzruszaj\u0105cy wpis, w kt\u00f3rym wspomina\u0142a swojego zmar\u0142ego m\u0119\u017ca i jego niezwyk\u0142y talent.<\/p>\n\n\n\n<p>&#8220;Z g\u0142\u0119bokim \u017calem informujemy, \u017ce wczoraj wieczorem, w Hospicjum Palium, odszed\u0142 m\u00f3j m\u0105\u017c i nasz tata, Jacek Gulczy\u0144ski. By\u0142 niezwykle utalentowanym Artyst\u0105: malarzem, grafikiem i fotografikiem. Wsp\u00f3\u0142pracowa\u0142 z szerokim \u015brodowiskiem artystycznym Poznania. To w\u0142a\u015bnie on stworzy\u0142 moje najpopularniejsze fotografie portretowe. W ostatnich latach pasjonowa\u0142 si\u0119 fotografowaniem przyrody, a mini wystaw\u0119 jego fotografii mo\u017cna jeszcze ogl\u0105da\u0107 w Hospicjum Palium&#8221; \u2014 poinformowa\u0142a artystka na Instagramie.<\/p>\n\n\n\n<p>W tym artykule:<\/p>\n\n\n\n<p>Trudne po\u017cegnanie<br>Pierwszy wywiad po \u015bmierci m\u0119\u017ca<br>6 grudnia 2025 roku zmar\u0142 Jacek Gulczy\u0144ski \u2014 m\u0105\u017c Ma\u0142gorzaty Ostrowskiej, artysta i fotograf, wsp\u00f3\u0142tw\u00f3rca wielu jej najbardziej rozpoznawalnych zdj\u0119\u0107. Po raz pierwszy od jego \u015bmierci artystka otwarcie opowiedzia\u0142a o tym, co prze\u017cywa.<\/p>\n\n\n\n<p>Ma\u0142gorzata Ostrowska o The Voice Senior. Kogo obsadzi\u0142aby w roli jurora?<\/p>\n\n\n\n<p>Trudne po\u017cegnanie<br>Po \u015bmierci ukochanego Ostrowska opublikowa\u0142a w mediach spo\u0142eczno\u015bciowych wzruszaj\u0105cy wpis, w kt\u00f3rym wspomina\u0142a swojego zmar\u0142ego m\u0119\u017ca i jego niezwyk\u0142y talent.<\/p>\n\n\n\n<p>&#8220;Z g\u0142\u0119bokim \u017calem informujemy, \u017ce wczoraj wieczorem, w Hospicjum Palium, odszed\u0142 m\u00f3j m\u0105\u017c i nasz tata, Jacek Gulczy\u0144ski. By\u0142 niezwykle utalentowanym Artyst\u0105: malarzem, grafikiem i fotografikiem. Wsp\u00f3\u0142pracowa\u0142 z szerokim \u015brodowiskiem artystycznym Poznania. To w\u0142a\u015bnie on stworzy\u0142 moje najpopularniejsze fotografie portretowe. W ostatnich latach pasjonowa\u0142 si\u0119 fotografowaniem przyrody, a mini wystaw\u0119 jego fotografii mo\u017cna jeszcze ogl\u0105da\u0107 w Hospicjum Palium&#8221; \u2014 poinformowa\u0142a artystka na Instagramie.<\/p>\n\n\n\n<p>Przez lata nie p\u0142aci\u0142a sk\u0142adek. Tak wygl\u0105da jej \u017cycie na emeryturze<br>Przez lata nie p\u0142aci\u0142a sk\u0142adek. Tak wygl\u0105da jej \u017cycie na emeryturze<br>Pierwszy wywiad po \u015bmierci m\u0119\u017ca<br>Teraz, po raz pierwszy od tej straty, artystka zdecydowa\u0142a si\u0119 publicznie opowiedzie\u0107 o tym, jak naprawd\u0119 si\u0119 czuje.<\/p>\n\n\n\n<p>W sobot\u0119, 17 stycznia, Ma\u0142gorzata Ostrowska by\u0142a go\u015bciem programu &#8220;Dzie\u0144 Dobry TVN&#8221;. W rozmowie z Ew\u0105 Drzyzg\u0105 i Krzysztofem Sk\u00f3rzy\u0144skim opowiedzia\u0142a o \u017ca\u0142obie po \u015bmierci m\u0119\u017ca. Zapytana o samopoczucie, przyzna\u0142a, \u017ce powoli dochodzi do siebie. &#8211; Dobrze. \u017be tak powiem, wydobywam si\u0119 na powierzchni\u0119 &#8211; wyzna\u0142a.<\/p>\n\n\n\n<p>Szczeg\u00f3lnie trudne by\u0142y dla Ostrowskiej minione \u015bwi\u0119ta Bo\u017cego Narodzenia, kt\u00f3re sp\u0119dzi\u0142a bez ukochanego m\u0119\u017ca. &#8211; \u015awi\u0119ta s\u0105 szczeg\u00f3lnymi czasem i jednak zdecydowanie lepiej przebiegaj\u0105 w pe\u0142nej obsadzie. Ale jest taka, a nie inna, sytuacja i z tego te\u017c trzeba si\u0119 podnie\u015b\u0107. Nigdy tego nie do\u015bwiadczy\u0142am, ale przyznaj\u0119, \u017ce s\u0105 momenty, kiedy jest \u017ale, ale s\u0105 te\u017c takie, kiedy jest mi \u0142atwiej &#8211; doda\u0142a.<\/p>\n\n\n\n<p>Ostrowska podkre\u015bli\u0142a, \u017ce \u017ca\u0142oba niesie ze sob\u0105 konsekwencje, kt\u00f3rych wcze\u015bniej si\u0119 nie spodziewa\u0142a. Jak przyzna\u0142a, strata bliskiej osoby odcisn\u0119\u0142a pi\u0119tno nie tylko na jej emocjach, ale r\u00f3wnie\u017c na kondycji organizmu.<\/p>\n\n\n\n<ul class=\"wp-block-list\">\n<li>Nie s\u0105dzi\u0142am, \u017ce taka sytuacja mo\u017ce uderzy\u0107 tak\u017ce fizycznie, bo psychicznie to wiadomo. Okazuje si\u0119, \u017ce traci si\u0119 kondycj\u0119, cz\u0119sto traci si\u0119 te\u017c zdrowie. My\u015bl\u0119, \u017ce tak si\u0119 dzieje, dlatego \u017ce ostatnie miesi\u0105ce by\u0142y skierowane w kompletnie innym kierunku, w kierunku innej osoby i opieki na ni\u0105. Cz\u0142owiek troszeczk\u0119 zapomina o sobie. Ale z tego si\u0119 mo\u017cna podnie\u015b\u0107, z tego si\u0119 trzeba si\u0119 podnie\u015b\u0107 &#8211; przyzna\u0142a w rozmowie na antenie &#8220;Dzie\u0144 Dobry TVN&#8221;.<\/li>\n<\/ul>\n","protected":false},"excerpt":{"rendered":"W tym artykule: Trudne po\u017cegnaniePierwszy wywiad po \u015bmierci m\u0119\u017ca6 grudnia 2025 roku zmar\u0142 Jacek Gulczy\u0144ski \u2014 m\u0105\u017c Ma\u0142gorzaty Ostrowskiej, artysta i fotograf, wsp\u00f3\u0142tw\u00f3rca \n<a class=\"moretag\" href=\"https:\/\/lifevery.biz.ua\/?p=310\"> [...]<\/a>","protected":false},"author":1,"featured_media":311,"comment_status":"open","ping_status":"open","sticky":false,"template":"","format":"standard","meta":{"footnotes":""},"categories":[1],"tags":[],"class_list":["post-310","post","type-post","status-publish","format-standard","has-post-thumbnail","hentry","category-blog"],"_links":{"self":[{"href":"https:\/\/lifevery.biz.ua\/index.php?rest_route=\/wp\/v2\/posts\/310","targetHints":{"allow":["GET"]}}],"collection":[{"href":"https:\/\/lifevery.biz.ua\/index.php?rest_route=\/wp\/v2\/posts"}],"about":[{"href":"https:\/\/lifevery.biz.ua\/index.php?rest_route=\/wp\/v2\/types\/post"}],"author":[{"embeddable":true,"href":"https:\/\/lifevery.biz.ua\/index.php?rest_route=\/wp\/v2\/users\/1"}],"replies":[{"embeddable":true,"href":"https:\/\/lifevery.biz.ua\/index.php?rest_route=%2Fwp%2Fv2%2Fcomments&post=310"}],"version-history":[{"count":1,"href":"https:\/\/lifevery.biz.ua\/index.php?rest_route=\/wp\/v2\/posts\/310\/revisions"}],"predecessor-version":[{"id":312,"href":"https:\/\/lifevery.biz.ua\/index.php?rest_route=\/wp\/v2\/posts\/310\/revisions\/312"}],"wp:featuredmedia":[{"embeddable":true,"href":"https:\/\/lifevery.biz.ua\/index.php?rest_route=\/wp\/v2\/media\/311"}],"wp:attachment":[{"href":"https:\/\/lifevery.biz.ua\/index.php?rest_route=%2Fwp%2Fv2%2Fmedia&parent=310"}],"wp:term":[{"taxonomy":"category","embeddable":true,"href":"https:\/\/lifevery.biz.ua\/index.php?rest_route=%2Fwp%2Fv2%2Fcategories&post=310"},{"taxonomy":"post_tag","embeddable":true,"href":"https:\/\/lifevery.biz.ua\/index.php?rest_route=%2Fwp%2Fv2%2Ftags&post=310"}],"curies":[{"name":"wp","href":"https:\/\/api.w.org\/{rel}","templated":true}]}}