{"id":3051,"date":"2026-02-11T11:21:00","date_gmt":"2026-02-11T11:21:00","guid":{"rendered":"https:\/\/lifevery.biz.ua\/?p=3051"},"modified":"2026-02-11T11:21:00","modified_gmt":"2026-02-11T11:21:00","slug":"karambol-na-s2-setki-aut-stoja-w-korku-na-miejscu-ladowal-smiglowiec-lpr","status":"publish","type":"post","link":"https:\/\/lifevery.biz.ua\/?p=3051","title":{"rendered":"Karambol na S2. Setki aut stoj\u0105 w korku, na miejscu l\u0105dowa\u0142 \u015bmig\u0142owiec LPR"},"content":{"rendered":"\n<p>W pi\u0105tkowe popo\u0142udnie, 28 marca 2025 roku, dosz\u0142o do gro\u017ane wygl\u0105daj\u0105cego wypadku na trasie S2 mi\u0119dzy w\u0119z\u0142ami Konotopa i Opacz. W wyniku zderzenia pi\u0119ciu pojazd\u00f3w droga zosta\u0142a ca\u0142kowicie zablokowana. Na miejscu interweniowa\u0142y s\u0142u\u017cby ratunkowe, w tym Lotnicze Pogotowie Ratunkowe.<\/p>\n\n\n\n<p>Gro\u017ane zderzenie pi\u0119ciu pojazd\u00f3w<br>Do wypadku dosz\u0142o na 460. kilometrze trasy S2 w stron\u0119 Warszawy. Jak podaje TVN Warszawa, w karambolu uczestniczy\u0142y trzy samochody osobowe, bus oraz pojazd ci\u0119\u017carowy.<\/p>\n\n\n\n<p>Na miejscu wyl\u0105dowa\u0142 \u015bmig\u0142owiec Lotniczego Pogotowia Ratunkowego. Jedna osoba potrzebowa\u0142a pomocy medycznej. Droga jest zablokowana w obu kierunkach &#8211; informowa\u0142 po godz. 16 aspirant Micha\u0142 Sk\u0142adanowski z Komendy Powiatowej Pa\u0144stwowej Stra\u017cy Po\u017carnej w Pruszkowie.<\/p>\n\n\n\n<p>Wed\u0142ug wst\u0119pnych ustale\u0144 policji przyczyn\u0105 zdarzenia by\u0142o najechanie osobowego volkswagena na ty\u0142 citroena.<\/p>\n\n\n\n<p>Ten wpad\u0142 na kolejne pojazdy: suzuki, subaru i ci\u0105gnik siod\u0142owy z naczep\u0105 marki Mercedes. W zdarzeniu obra\u017cenia odni\u00f3s\u0142 kierowca citroena, kt\u00f3ry zosta\u0142 zabrany do szpitala &#8211; powiedzia\u0142 sier\u017cant sztabowy Pawe\u0142 Chmura z Komendy Sto\u0142ecznej Policji.<\/p>\n\n\n\n<p>Ewakuacja poszkodowanego<br>Wojew\u00f3dzka Stacja Pogotowia Ratunkowego &#8220;Meditrans&#8221; w Warszawie przekaza\u0142a, \u017ce w jednym z pojazd\u00f3w zakleszczony zosta\u0142 50-letni m\u0119\u017cczyzna.<\/p>\n\n\n\n<p>Z urazem brzucha trafi\u0142 do szpitala &#8211; poinformowa\u0142o pogotowie na platformie X.<br><\/p>\n\n\n\n<p>Dzia\u0142ania ratownicze by\u0142y skomplikowane ze wzgl\u0119du na trudne po\u0142o\u017cenie pojazd\u00f3w i konieczno\u015b\u0107 u\u017cycia specjalistycznego sprz\u0119tu do uwolnienia rannego. Stra\u017cacy musieli rozci\u0105\u0107 elementy nadwozia, aby umo\u017cliwi\u0107 jego bezpieczne wydobycie. Po zabezpieczeniu medycznym poszkodowany zosta\u0142 przetransportowany \u015bmig\u0142owcem LPR do szpitala.<br><\/p>\n\n\n\n<p>Gigantyczne utrudnienia w ruchu<br>Zdarzenie spowodowa\u0142o powa\u017cne utrudnienia w ruchu drogowym. Jak poda\u0142a Generalna Dyrekcja Dr\u00f3g Krajowych i Autostrad, zablokowana zosta\u0142a jezdnia w kierunku Terespola. Utrudnienie powsta\u0142o oko\u0142o godz. 16:15, a przewidywany czas jego trwania to trzy godziny.<\/p>\n\n\n\n<p>Dwa boczne pasy jezdni s\u0105 zablokowane. Pozosta\u0142e trzy pasy jezdni g\u0142\u00f3wnej, oddzielone barierk\u0105, s\u0105 przejezdne &#8211; relacjonowa\u0142 reporter TVN Warszawa Mateusz M\u017cyk.<\/p>\n\n\n\n<p>Utrudnienia rozlewa\u0142y si\u0119 na autostrad\u0119 A2, powoduj\u0105c korki si\u0119gaj\u0105ce kilku kilometr\u00f3w. S\u0142u\u017cby zaapelowa\u0142y do kierowc\u00f3w o unikanie tego odcinka i wybieranie alternatywnych tras. Wiele os\u00f3b utkn\u0119\u0142o w korkach, kt\u00f3re stopniowo zacz\u0119\u0142y si\u0119 roz\u0142adowywa\u0107 dopiero po godzinie 19.<\/p>\n\n\n\n<p>Przyczyny wypadku pod lup\u0105 policji<br>Policja prowadzi dochodzenie w sprawie dok\u0142adnych okoliczno\u015bci zdarzenia. Funkcjonariusze zbieraj\u0105 materia\u0142y dowodowe, w tym nagrania z monitoring\u00f3w drogowych i relacje \u015bwiadk\u00f3w.<\/p>\n\n\n\n<p>S\u0142u\u017cby przypominaj\u0105, \u017ce do podobnych wypadk\u00f3w dochodzi cz\u0119sto na trasach szybkiego ruchu, gdy kierowcy nie zachowuj\u0105 odpowiedniego dystansu mi\u0119dzy pojazdami. Apeluj\u0105 o szczeg\u00f3ln\u0105 ostro\u017cno\u015b\u0107 i przestrzeganie przepis\u00f3w, by unikn\u0105\u0107 tragicznych skutk\u00f3w.<br><\/p>\n","protected":false},"excerpt":{"rendered":"W pi\u0105tkowe popo\u0142udnie, 28 marca 2025 roku, dosz\u0142o do gro\u017ane wygl\u0105daj\u0105cego wypadku na trasie S2 mi\u0119dzy w\u0119z\u0142ami Konotopa i Opacz. W wyniku zderzenia \n<a class=\"moretag\" href=\"https:\/\/lifevery.biz.ua\/?p=3051\"> [...]<\/a>","protected":false},"author":1,"featured_media":3052,"comment_status":"open","ping_status":"open","sticky":false,"template":"","format":"standard","meta":{"footnotes":""},"categories":[1],"tags":[],"class_list":["post-3051","post","type-post","status-publish","format-standard","has-post-thumbnail","hentry","category-blog"],"_links":{"self":[{"href":"https:\/\/lifevery.biz.ua\/index.php?rest_route=\/wp\/v2\/posts\/3051","targetHints":{"allow":["GET"]}}],"collection":[{"href":"https:\/\/lifevery.biz.ua\/index.php?rest_route=\/wp\/v2\/posts"}],"about":[{"href":"https:\/\/lifevery.biz.ua\/index.php?rest_route=\/wp\/v2\/types\/post"}],"author":[{"embeddable":true,"href":"https:\/\/lifevery.biz.ua\/index.php?rest_route=\/wp\/v2\/users\/1"}],"replies":[{"embeddable":true,"href":"https:\/\/lifevery.biz.ua\/index.php?rest_route=%2Fwp%2Fv2%2Fcomments&post=3051"}],"version-history":[{"count":1,"href":"https:\/\/lifevery.biz.ua\/index.php?rest_route=\/wp\/v2\/posts\/3051\/revisions"}],"predecessor-version":[{"id":3053,"href":"https:\/\/lifevery.biz.ua\/index.php?rest_route=\/wp\/v2\/posts\/3051\/revisions\/3053"}],"wp:featuredmedia":[{"embeddable":true,"href":"https:\/\/lifevery.biz.ua\/index.php?rest_route=\/wp\/v2\/media\/3052"}],"wp:attachment":[{"href":"https:\/\/lifevery.biz.ua\/index.php?rest_route=%2Fwp%2Fv2%2Fmedia&parent=3051"}],"wp:term":[{"taxonomy":"category","embeddable":true,"href":"https:\/\/lifevery.biz.ua\/index.php?rest_route=%2Fwp%2Fv2%2Fcategories&post=3051"},{"taxonomy":"post_tag","embeddable":true,"href":"https:\/\/lifevery.biz.ua\/index.php?rest_route=%2Fwp%2Fv2%2Ftags&post=3051"}],"curies":[{"name":"wp","href":"https:\/\/api.w.org\/{rel}","templated":true}]}}