{"id":2986,"date":"2026-02-10T20:13:49","date_gmt":"2026-02-10T20:13:49","guid":{"rendered":"https:\/\/lifevery.biz.ua\/?p=2986"},"modified":"2026-02-10T20:13:49","modified_gmt":"2026-02-10T20:13:49","slug":"powazny-wypadek-autobusu-szkolnego-sa-ranne-dzieci-na-miejscu-mnostwo-sluzb","status":"publish","type":"post","link":"https:\/\/lifevery.biz.ua\/?p=2986","title":{"rendered":"Powa\u017cny wypadek autobusu szkolnego. S\u0105 ranne dzieci, na miejscu mn\u00f3stwo s\u0142u\u017cb"},"content":{"rendered":"\n<p>Wypadek autobusu szkolnego, kt\u00f3rym podr\u00f3\u017cowa\u0142y dzieci wydarzy\u0142 si\u0119 dzi\u015b (tj. we wtorek 20 maja) rano. Wiadomo, jakie by\u0142y okoliczno\u015bci tego incydentu. Niestety, nie zabrak\u0142o poszkodowanych.<\/p>\n\n\n\n<p>Autobus szkolny uleg\u0142 wypadkowi. S\u0105 ranne dzieci<br>We wtorek rano, w miejscowo\u015bci \u0141\u0119gajny w woj. warmi\u0144sko-mazurskim dosz\u0142o do wypadku autobusu szkolnego. Jak podaje portal RMF24.pl, pojazd przewozi\u0142 \u0142\u0105cznie 19 os\u00f3b &#8211; 18 dzieci i jedn\u0105 osob\u0119 doros\u0142\u0105. Na jaw wysz\u0142y kolejne szczeg\u00f3\u0142y.<\/p>\n\n\n\n<p>Ten sam portal poda\u0142, w jaki spos\u00f3b dosz\u0142o do wypadku. M\u0142. bryg. Grzegorz R\u00f3\u017ca\u0144ski, rzecznik prasowy Warmi\u0144sko-Mazurskiego Komendanta Wojew\u00f3dzkiego PSP w rozmowie z RMF FM przekaza\u0142, \u017ce kierowca busa najprawdopodobniej zjecha\u0142 z drogi, a nast\u0119pnie uderzy\u0142 w ogrodzenie budynku mieszkalnego.<\/p>\n\n\n\n<p>W sieci dost\u0119pne s\u0105 zdj\u0119cia z miejsca wypadku. Nie oby\u0142o si\u0119 niestety bez rannych os\u00f3b, w tym dzieci.<br><\/p>\n\n\n\n<p>Dzieci ucierpia\u0142y w wypadku autobusu szkolnego<br>M\u0142. bryg. Grzegorz R\u00f3\u017ca\u0144ski w rozmowie z RMF FM t\u0142umaczy\u0142, dlaczego dosz\u0142o do wypadku autobusu szkolnego z dzie\u0107mi. Ot\u00f3\u017c, kierowca najprawdopodobniej chcia\u0142 unikn\u0105\u0107 potr\u0105cenia pieszego dziecka. Niestety, w wyniku tego incydentu ranny zosta\u0142 nie tylko ucze\u0144, ale tak\u017ce tr\u00f3jka dzieci znajduj\u0105ca si\u0119 w poje\u017adzie. Rzecznik zaznaczy\u0142 w przytaczanej rozmowie, \u017ce zosta\u0142y one przebadane i nie jest wykluczone, \u017ce zostan\u0105 przewiezione do szpitala.<\/p>\n\n\n\n<p>Na tym jednak nie koniec. Portal RMF24.pl donosi, \u017ce kierowca autobusu szkolnego potr\u0105ci\u0142 id\u0105c\u0105 chodnikiem 26-letni\u0105 kobiet\u0119. Zatem, do szpitala trafi\u0142o w sumie 5 os\u00f3b. Chodzi o 4 dzieci i jedn\u0105 poszkodowan\u0105 kobiet\u0119.<\/p>\n\n\n\n<p> Wyj\u0105tkowy gest Andrzeja Dudy po tragedii na UW. Tak uczci\u0142 pami\u0119\u0107 ofiary<br><\/p>\n\n\n\n<p>S\u0142u\u017cby prowadz\u0105 dzia\u0142ania po wypadku autobusu szkolnego z dzie\u0107mi<br>W wyniku zaistnienia wypadku autobusu szkolnego z dzie\u0107mi zablokowana zosta\u0142a ul. Olszty\u0144ska w miejscowo\u015bci \u0141\u0119gajny w powiecie olszty\u0144skim. Niedawno wprowadzono tam ruch wahad\u0142owy. Trwa wyja\u015bnianie dok\u0142adnych okoliczno\u015bci wypadku. Wiadomo, \u017ce pozosta\u0142ym dzieciom podr\u00f3\u017cuj\u0105cym busem nic si\u0119 nie sta\u0142o.<\/p>\n\n\n\n<p>Z miejsca zdarzenia dost\u0119pne s\u0105 zdj\u0119cia. Wida\u0107 na nich rozwalone ogrodzenie oraz prz\u00f3d autobusu szkolnego.<br><\/p>\n","protected":false},"excerpt":{"rendered":"Wypadek autobusu szkolnego, kt\u00f3rym podr\u00f3\u017cowa\u0142y dzieci wydarzy\u0142 si\u0119 dzi\u015b (tj. we wtorek 20 maja) rano. Wiadomo, jakie by\u0142y okoliczno\u015bci tego incydentu. Niestety, nie \n<a class=\"moretag\" href=\"https:\/\/lifevery.biz.ua\/?p=2986\"> [...]<\/a>","protected":false},"author":1,"featured_media":2987,"comment_status":"open","ping_status":"open","sticky":false,"template":"","format":"standard","meta":{"footnotes":""},"categories":[1],"tags":[],"class_list":["post-2986","post","type-post","status-publish","format-standard","has-post-thumbnail","hentry","category-blog"],"_links":{"self":[{"href":"https:\/\/lifevery.biz.ua\/index.php?rest_route=\/wp\/v2\/posts\/2986","targetHints":{"allow":["GET"]}}],"collection":[{"href":"https:\/\/lifevery.biz.ua\/index.php?rest_route=\/wp\/v2\/posts"}],"about":[{"href":"https:\/\/lifevery.biz.ua\/index.php?rest_route=\/wp\/v2\/types\/post"}],"author":[{"embeddable":true,"href":"https:\/\/lifevery.biz.ua\/index.php?rest_route=\/wp\/v2\/users\/1"}],"replies":[{"embeddable":true,"href":"https:\/\/lifevery.biz.ua\/index.php?rest_route=%2Fwp%2Fv2%2Fcomments&post=2986"}],"version-history":[{"count":1,"href":"https:\/\/lifevery.biz.ua\/index.php?rest_route=\/wp\/v2\/posts\/2986\/revisions"}],"predecessor-version":[{"id":2988,"href":"https:\/\/lifevery.biz.ua\/index.php?rest_route=\/wp\/v2\/posts\/2986\/revisions\/2988"}],"wp:featuredmedia":[{"embeddable":true,"href":"https:\/\/lifevery.biz.ua\/index.php?rest_route=\/wp\/v2\/media\/2987"}],"wp:attachment":[{"href":"https:\/\/lifevery.biz.ua\/index.php?rest_route=%2Fwp%2Fv2%2Fmedia&parent=2986"}],"wp:term":[{"taxonomy":"category","embeddable":true,"href":"https:\/\/lifevery.biz.ua\/index.php?rest_route=%2Fwp%2Fv2%2Fcategories&post=2986"},{"taxonomy":"post_tag","embeddable":true,"href":"https:\/\/lifevery.biz.ua\/index.php?rest_route=%2Fwp%2Fv2%2Ftags&post=2986"}],"curies":[{"name":"wp","href":"https:\/\/api.w.org\/{rel}","templated":true}]}}